{"id":19210,"date":"2021-12-22T15:43:07","date_gmt":"2021-12-22T18:43:07","guid":{"rendered":"http:\/\/pedroleopoldo.mg.gov.br\/?p=19210"},"modified":"2021-12-22T15:43:14","modified_gmt":"2021-12-22T18:43:14","slug":"defesa-civil-de-pl-recebe-novos-carros-e-equipamentos","status":"publish","type":"post","link":"https:\/\/arquivo.pedroleopoldo.mg.gov.br\/?p=19210","title":{"rendered":"Defesa Civil de PL recebe novos carros e equipamentos"},"content":{"rendered":"\n<p>Pedro Leopoldo, atrav\u00e9s da Coordenadoria Municipal de Defesa Civil (COMPDEC) participou de um chamamento p\u00fablico do Estado, com o objetivo de distribuir 479 kits de Defesa Civil (uma caminhonete, um notebook, cinco coletes e uma trena digital) para os munic\u00edpios que atenderam aos requisitos estipulados.<\/p>\n\n\n\n<p>Na manh\u00e3 de hoje, a Prefeita Eloisa Helena, juntamente a componentes da COMPDEC compareceu ao Dep\u00f3sito da CEDEC onde recebeu as chaves de uma caminhonete e os demais materiais, que j\u00e1 est\u00e3o \u00e0 disposi\u00e7\u00e3o dos mun\u00edcipes para as a\u00e7\u00f5es de Defesa Civil.<\/p>\n\n\n\n<figure class=\"wp-block-gallery columns-2 is-cropped wp-block-gallery-1 is-layout-flex wp-block-gallery-is-layout-flex\"><ul class=\"blocks-gallery-grid\"><li class=\"blocks-gallery-item\"><figure><img decoding=\"async\" loading=\"lazy\" width=\"1024\" height=\"768\" src=\"http:\/\/pedroleopoldo.mg.gov.br\/wp-content\/uploads\/2021\/12\/WhatsApp-Image-2021-12-22-at-10.35.32-1024x768.jpeg\" alt=\"\" data-id=\"19212\" data-full-url=\"http:\/\/pedroleopoldo.mg.gov.br\/wp-content\/uploads\/2021\/12\/WhatsApp-Image-2021-12-22-at-10.35.32.jpeg\" data-link=\"http:\/\/pedroleopoldo.mg.gov.br\/?attachment_id=19212\" class=\"wp-image-19212\" srcset=\"https:\/\/arquivo.pedroleopoldo.mg.gov.br\/wp-content\/uploads\/2021\/12\/WhatsApp-Image-2021-12-22-at-10.35.32-1024x768.jpeg 1024w, https:\/\/arquivo.pedroleopoldo.mg.gov.br\/wp-content\/uploads\/2021\/12\/WhatsApp-Image-2021-12-22-at-10.35.32-300x225.jpeg 300w, https:\/\/arquivo.pedroleopoldo.mg.gov.br\/wp-content\/uploads\/2021\/12\/WhatsApp-Image-2021-12-22-at-10.35.32-768x576.jpeg 768w, https:\/\/arquivo.pedroleopoldo.mg.gov.br\/wp-content\/uploads\/2021\/12\/WhatsApp-Image-2021-12-22-at-10.35.32-1536x1152.jpeg 1536w, https:\/\/arquivo.pedroleopoldo.mg.gov.br\/wp-content\/uploads\/2021\/12\/WhatsApp-Image-2021-12-22-at-10.35.32.jpeg 1600w\" sizes=\"(max-width: 1024px) 100vw, 1024px\" \/><\/figure><\/li><li class=\"blocks-gallery-item\"><figure><img decoding=\"async\" loading=\"lazy\" width=\"1024\" height=\"768\" src=\"http:\/\/pedroleopoldo.mg.gov.br\/wp-content\/uploads\/2021\/12\/WhatsApp-Image-2021-12-22-at-10.35.31-1-1024x768.jpeg\" alt=\"\" data-id=\"19213\" data-full-url=\"http:\/\/pedroleopoldo.mg.gov.br\/wp-content\/uploads\/2021\/12\/WhatsApp-Image-2021-12-22-at-10.35.31-1.jpeg\" data-link=\"http:\/\/pedroleopoldo.mg.gov.br\/?attachment_id=19213\" class=\"wp-image-19213\" srcset=\"https:\/\/arquivo.pedroleopoldo.mg.gov.br\/wp-content\/uploads\/2021\/12\/WhatsApp-Image-2021-12-22-at-10.35.31-1-1024x768.jpeg 1024w, https:\/\/arquivo.pedroleopoldo.mg.gov.br\/wp-content\/uploads\/2021\/12\/WhatsApp-Image-2021-12-22-at-10.35.31-1-300x225.jpeg 300w, https:\/\/arquivo.pedroleopoldo.mg.gov.br\/wp-content\/uploads\/2021\/12\/WhatsApp-Image-2021-12-22-at-10.35.31-1-768x576.jpeg 768w, https:\/\/arquivo.pedroleopoldo.mg.gov.br\/wp-content\/uploads\/2021\/12\/WhatsApp-Image-2021-12-22-at-10.35.31-1-1536x1152.jpeg 1536w, https:\/\/arquivo.pedroleopoldo.mg.gov.br\/wp-content\/uploads\/2021\/12\/WhatsApp-Image-2021-12-22-at-10.35.31-1.jpeg 1600w\" sizes=\"(max-width: 1024px) 100vw, 1024px\" \/><\/figure><\/li><\/ul><\/figure>\n","protected":false},"excerpt":{"rendered":"<p>Pedro Leopoldo, atrav\u00e9s da Coordenadoria Municipal de Defesa Civil (COMPDEC) participou de um chamamento p\u00fablico do Estado, com o objetivo de distribuir 479 kits de Defesa Civil (uma caminhonete, um notebook, cinco coletes e uma trena digital) para os munic\u00edpios que atenderam aos requisitos estipulados. Na manh\u00e3 de hoje, a Prefeita Eloisa Helena, juntamente a &hellip; <a href=\"https:\/\/arquivo.pedroleopoldo.mg.gov.br\/?p=19210\" class=\"more-link\">Continuar lendo <span class=\"screen-reader-text\">Defesa Civil de PL recebe novos carros e equipamentos<\/span><\/a><\/p>\n","protected":false},"author":1,"featured_media":19211,"comment_status":"closed","ping_status":"closed","sticky":false,"template":"","format":"standard","meta":{"footnotes":""},"categories":[4],"tags":[],"_links":{"self":[{"href":"https:\/\/arquivo.pedroleopoldo.mg.gov.br\/index.php?rest_route=\/wp\/v2\/posts\/19210"}],"collection":[{"href":"https:\/\/arquivo.pedroleopoldo.mg.gov.br\/index.php?rest_route=\/wp\/v2\/posts"}],"about":[{"href":"https:\/\/arquivo.pedroleopoldo.mg.gov.br\/index.php?rest_route=\/wp\/v2\/types\/post"}],"author":[{"embeddable":true,"href":"https:\/\/arquivo.pedroleopoldo.mg.gov.br\/index.php?rest_route=\/wp\/v2\/users\/1"}],"replies":[{"embeddable":true,"href":"https:\/\/arquivo.pedroleopoldo.mg.gov.br\/index.php?rest_route=%2Fwp%2Fv2%2Fcomments&post=19210"}],"version-history":[{"count":0,"href":"https:\/\/arquivo.pedroleopoldo.mg.gov.br\/index.php?rest_route=\/wp\/v2\/posts\/19210\/revisions"}],"wp:featuredmedia":[{"embeddable":true,"href":"https:\/\/arquivo.pedroleopoldo.mg.gov.br\/index.php?rest_route=\/wp\/v2\/media\/19211"}],"wp:attachment":[{"href":"https:\/\/arquivo.pedroleopoldo.mg.gov.br\/index.php?rest_route=%2Fwp%2Fv2%2Fmedia&parent=19210"}],"wp:term":[{"taxonomy":"category","embeddable":true,"href":"https:\/\/arquivo.pedroleopoldo.mg.gov.br\/index.php?rest_route=%2Fwp%2Fv2%2Fcategories&post=19210"},{"taxonomy":"post_tag","embeddable":true,"href":"https:\/\/arquivo.pedroleopoldo.mg.gov.br\/index.php?rest_route=%2Fwp%2Fv2%2Ftags&post=19210"}],"curies":[{"name":"wp","href":"https:\/\/api.w.org\/{rel}","templated":true}]}}