{"id":19111,"date":"2021-12-03T12:48:15","date_gmt":"2021-12-03T15:48:15","guid":{"rendered":"http:\/\/pedroleopoldo.mg.gov.br\/?p=19111"},"modified":"2021-12-13T12:38:24","modified_gmt":"2021-12-13T15:38:24","slug":"confira-o-resultado-da-lei-aldir-blanc-2021","status":"publish","type":"post","link":"https:\/\/arquivo.pedroleopoldo.mg.gov.br\/?p=19111","title":{"rendered":"Confira o resultado da Lei Aldir Blanc 2021"},"content":{"rendered":"\n<p><em>Atualizado em 13\/12 <\/em><\/p>\n\n\n\n<p>A Prefeitura de Pedro Leopoldo por meio da Secretaria Municipal de Cultura, Esportes, Lazer, Juventude e Turismo informa que est\u00e1 publicada a Ata de An\u00e1lise da Lei Aldir Blanc 2021. O resultado foi avaliado seguindo os par\u00e2metros descritos no Edital de Chamamento P\u00fablico n\u00ba 002\/2021. O link est\u00e1 dispon\u00edvel em nossos stories.<\/p>\n\n\n\n<p><strong>Lista Aprovados (Individual e Grupos)<\/strong><\/p>\n\n\n<a href=\"https:\/\/pedroleopoldo.mg.gov.br\/wp-content\/uploads\/2021\/12\/APROVADOS-INDIVIDUAL-ALDIR-BLANC-2021.pdf\" class=\"pdfemb-viewer\" style=\"\" data-width=\"max\" data-height=\"max\" data-toolbar=\"both\" data-toolbar-fixed=\"on\">APROVADOS-INDIVIDUAL-ALDIR-BLANC-2021<\/a>\n<p class=\"wp-block-pdfemb-pdf-embedder-viewer\"><\/p>\n\n\n<a href=\"https:\/\/pedroleopoldo.mg.gov.br\/wp-content\/uploads\/2021\/12\/APROVADOS-GRUPOS-ALDIR-BLANC-2021.pdf\" class=\"pdfemb-viewer\" style=\"\" data-width=\"max\" data-height=\"max\" data-toolbar=\"both\" data-toolbar-fixed=\"on\">APROVADOS-GRUPOS-ALDIR-BLANC-2021<\/a>\n<p class=\"wp-block-pdfemb-pdf-embedder-viewer\"><\/p>\n\n\n\n<p><strong>Lista Indeferidos (Individual e Grupos)<\/strong><\/p>\n\n\n<a href=\"https:\/\/pedroleopoldo.mg.gov.br\/wp-content\/uploads\/2021\/12\/INDEFERIDOS-GRUPOS-ALDIR-BLANC-2021.pdf\" class=\"pdfemb-viewer\" style=\"\" data-width=\"max\" data-height=\"max\" data-toolbar=\"both\" data-toolbar-fixed=\"on\">INDEFERIDOS-GRUPOS-ALDIR-BLANC-2021<\/a>\n<p class=\"wp-block-pdfemb-pdf-embedder-viewer\"><\/p>\n\n\n<a href=\"https:\/\/pedroleopoldo.mg.gov.br\/wp-content\/uploads\/2021\/12\/INDEFERIDOS-INDIVIDUAL-ALDIR-BLANC-2021.pdf\" class=\"pdfemb-viewer\" style=\"\" data-width=\"max\" data-height=\"max\" data-toolbar=\"both\" data-toolbar-fixed=\"on\">INDEFERIDOS-INDIVIDUAL-ALDIR-BLANC-2021<\/a>\n<p class=\"wp-block-pdfemb-pdf-embedder-viewer\"><\/p>\n\n\n\n<p><strong>Errata<\/strong> <\/p>\n\n\n<a href=\"https:\/\/pedroleopoldo.mg.gov.br\/wp-content\/uploads\/2021\/12\/Retifica\u00e7\u00e3o-Marcelo-Germano.pdf\" class=\"pdfemb-viewer\" style=\"\" data-width=\"max\" data-height=\"max\" data-toolbar=\"both\" data-toolbar-fixed=\"on\">Retifica\u00e7\u00e3o-Marcelo-Germano<\/a>\n<p class=\"wp-block-pdfemb-pdf-embedder-viewer\"><\/p>\n\n\n\n<figure class=\"wp-block-image size-large\"><img decoding=\"async\" loading=\"lazy\" width=\"709\" height=\"1024\" src=\"http:\/\/pedroleopoldo.mg.gov.br\/wp-content\/uploads\/2021\/12\/WhatsApp-Image-2021-12-06-at-18.02.41.jpeg\" alt=\"\" class=\"wp-image-19122\" srcset=\"https:\/\/arquivo.pedroleopoldo.mg.gov.br\/wp-content\/uploads\/2021\/12\/WhatsApp-Image-2021-12-06-at-18.02.41.jpeg 709w, https:\/\/arquivo.pedroleopoldo.mg.gov.br\/wp-content\/uploads\/2021\/12\/WhatsApp-Image-2021-12-06-at-18.02.41-208x300.jpeg 208w\" sizes=\"(max-width: 709px) 100vw, 709px\" \/><\/figure>\n\n\n\n<p>Lista Recursos<\/p>\n\n\n<a href=\"https:\/\/pedroleopoldo.mg.gov.br\/wp-content\/uploads\/2021\/12\/recurso-Frederico-da-Silva.pdf\" class=\"pdfemb-viewer\" style=\"\" data-width=\"max\" data-height=\"max\" data-toolbar=\"both\" data-toolbar-fixed=\"on\">recurso-Frederico-da-Silva<\/a>\n<p class=\"wp-block-pdfemb-pdf-embedder-viewer\"><\/p>\n\n\n<a href=\"https:\/\/pedroleopoldo.mg.gov.br\/wp-content\/uploads\/2021\/12\/recurso-Marcelo-Germano.pdf\" class=\"pdfemb-viewer\" style=\"\" data-width=\"max\" data-height=\"max\" data-toolbar=\"both\" data-toolbar-fixed=\"on\">recurso-Marcelo-Germano<\/a>\n<p class=\"wp-block-pdfemb-pdf-embedder-viewer\"><\/p>\n\n\n<a href=\"https:\/\/pedroleopoldo.mg.gov.br\/wp-content\/uploads\/2021\/12\/recurso-Gustavo-Guedes.pdf\" class=\"pdfemb-viewer\" style=\"\" data-width=\"max\" data-height=\"max\" data-toolbar=\"both\" data-toolbar-fixed=\"on\">recurso-Gustavo-Guedes<\/a>\n<p class=\"wp-block-pdfemb-pdf-embedder-viewer\"><\/p>\n\n\n\n<p><\/p>\n","protected":false},"excerpt":{"rendered":"<p>Atualizado em 13\/12 A Prefeitura de Pedro Leopoldo por meio da Secretaria Municipal de Cultura, Esportes, Lazer, Juventude e Turismo informa que est\u00e1 publicada a Ata de An\u00e1lise da Lei Aldir Blanc 2021. O resultado foi avaliado seguindo os par\u00e2metros descritos no Edital de Chamamento P\u00fablico n\u00ba 002\/2021. O link est\u00e1 dispon\u00edvel em nossos stories. &hellip; <a href=\"https:\/\/arquivo.pedroleopoldo.mg.gov.br\/?p=19111\" class=\"more-link\">Continuar lendo <span class=\"screen-reader-text\">Confira o resultado da Lei Aldir Blanc 2021<\/span><\/a><\/p>\n","protected":false},"author":1,"featured_media":19112,"comment_status":"closed","ping_status":"closed","sticky":false,"template":"","format":"standard","meta":{"footnotes":""},"categories":[4],"tags":[],"_links":{"self":[{"href":"https:\/\/arquivo.pedroleopoldo.mg.gov.br\/index.php?rest_route=\/wp\/v2\/posts\/19111"}],"collection":[{"href":"https:\/\/arquivo.pedroleopoldo.mg.gov.br\/index.php?rest_route=\/wp\/v2\/posts"}],"about":[{"href":"https:\/\/arquivo.pedroleopoldo.mg.gov.br\/index.php?rest_route=\/wp\/v2\/types\/post"}],"author":[{"embeddable":true,"href":"https:\/\/arquivo.pedroleopoldo.mg.gov.br\/index.php?rest_route=\/wp\/v2\/users\/1"}],"replies":[{"embeddable":true,"href":"https:\/\/arquivo.pedroleopoldo.mg.gov.br\/index.php?rest_route=%2Fwp%2Fv2%2Fcomments&post=19111"}],"version-history":[{"count":0,"href":"https:\/\/arquivo.pedroleopoldo.mg.gov.br\/index.php?rest_route=\/wp\/v2\/posts\/19111\/revisions"}],"wp:featuredmedia":[{"embeddable":true,"href":"https:\/\/arquivo.pedroleopoldo.mg.gov.br\/index.php?rest_route=\/wp\/v2\/media\/19112"}],"wp:attachment":[{"href":"https:\/\/arquivo.pedroleopoldo.mg.gov.br\/index.php?rest_route=%2Fwp%2Fv2%2Fmedia&parent=19111"}],"wp:term":[{"taxonomy":"category","embeddable":true,"href":"https:\/\/arquivo.pedroleopoldo.mg.gov.br\/index.php?rest_route=%2Fwp%2Fv2%2Fcategories&post=19111"},{"taxonomy":"post_tag","embeddable":true,"href":"https:\/\/arquivo.pedroleopoldo.mg.gov.br\/index.php?rest_route=%2Fwp%2Fv2%2Ftags&post=19111"}],"curies":[{"name":"wp","href":"https:\/\/api.w.org\/{rel}","templated":true}]}}