{"id":18839,"date":"2021-11-11T07:06:00","date_gmt":"2021-11-11T10:06:00","guid":{"rendered":"http:\/\/pedroleopoldo.mg.gov.br\/?p=18839"},"modified":"2021-11-10T14:06:30","modified_gmt":"2021-11-10T17:06:30","slug":"prefeita-de-pedro-leopoldo-vai-a-brasilia-pela-instalacao-da-heineken-em-pl","status":"publish","type":"post","link":"https:\/\/arquivo.pedroleopoldo.mg.gov.br\/?p=18839","title":{"rendered":"Prefeita de Pedro Leopoldo vai \u00e0 Bras\u00edlia pela instala\u00e7\u00e3o da Heineken em PL"},"content":{"rendered":"\n<p>A Prefeita Eloisa Helena, representando o munic\u00edpio de Pedro Leopoldo, acompanhada do Chefe de Gabinete \u00c2ngelo Tadeu, juntamente com o Deputado Federal Gilberto Abramo, membro de uma bancada de 31 deputados do partido Republicano, esteve em Bras\u00edlia onde se reuniu com os respons\u00e1veis pelo ICMbio, Marcos Aur\u00e9lio Ven\u00e2ncio e Marcos de Castro Simanovic, para se inteirar sobre a tramita\u00e7\u00e3o do processo de licenciamento da Heineken e solicitando uma aten\u00e7\u00e3o especial. <\/p>\n\n\n\n<p>Na ocasi\u00e3o, Eloisa e Tadeu colocaram o Munic\u00edpio \u00e0 disposi\u00e7\u00e3o para quaisquer informa\u00e7\u00f5es ou a\u00e7\u00f5es, se necess\u00e1rio. A Prefeita e o Chefe de Gabinete tamb\u00e9m mantiveram contato com os deputados Lincoln Portela da bancada do PL, Eros Biondini e Mauro Lopes, parceiros da atual gest\u00e3o, que reiteraram o compromisso de estarem envidando esfor\u00e7os para que a empresa se instale no munic\u00edpio. <\/p>\n\n\n\n<p>Eloisa e Tadeu estiveram tamb\u00e9m em contato com o Presidente do Senado, Senador Rodrigo Pacheco, que tamb\u00e9m abra\u00e7ou a causa.<\/p>\n\n\n\n<p><\/p>\n","protected":false},"excerpt":{"rendered":"<p>A Prefeita Eloisa Helena, representando o munic\u00edpio de Pedro Leopoldo, acompanhada do Chefe de Gabinete \u00c2ngelo Tadeu, juntamente com o Deputado Federal Gilberto Abramo, membro de uma bancada de 31 deputados do partido Republicano, esteve em Bras\u00edlia onde se reuniu com os respons\u00e1veis pelo ICMbio, Marcos Aur\u00e9lio Ven\u00e2ncio e Marcos de Castro Simanovic, para se &hellip; <a href=\"https:\/\/arquivo.pedroleopoldo.mg.gov.br\/?p=18839\" class=\"more-link\">Continuar lendo <span class=\"screen-reader-text\">Prefeita de Pedro Leopoldo vai \u00e0 Bras\u00edlia pela instala\u00e7\u00e3o da Heineken em PL<\/span><\/a><\/p>\n","protected":false},"author":1,"featured_media":18840,"comment_status":"closed","ping_status":"closed","sticky":false,"template":"","format":"standard","meta":{"footnotes":""},"categories":[4],"tags":[],"_links":{"self":[{"href":"https:\/\/arquivo.pedroleopoldo.mg.gov.br\/index.php?rest_route=\/wp\/v2\/posts\/18839"}],"collection":[{"href":"https:\/\/arquivo.pedroleopoldo.mg.gov.br\/index.php?rest_route=\/wp\/v2\/posts"}],"about":[{"href":"https:\/\/arquivo.pedroleopoldo.mg.gov.br\/index.php?rest_route=\/wp\/v2\/types\/post"}],"author":[{"embeddable":true,"href":"https:\/\/arquivo.pedroleopoldo.mg.gov.br\/index.php?rest_route=\/wp\/v2\/users\/1"}],"replies":[{"embeddable":true,"href":"https:\/\/arquivo.pedroleopoldo.mg.gov.br\/index.php?rest_route=%2Fwp%2Fv2%2Fcomments&post=18839"}],"version-history":[{"count":0,"href":"https:\/\/arquivo.pedroleopoldo.mg.gov.br\/index.php?rest_route=\/wp\/v2\/posts\/18839\/revisions"}],"wp:featuredmedia":[{"embeddable":true,"href":"https:\/\/arquivo.pedroleopoldo.mg.gov.br\/index.php?rest_route=\/wp\/v2\/media\/18840"}],"wp:attachment":[{"href":"https:\/\/arquivo.pedroleopoldo.mg.gov.br\/index.php?rest_route=%2Fwp%2Fv2%2Fmedia&parent=18839"}],"wp:term":[{"taxonomy":"category","embeddable":true,"href":"https:\/\/arquivo.pedroleopoldo.mg.gov.br\/index.php?rest_route=%2Fwp%2Fv2%2Fcategories&post=18839"},{"taxonomy":"post_tag","embeddable":true,"href":"https:\/\/arquivo.pedroleopoldo.mg.gov.br\/index.php?rest_route=%2Fwp%2Fv2%2Ftags&post=18839"}],"curies":[{"name":"wp","href":"https:\/\/api.w.org\/{rel}","templated":true}]}}