{"id":18831,"date":"2021-11-11T07:02:00","date_gmt":"2021-11-11T10:02:00","guid":{"rendered":"http:\/\/pedroleopoldo.mg.gov.br\/?p=18831"},"modified":"2021-11-10T14:14:42","modified_gmt":"2021-11-10T17:14:42","slug":"cras-ate-voce-realiza-mais-de-250-atendimentos-nos-ultimos-30-dias","status":"publish","type":"post","link":"https:\/\/arquivo.pedroleopoldo.mg.gov.br\/?p=18831","title":{"rendered":"Cras At\u00e9 voc\u00ea realiza mais de 250 atendimentos nos \u00faltimos 30 dias"},"content":{"rendered":"\n<p><em><em>Mais de 400 servi\u00e7os foram ofertados no mesmo per\u00edodo, incluindo quase 200 benef\u00edcios Aux\u00edlio &#8211; Alimenta\u00e7\u00e3o<\/em><\/em><\/p>\n\n\n\n<p>No Centro de Refer\u00eancia de Assist\u00eancia Social (CRAS) s\u00e3o oferecidos servi\u00e7os com o objetivo de fortalecer a conviv\u00eancia com a fam\u00edlia e com a comunidade. O CRAS&nbsp;possibilita o acesso da popula\u00e7\u00e3o aos servi\u00e7os, benef\u00edcios e projetos de assist\u00eancia social. O CRAS&nbsp;oferta o Servi\u00e7o de Prote\u00e7\u00e3o e Atendimento Integral \u00e0 Fam\u00edlia (PAIF) e o Servi\u00e7o de Conviv\u00eancia e Fortalecimento de V\u00ednculos (SCFV). No CRAS os cidad\u00e3os tamb\u00e9m s\u00e3o orientados sobre os benef\u00edcios assistenciais e podem ser inscritos no Cadastro \u00danico para Programas Sociais do Governo Federal.<\/p>\n\n\n\n<p>O p\u00fablico atendido pelo CRAS&nbsp;s\u00e3o fam\u00edlias e indiv\u00edduos em situa\u00e7\u00e3o desprote\u00e7\u00e3o&nbsp;e vulnerabilidade socioecon\u00f4mica, pessoas com defici\u00eancia, idosos, crian\u00e7as retiradas do trabalho infantil, pessoas inseridas no Cadastro \u00danico, benefici\u00e1rios do Programa Bolsa Fam\u00edlia e do Benef\u00edcio de Presta\u00e7\u00e3o Continuada (BPC), entre outros.<\/p>\n\n\n\n<p><strong>CRAS AT\u00c9 VOC\u00ca<\/strong><\/p>\n\n\n\n<p>O CRAS AT\u00c9 VOC\u00ca atende localidades distantes e de dif\u00edcil acesso pela popula\u00e7\u00e3o em situa\u00e7\u00e3o de vulnerabilidade social. Na a\u00e7\u00e3o itinerante os servi\u00e7os e benef\u00edcios socioassistenciais s\u00e3o oferecidos atrav\u00e9s de atendimentos t\u00e9cnicos e entrevistas socioecon\u00f4micas. \u201cO Cras \u00e9 a porta de entrada para a popula\u00e7\u00e3o vulner\u00e1vel ter acesso aos programas,&nbsp;projetos,&nbsp;benef\u00edcios e servi\u00e7os sociais. Tamb\u00e9m&nbsp;atrav\u00e9s do&nbsp;Cras que podem ser&nbsp;feitos os encaminhamentos para outros&nbsp;servi\u00e7os e demandas oferecidos&nbsp;pelo SUAS, como as&nbsp;do Centro de Refer\u00eancia Especializado em Assist\u00eancia Social (CREAS). Ainda no Cras o cidad\u00e3o consegue fazer a sua inscri\u00e7\u00e3o e atualiza\u00e7\u00e3o do Cadastro \u00danico do governo federal, pr\u00e9-requisito para receber aux\u00edlios federais como o Bolsa Fam\u00edlia e o Benef\u00edcio de Presta\u00e7\u00e3o Continuada (BPC). Para facilitar esses atendimentos, A&nbsp;atual&nbsp;gest\u00e3o implantou o<strong>&nbsp;CRAS AT\u00c9 VOC\u00ca<\/strong>, a\u00e7\u00e3o&nbsp;itinerante que leva os servi\u00e7os&nbsp;e benef\u00edcios&nbsp;ofertados aos bairros mais distantes dos equipamentos CRAS SUL e CRAS NORTE, com o objetivo de facilitar a vida dessas pessoas em situa\u00e7\u00e3o vulnerabilidade, que, por diversas dificuldades n\u00e3o conseguem ir \u00e0s unidades fixas de atendimento\u201d&nbsp;destaca a Secret\u00e1ria de Desenvolvimento Social, Viviane Sena.<\/p>\n\n\n\n<p>Somente entre os dias 23 de setembro e 28 de outubro foram realizados 29 atendimentos em Santo Ant\u00f4nio da Barra, 65 atendimentos em Fidalgo, 32 atendimentos em Quinta do Sumidouro e 127 atendimentos em Lagoa de Santo Ant\u00f4nio, destacando-se 42 isen\u00e7\u00f5es da taxa de 2\u00aa via de documentos pessoais, 148 novos cadastros a atualiza\u00e7\u00e3o do Cad\u00danico e Bolsa Fam\u00edlias e 163 benef\u00edcios Aux\u00edlio &#8211; Alimenta\u00e7\u00e3o.<\/p>\n\n\n\n<p>A solicita\u00e7\u00e3o deste e de outros servi\u00e7os podem ser agendados diariamente no Cras SUL, CRAS NORTE das 8 \u00e0s 17 horas. Os telefones para mais informa\u00e7\u00f5es s\u00e3o: Cras Sul \u2013 3662-3780 e Cras Norte \u2013 3660-8234.<\/p>\n\n\n\n<p><strong>Mais<\/strong><\/p>\n\n\n\n<p>Al\u00e9m dos servi\u00e7os do Cras At\u00e9 Voc\u00ea, a SMDS&nbsp;oferece v\u00e1rios outros, entre eles, o Aux\u00edlio-Funeral. Somente este ano j\u00e1 foram 75 vel\u00f3rios autorizados e 34 isen\u00e7\u00f5es de taxas de sepultamento.<\/p>\n\n\n\n<p>As solicita\u00e7\u00f5es para o beneficio Aux\u00edlio-funeral podem ser solicitadas no Plant\u00e3o Social: 988145595 (dispon\u00edvel 24horas).<\/p>\n\n\n\n<p>Secretaria de Desenvolvimento Social: 3662-3859<\/p>\n\n\n\n<p>Endere\u00e7o: Rua Nossa Senhora das Gra\u00e7as, 701 &#8211; Centro, Pedro Leopoldo<\/p>\n\n\n\n<p><\/p>\n","protected":false},"excerpt":{"rendered":"<p>Mais de 400 servi\u00e7os foram ofertados no mesmo per\u00edodo, incluindo quase 200 benef\u00edcios Aux\u00edlio &#8211; Alimenta\u00e7\u00e3o No Centro de Refer\u00eancia de Assist\u00eancia Social (CRAS) s\u00e3o oferecidos servi\u00e7os com o objetivo de fortalecer a conviv\u00eancia com a fam\u00edlia e com a comunidade. O CRAS&nbsp;possibilita o acesso da popula\u00e7\u00e3o aos servi\u00e7os, benef\u00edcios e projetos de assist\u00eancia social. &hellip; <a href=\"https:\/\/arquivo.pedroleopoldo.mg.gov.br\/?p=18831\" class=\"more-link\">Continuar lendo <span class=\"screen-reader-text\">Cras At\u00e9 voc\u00ea realiza mais de 250 atendimentos nos \u00faltimos 30 dias<\/span><\/a><\/p>\n","protected":false},"author":1,"featured_media":18832,"comment_status":"closed","ping_status":"closed","sticky":false,"template":"","format":"standard","meta":{"footnotes":""},"categories":[4],"tags":[],"_links":{"self":[{"href":"https:\/\/arquivo.pedroleopoldo.mg.gov.br\/index.php?rest_route=\/wp\/v2\/posts\/18831"}],"collection":[{"href":"https:\/\/arquivo.pedroleopoldo.mg.gov.br\/index.php?rest_route=\/wp\/v2\/posts"}],"about":[{"href":"https:\/\/arquivo.pedroleopoldo.mg.gov.br\/index.php?rest_route=\/wp\/v2\/types\/post"}],"author":[{"embeddable":true,"href":"https:\/\/arquivo.pedroleopoldo.mg.gov.br\/index.php?rest_route=\/wp\/v2\/users\/1"}],"replies":[{"embeddable":true,"href":"https:\/\/arquivo.pedroleopoldo.mg.gov.br\/index.php?rest_route=%2Fwp%2Fv2%2Fcomments&post=18831"}],"version-history":[{"count":0,"href":"https:\/\/arquivo.pedroleopoldo.mg.gov.br\/index.php?rest_route=\/wp\/v2\/posts\/18831\/revisions"}],"wp:featuredmedia":[{"embeddable":true,"href":"https:\/\/arquivo.pedroleopoldo.mg.gov.br\/index.php?rest_route=\/wp\/v2\/media\/18832"}],"wp:attachment":[{"href":"https:\/\/arquivo.pedroleopoldo.mg.gov.br\/index.php?rest_route=%2Fwp%2Fv2%2Fmedia&parent=18831"}],"wp:term":[{"taxonomy":"category","embeddable":true,"href":"https:\/\/arquivo.pedroleopoldo.mg.gov.br\/index.php?rest_route=%2Fwp%2Fv2%2Fcategories&post=18831"},{"taxonomy":"post_tag","embeddable":true,"href":"https:\/\/arquivo.pedroleopoldo.mg.gov.br\/index.php?rest_route=%2Fwp%2Fv2%2Ftags&post=18831"}],"curies":[{"name":"wp","href":"https:\/\/api.w.org\/{rel}","templated":true}]}}