{"id":18822,"date":"2021-11-11T07:00:00","date_gmt":"2021-11-11T10:00:00","guid":{"rendered":"http:\/\/pedroleopoldo.mg.gov.br\/?p=18822"},"modified":"2021-11-10T14:14:52","modified_gmt":"2021-11-10T17:14:52","slug":"prefeita-eloisa-helena-participa-da-inauguracao-do-procon","status":"publish","type":"post","link":"https:\/\/arquivo.pedroleopoldo.mg.gov.br\/?p=18822","title":{"rendered":"Prefeita Eloisa Helena participa da inaugura\u00e7\u00e3o do PROCON"},"content":{"rendered":"\n<p><em>O novo posto do Procon&nbsp;C\u00e2mara&nbsp;tem o apoio da Prefeitura e passa a funcionar na rua Dr. Cristiano Otoni, 735, no mesmo local onde funciona o CAC<\/em><\/p>\n\n\n\n<p>Foi inaugurado na \u00faltima sexta-feira, 05 de novembro, em Pedro Leopoldo, o \u00f3rg\u00e3o de Prote\u00e7\u00e3o e Defesa do Consumidor, o PROCON&nbsp;C\u00e2mara. \u00c9 a primeira vez que o munic\u00edpio tem este posto de atendimento, sendo uma das poucas mais de 30 cidades do estado a contar com este servi\u00e7o.<\/p>\n\n\n\n<p>A cerim\u00f4nia aconteceu no plen\u00e1rio da C\u00e2mara Municipal e contou com a presen\u00e7a da Prefeita Eloisa Helena,&nbsp;do Juiz de Direito do Juizado Especial Dr. Leonardo Guimar\u00e3es,&nbsp;da Ju\u00edza Diretora do F\u00f3rum de Pedro Leopoldo, Dra. Maria Jacira Ramos e do Coordenador do Procon da Assembleia de Belo Horizonte, Dr. Marcelo Barbosa, al\u00e9m dos vereadores e outras autoridades.<\/p>\n\n\n\n<p>Ao abrir sua palavra livre, Eloisa comemorou mais uma conquista para o munic\u00edpio. \u201cEu costumo dizer que tudo que \u00e9 bom para os mun\u00edcipes, eu fico muito feliz. Tenho certeza que ser\u00e1 feito um belo trabalho aqui no munic\u00edpio, porque a rela\u00e7\u00e3o entre o consumidor e empres\u00e1rios e comerciantes&nbsp;\u00e9 muito importante&nbsp;e precisa ser de respeito m\u00fatuo\u201d, disse.<\/p>\n\n\n\n<p>O PROCON \u00e9 um \u00f3rg\u00e3o p\u00fablico que atua primordialmente na prote\u00e7\u00e3o e defesa dos direitos dos consumidores e seus interesses, na esfera individual e coletiva. Trata-se de um \u00f3rg\u00e3o extrajudicial considerado como um meio alternativo para a solu\u00e7\u00e3o de impasses e conflitos decorrentes das rela\u00e7\u00f5es de consumo.<\/p>\n\n\n\n<p>O novo \u00f3rg\u00e3o j\u00e1 est\u00e1 em funcionamento na rua Dr. Cristiano Otoni, 735 &#8211; Centro, no mesmo local onde funciona o Centro de Apoio ao Cidad\u00e3o, o CAC.<\/p>\n\n\n\n<figure class=\"wp-block-image size-large\"><img decoding=\"async\" loading=\"lazy\" width=\"1024\" height=\"768\" src=\"http:\/\/pedroleopoldo.mg.gov.br\/wp-content\/uploads\/2021\/11\/WhatsApp-Image-2021-11-05-at-12.13.29-3-1024x768.jpeg\" alt=\"\" class=\"wp-image-18823\" srcset=\"https:\/\/arquivo.pedroleopoldo.mg.gov.br\/wp-content\/uploads\/2021\/11\/WhatsApp-Image-2021-11-05-at-12.13.29-3-1024x768.jpeg 1024w, https:\/\/arquivo.pedroleopoldo.mg.gov.br\/wp-content\/uploads\/2021\/11\/WhatsApp-Image-2021-11-05-at-12.13.29-3-300x225.jpeg 300w, https:\/\/arquivo.pedroleopoldo.mg.gov.br\/wp-content\/uploads\/2021\/11\/WhatsApp-Image-2021-11-05-at-12.13.29-3-768x576.jpeg 768w, https:\/\/arquivo.pedroleopoldo.mg.gov.br\/wp-content\/uploads\/2021\/11\/WhatsApp-Image-2021-11-05-at-12.13.29-3.jpeg 1032w\" sizes=\"(max-width: 1024px) 100vw, 1024px\" \/><\/figure>\n\n\n\n<figure class=\"wp-block-image size-large\"><img decoding=\"async\" loading=\"lazy\" width=\"1024\" height=\"768\" src=\"http:\/\/pedroleopoldo.mg.gov.br\/wp-content\/uploads\/2021\/11\/WhatsApp-Image-2021-11-05-at-12.13.30-1-1024x768.jpeg\" alt=\"\" class=\"wp-image-18824\" srcset=\"https:\/\/arquivo.pedroleopoldo.mg.gov.br\/wp-content\/uploads\/2021\/11\/WhatsApp-Image-2021-11-05-at-12.13.30-1-1024x768.jpeg 1024w, https:\/\/arquivo.pedroleopoldo.mg.gov.br\/wp-content\/uploads\/2021\/11\/WhatsApp-Image-2021-11-05-at-12.13.30-1-300x225.jpeg 300w, https:\/\/arquivo.pedroleopoldo.mg.gov.br\/wp-content\/uploads\/2021\/11\/WhatsApp-Image-2021-11-05-at-12.13.30-1-768x576.jpeg 768w, https:\/\/arquivo.pedroleopoldo.mg.gov.br\/wp-content\/uploads\/2021\/11\/WhatsApp-Image-2021-11-05-at-12.13.30-1.jpeg 1032w\" sizes=\"(max-width: 1024px) 100vw, 1024px\" \/><\/figure>\n\n\n\n<figure class=\"wp-block-image size-large\"><img decoding=\"async\" loading=\"lazy\" width=\"1024\" height=\"768\" src=\"http:\/\/pedroleopoldo.mg.gov.br\/wp-content\/uploads\/2021\/11\/WhatsApp-Image-2021-11-05-at-12.13.29-1-1024x768.jpeg\" alt=\"\" class=\"wp-image-18826\" srcset=\"https:\/\/arquivo.pedroleopoldo.mg.gov.br\/wp-content\/uploads\/2021\/11\/WhatsApp-Image-2021-11-05-at-12.13.29-1-1024x768.jpeg 1024w, https:\/\/arquivo.pedroleopoldo.mg.gov.br\/wp-content\/uploads\/2021\/11\/WhatsApp-Image-2021-11-05-at-12.13.29-1-300x225.jpeg 300w, https:\/\/arquivo.pedroleopoldo.mg.gov.br\/wp-content\/uploads\/2021\/11\/WhatsApp-Image-2021-11-05-at-12.13.29-1-768x576.jpeg 768w, https:\/\/arquivo.pedroleopoldo.mg.gov.br\/wp-content\/uploads\/2021\/11\/WhatsApp-Image-2021-11-05-at-12.13.29-1.jpeg 1032w\" sizes=\"(max-width: 1024px) 100vw, 1024px\" \/><\/figure>\n","protected":false},"excerpt":{"rendered":"<p>O novo posto do Procon&nbsp;C\u00e2mara&nbsp;tem o apoio da Prefeitura e passa a funcionar na rua Dr. Cristiano Otoni, 735, no mesmo local onde funciona o CAC Foi inaugurado na \u00faltima sexta-feira, 05 de novembro, em Pedro Leopoldo, o \u00f3rg\u00e3o de Prote\u00e7\u00e3o e Defesa do Consumidor, o PROCON&nbsp;C\u00e2mara. \u00c9 a primeira vez que o munic\u00edpio tem &hellip; <a href=\"https:\/\/arquivo.pedroleopoldo.mg.gov.br\/?p=18822\" class=\"more-link\">Continuar lendo <span class=\"screen-reader-text\">Prefeita Eloisa Helena participa da inaugura\u00e7\u00e3o do PROCON<\/span><\/a><\/p>\n","protected":false},"author":1,"featured_media":18828,"comment_status":"closed","ping_status":"closed","sticky":false,"template":"","format":"standard","meta":{"footnotes":""},"categories":[4],"tags":[],"_links":{"self":[{"href":"https:\/\/arquivo.pedroleopoldo.mg.gov.br\/index.php?rest_route=\/wp\/v2\/posts\/18822"}],"collection":[{"href":"https:\/\/arquivo.pedroleopoldo.mg.gov.br\/index.php?rest_route=\/wp\/v2\/posts"}],"about":[{"href":"https:\/\/arquivo.pedroleopoldo.mg.gov.br\/index.php?rest_route=\/wp\/v2\/types\/post"}],"author":[{"embeddable":true,"href":"https:\/\/arquivo.pedroleopoldo.mg.gov.br\/index.php?rest_route=\/wp\/v2\/users\/1"}],"replies":[{"embeddable":true,"href":"https:\/\/arquivo.pedroleopoldo.mg.gov.br\/index.php?rest_route=%2Fwp%2Fv2%2Fcomments&post=18822"}],"version-history":[{"count":0,"href":"https:\/\/arquivo.pedroleopoldo.mg.gov.br\/index.php?rest_route=\/wp\/v2\/posts\/18822\/revisions"}],"wp:featuredmedia":[{"embeddable":true,"href":"https:\/\/arquivo.pedroleopoldo.mg.gov.br\/index.php?rest_route=\/wp\/v2\/media\/18828"}],"wp:attachment":[{"href":"https:\/\/arquivo.pedroleopoldo.mg.gov.br\/index.php?rest_route=%2Fwp%2Fv2%2Fmedia&parent=18822"}],"wp:term":[{"taxonomy":"category","embeddable":true,"href":"https:\/\/arquivo.pedroleopoldo.mg.gov.br\/index.php?rest_route=%2Fwp%2Fv2%2Fcategories&post=18822"},{"taxonomy":"post_tag","embeddable":true,"href":"https:\/\/arquivo.pedroleopoldo.mg.gov.br\/index.php?rest_route=%2Fwp%2Fv2%2Ftags&post=18822"}],"curies":[{"name":"wp","href":"https:\/\/api.w.org\/{rel}","templated":true}]}}