{"id":18775,"date":"2021-11-04T15:22:16","date_gmt":"2021-11-04T18:22:16","guid":{"rendered":"http:\/\/pedroleopoldo.mg.gov.br\/?p=18775"},"modified":"2021-11-04T15:22:21","modified_gmt":"2021-11-04T18:22:21","slug":"prefeitura-de-pedro-leopoldo-vacina-mais-de-8-mil-caes-e-gatos-com-a-antirrabica-2","status":"publish","type":"post","link":"https:\/\/arquivo.pedroleopoldo.mg.gov.br\/?p=18775","title":{"rendered":"Prefeitura de Pedro Leopoldo vacina mais de 8 mil c\u00e3es e gatos com a antirr\u00e1bica"},"content":{"rendered":"\n<p><em>Dos\u00a0animais\u00a0imunizados,\u00a01.361\u00a0foram\u00a0da\u00a0zona\u00a0rural\u00a0e\u00a07.545\u00a0da\u00a0regi\u00e3o\u00a0central<\/em><\/p>\n\n\n\n<p>Ap\u00f3s&nbsp;a&nbsp;Secretaria&nbsp;Municipal&nbsp;de&nbsp;Sa\u00fade&nbsp;percorrer&nbsp;a&nbsp;zona&nbsp;rural&nbsp;de&nbsp;Pedro&nbsp;Leopoldo&nbsp;e&nbsp;realizar&nbsp;diversas&nbsp;a\u00e7\u00f5es&nbsp;tamb\u00e9m&nbsp;em&nbsp;outros&nbsp;pontos&nbsp;do&nbsp;munic\u00edpio,&nbsp;8.906&nbsp;c\u00e3es&nbsp;e&nbsp;gatos&nbsp;receberam&nbsp;doses&nbsp;de&nbsp;vacina&nbsp;antirr\u00e1bica.&nbsp;A&nbsp;campanha&nbsp;foi&nbsp;idealizada&nbsp;pela&nbsp;Prefeitura&nbsp;de&nbsp;Pedro&nbsp;Leopoldo,&nbsp;atrav\u00e9s&nbsp;do&nbsp;Setor&nbsp;de&nbsp;Zoonoses&nbsp;da&nbsp;Vigil\u00e2ncia&nbsp;Sanit\u00e1ria.<\/p>\n\n\n\n<p>A&nbsp;campanha&nbsp;tem&nbsp;o&nbsp;objetivo&nbsp;de&nbsp;garantir&nbsp;a&nbsp;sa\u00fade&nbsp;dos&nbsp;animais&nbsp;e&nbsp;evitar&nbsp;registros&nbsp;de&nbsp;doen\u00e7as&nbsp;no&nbsp;munic\u00edpio.&nbsp;Conhecida&nbsp;como&nbsp;\u201craiva\u201d,&nbsp;trata-se&nbsp;de&nbsp;uma&nbsp;infec\u00e7\u00e3o&nbsp;viral&nbsp;aguda&nbsp;que&nbsp;pode&nbsp;acometer&nbsp;animais&nbsp;e&nbsp;seres&nbsp;humanos,&nbsp;que&nbsp;contraem&nbsp;a&nbsp;doen\u00e7a&nbsp;por&nbsp;uma&nbsp;mordida&nbsp;de&nbsp;animais&nbsp;infectados.&nbsp;O&nbsp;v\u00edrus&nbsp;que&nbsp;provoca&nbsp;a&nbsp;doen\u00e7a&nbsp;ataca&nbsp;o&nbsp;sistema&nbsp;nervoso&nbsp;central&nbsp;do&nbsp;hospedeiro,&nbsp;causando&nbsp;uma&nbsp;inflama\u00e7\u00e3o&nbsp;no&nbsp;c\u00e9rebro,&nbsp;o&nbsp;que&nbsp;acaba&nbsp;evoluindo&nbsp;de&nbsp;maneira&nbsp;muito&nbsp;r\u00e1pida.<\/p>\n\n\n\n<p>O&nbsp;chefe&nbsp;de&nbsp;Vigil\u00e2ncia&nbsp;em&nbsp;Sa\u00fade,&nbsp;Daniel&nbsp;Lucas,&nbsp;falou&nbsp;sobre&nbsp;a&nbsp;import\u00e2ncia&nbsp;desta&nbsp;campanha.&nbsp;\u201cA&nbsp;raiva&nbsp;\u00e9&nbsp;uma&nbsp;doen\u00e7a&nbsp;f\u00e1cil&nbsp;de&nbsp;contrair,&nbsp;principalmente,&nbsp;pelos&nbsp;animais&nbsp;que&nbsp;vivem&nbsp;locais&nbsp;com&nbsp;diversos&nbsp;outros&nbsp;exemplares&nbsp;silvestres.&nbsp;Temos&nbsp;ainda&nbsp;os&nbsp;que&nbsp;viajam&nbsp;para&nbsp;os&nbsp;s\u00edtios,&nbsp;fazendas&nbsp;ou&nbsp;qualquer&nbsp;outro&nbsp;local&nbsp;que&nbsp;os&nbsp;deixa&nbsp;vulner\u00e1veis,&nbsp;ent\u00e3o,&nbsp;a&nbsp;import\u00e2ncia&nbsp;da&nbsp;vacina&nbsp;antirr\u00e1bica&nbsp;ser&nbsp;realizada&nbsp;anualmente,&nbsp;tendo&nbsp;em&nbsp;vista&nbsp;que&nbsp;manter&nbsp;os&nbsp;pets&nbsp;vacinados&nbsp;\u00e9&nbsp;uma&nbsp;maneira&nbsp;de&nbsp;manter&nbsp;a&nbsp;seguran\u00e7a&nbsp;de&nbsp;todos\u201d,&nbsp;destacou.<\/p>\n\n\n\n<p>A\u00a0campanha\u00a0aconteceu\u00a0entre\u00a0os\u00a0dias\u00a001\u00a0de\u00a0setembro\u00a0e\u00a029\u00a0de\u00a0outubro. Enquanto\u00a0houver\u00a0doses\u00a0dispon\u00edveis,\u00a0quem\u00a0n\u00e3o\u00a0vacinou\u00a0seu\u00a0animal\u00a0pode\u00a0procurar\u00a0a\u00a0Vigil\u00e2ncia\u00a0em\u00a0Sa\u00fade\u00a0que\u00a0fica\u00a0na\u00a0rua\u00a0Coronel\u00a0C\u00e2ndido\u00a0Viana,\u00a0n\u00b0\u00a0106, centro de\u00a0Pedro\u00a0Leopoldo.\u00a0Para\u00a0outras\u00a0informa\u00e7\u00f5es\u00a0ligue\u00a03662-3776.<\/p>\n","protected":false},"excerpt":{"rendered":"<p>Dos\u00a0animais\u00a0imunizados,\u00a01.361\u00a0foram\u00a0da\u00a0zona\u00a0rural\u00a0e\u00a07.545\u00a0da\u00a0regi\u00e3o\u00a0central Ap\u00f3s&nbsp;a&nbsp;Secretaria&nbsp;Municipal&nbsp;de&nbsp;Sa\u00fade&nbsp;percorrer&nbsp;a&nbsp;zona&nbsp;rural&nbsp;de&nbsp;Pedro&nbsp;Leopoldo&nbsp;e&nbsp;realizar&nbsp;diversas&nbsp;a\u00e7\u00f5es&nbsp;tamb\u00e9m&nbsp;em&nbsp;outros&nbsp;pontos&nbsp;do&nbsp;munic\u00edpio,&nbsp;8.906&nbsp;c\u00e3es&nbsp;e&nbsp;gatos&nbsp;receberam&nbsp;doses&nbsp;de&nbsp;vacina&nbsp;antirr\u00e1bica.&nbsp;A&nbsp;campanha&nbsp;foi&nbsp;idealizada&nbsp;pela&nbsp;Prefeitura&nbsp;de&nbsp;Pedro&nbsp;Leopoldo,&nbsp;atrav\u00e9s&nbsp;do&nbsp;Setor&nbsp;de&nbsp;Zoonoses&nbsp;da&nbsp;Vigil\u00e2ncia&nbsp;Sanit\u00e1ria. A&nbsp;campanha&nbsp;tem&nbsp;o&nbsp;objetivo&nbsp;de&nbsp;garantir&nbsp;a&nbsp;sa\u00fade&nbsp;dos&nbsp;animais&nbsp;e&nbsp;evitar&nbsp;registros&nbsp;de&nbsp;doen\u00e7as&nbsp;no&nbsp;munic\u00edpio.&nbsp;Conhecida&nbsp;como&nbsp;\u201craiva\u201d,&nbsp;trata-se&nbsp;de&nbsp;uma&nbsp;infec\u00e7\u00e3o&nbsp;viral&nbsp;aguda&nbsp;que&nbsp;pode&nbsp;acometer&nbsp;animais&nbsp;e&nbsp;seres&nbsp;humanos,&nbsp;que&nbsp;contraem&nbsp;a&nbsp;doen\u00e7a&nbsp;por&nbsp;uma&nbsp;mordida&nbsp;de&nbsp;animais&nbsp;infectados.&nbsp;O&nbsp;v\u00edrus&nbsp;que&nbsp;provoca&nbsp;a&nbsp;doen\u00e7a&nbsp;ataca&nbsp;o&nbsp;sistema&nbsp;nervoso&nbsp;central&nbsp;do&nbsp;hospedeiro,&nbsp;causando&nbsp;uma&nbsp;inflama\u00e7\u00e3o&nbsp;no&nbsp;c\u00e9rebro,&nbsp;o&nbsp;que&nbsp;acaba&nbsp;evoluindo&nbsp;de&nbsp;maneira&nbsp;muito&nbsp;r\u00e1pida. O&nbsp;chefe&nbsp;de&nbsp;Vigil\u00e2ncia&nbsp;em&nbsp;Sa\u00fade,&nbsp;Daniel&nbsp;Lucas,&nbsp;falou&nbsp;sobre&nbsp;a&nbsp;import\u00e2ncia&nbsp;desta&nbsp;campanha.&nbsp;\u201cA&nbsp;raiva&nbsp;\u00e9&nbsp;uma&nbsp;doen\u00e7a&nbsp;f\u00e1cil&nbsp;de&nbsp;contrair,&nbsp;principalmente,&nbsp;pelos&nbsp;animais&nbsp;que&nbsp;vivem&nbsp;locais&nbsp;com&nbsp;diversos&nbsp;outros&nbsp;exemplares&nbsp;silvestres.&nbsp;Temos&nbsp;ainda&nbsp;os&nbsp;que&nbsp;viajam&nbsp;para&nbsp;os&nbsp;s\u00edtios,&nbsp;fazendas&nbsp;ou&nbsp;qualquer&nbsp;outro&nbsp;local&nbsp;que&nbsp;os&nbsp;deixa&nbsp;vulner\u00e1veis,&nbsp;ent\u00e3o,&nbsp;a&nbsp;import\u00e2ncia&nbsp;da&nbsp;vacina&nbsp;antirr\u00e1bica&nbsp;ser&nbsp;realizada&nbsp;anualmente,&nbsp;tendo&nbsp;em&nbsp;vista&nbsp;que&nbsp;manter&nbsp;os&nbsp;pets&nbsp;vacinados&nbsp;\u00e9&nbsp;uma&nbsp;maneira&nbsp;de&nbsp;manter&nbsp;a&nbsp;seguran\u00e7a&nbsp;de&nbsp;todos\u201d,&nbsp;destacou. A\u00a0campanha\u00a0aconteceu\u00a0entre\u00a0os\u00a0dias\u00a001\u00a0de\u00a0setembro\u00a0e\u00a029\u00a0de\u00a0outubro. Enquanto\u00a0houver\u00a0doses\u00a0dispon\u00edveis,\u00a0quem\u00a0n\u00e3o\u00a0vacinou\u00a0seu\u00a0animal\u00a0pode\u00a0procurar\u00a0a\u00a0Vigil\u00e2ncia\u00a0em\u00a0Sa\u00fade\u00a0que\u00a0fica\u00a0na\u00a0rua\u00a0Coronel\u00a0C\u00e2ndido\u00a0Viana,\u00a0n\u00b0\u00a0106, centro de\u00a0Pedro\u00a0Leopoldo.\u00a0Para\u00a0outras\u00a0informa\u00e7\u00f5es\u00a0ligue\u00a03662-3776.<\/p>\n","protected":false},"author":1,"featured_media":18765,"comment_status":"closed","ping_status":"closed","sticky":false,"template":"","format":"standard","meta":{"footnotes":""},"categories":[4],"tags":[],"_links":{"self":[{"href":"https:\/\/arquivo.pedroleopoldo.mg.gov.br\/index.php?rest_route=\/wp\/v2\/posts\/18775"}],"collection":[{"href":"https:\/\/arquivo.pedroleopoldo.mg.gov.br\/index.php?rest_route=\/wp\/v2\/posts"}],"about":[{"href":"https:\/\/arquivo.pedroleopoldo.mg.gov.br\/index.php?rest_route=\/wp\/v2\/types\/post"}],"author":[{"embeddable":true,"href":"https:\/\/arquivo.pedroleopoldo.mg.gov.br\/index.php?rest_route=\/wp\/v2\/users\/1"}],"replies":[{"embeddable":true,"href":"https:\/\/arquivo.pedroleopoldo.mg.gov.br\/index.php?rest_route=%2Fwp%2Fv2%2Fcomments&post=18775"}],"version-history":[{"count":0,"href":"https:\/\/arquivo.pedroleopoldo.mg.gov.br\/index.php?rest_route=\/wp\/v2\/posts\/18775\/revisions"}],"wp:featuredmedia":[{"embeddable":true,"href":"https:\/\/arquivo.pedroleopoldo.mg.gov.br\/index.php?rest_route=\/wp\/v2\/media\/18765"}],"wp:attachment":[{"href":"https:\/\/arquivo.pedroleopoldo.mg.gov.br\/index.php?rest_route=%2Fwp%2Fv2%2Fmedia&parent=18775"}],"wp:term":[{"taxonomy":"category","embeddable":true,"href":"https:\/\/arquivo.pedroleopoldo.mg.gov.br\/index.php?rest_route=%2Fwp%2Fv2%2Fcategories&post=18775"},{"taxonomy":"post_tag","embeddable":true,"href":"https:\/\/arquivo.pedroleopoldo.mg.gov.br\/index.php?rest_route=%2Fwp%2Fv2%2Ftags&post=18775"}],"curies":[{"name":"wp","href":"https:\/\/api.w.org\/{rel}","templated":true}]}}