{"id":18764,"date":"2021-11-04T15:03:20","date_gmt":"2021-11-04T18:03:20","guid":{"rendered":"http:\/\/pedroleopoldo.mg.gov.br\/?p=18764"},"modified":"2021-11-04T15:06:12","modified_gmt":"2021-11-04T18:06:12","slug":"prefeitura-de-pedro-leopoldo-vacina-mais-de-8-mil-caes-e-gatos-com-a-antirrabica","status":"publish","type":"post","link":"https:\/\/arquivo.pedroleopoldo.mg.gov.br\/?p=18764","title":{"rendered":"Prefeitura de Pedro Leopoldo vacina mais de 8 mil c\u00e3es e gatos com a antirr\u00e1bica"},"content":{"rendered":"\n<p><em>Dos&nbsp;animais&nbsp;imunizados,&nbsp;1.361&nbsp;foram&nbsp;da&nbsp;zona&nbsp;rural&nbsp;e&nbsp;7.545&nbsp;da&nbsp;regi\u00e3o&nbsp;central<\/em><\/p>\n\n\n\n<p>Ap\u00f3s&nbsp;a&nbsp;Secretaria&nbsp;Municipal&nbsp;de&nbsp;Sa\u00fade&nbsp;percorrer&nbsp;a&nbsp;zona&nbsp;rural&nbsp;de&nbsp;Pedro&nbsp;Leopoldo&nbsp;e&nbsp;realizar&nbsp;diversas&nbsp;a\u00e7\u00f5es&nbsp;tamb\u00e9m&nbsp;em&nbsp;outros&nbsp;pontos&nbsp;do&nbsp;munic\u00edpio,&nbsp;8.906&nbsp;c\u00e3es&nbsp;e&nbsp;gatos&nbsp;receberam&nbsp;doses&nbsp;de&nbsp;vacina&nbsp;antirr\u00e1bica.&nbsp;A&nbsp;campanha&nbsp;foi&nbsp;idealizada&nbsp;pela&nbsp;Prefeitura&nbsp;de&nbsp;Pedro&nbsp;Leopoldo,&nbsp;atrav\u00e9s&nbsp;do&nbsp;Setor&nbsp;de&nbsp;Zoonoses&nbsp;da&nbsp;Vigil\u00e2ncia&nbsp;Sanit\u00e1ria.<\/p>\n\n\n\n<p>A\u00a0campanha\u00a0tem\u00a0o\u00a0objetivo\u00a0de\u00a0garantir\u00a0a\u00a0sa\u00fade\u00a0dos\u00a0animais\u00a0e\u00a0evitar\u00a0registros\u00a0de\u00a0doen\u00e7as\u00a0no\u00a0munic\u00edpio.\u00a0Conhecida\u00a0como\u00a0\u201craiva\u201d, trata &#8211; se\u00a0de\u00a0uma\u00a0infec\u00e7\u00e3o\u00a0viral\u00a0aguda\u00a0que\u00a0pode\u00a0acometer\u00a0animais\u00a0e\u00a0seres\u00a0humanos,\u00a0que\u00a0contraem\u00a0a\u00a0doen\u00e7a\u00a0por\u00a0uma\u00a0mordida\u00a0de\u00a0animais\u00a0infectados.\u00a0O\u00a0v\u00edrus\u00a0que\u00a0provoca\u00a0a\u00a0doen\u00e7a\u00a0ataca\u00a0o\u00a0sistema\u00a0nervoso\u00a0central\u00a0do\u00a0hospedeiro,\u00a0causando\u00a0uma\u00a0inflama\u00e7\u00e3o\u00a0no\u00a0c\u00e9rebro,\u00a0o\u00a0que\u00a0acaba\u00a0evoluindo\u00a0de\u00a0maneira\u00a0muito\u00a0r\u00e1pida.<\/p>\n\n\n\n<p>O\u00a0chefe\u00a0de\u00a0Vigil\u00e2ncia\u00a0em\u00a0Sa\u00fade,\u00a0Daniel\u00a0Lucas,\u00a0falou\u00a0sobre\u00a0a\u00a0import\u00e2ncia\u00a0desta\u00a0campanha.\u00a0\u201cA\u00a0raiva\u00a0\u00e9\u00a0uma\u00a0doen\u00e7a\u00a0f\u00e1cil\u00a0de\u00a0contrair,\u00a0principalmente,\u00a0pelosanimais\u00a0que\u00a0vivem\u00a0locais\u00a0com\u00a0diversos\u00a0outros\u00a0exemplares\u00a0silvestres.\u00a0Temosainda\u00a0os\u00a0que\u00a0viajam\u00a0para\u00a0os\u00a0s\u00edtios,\u00a0fazendas\u00a0ou\u00a0qualquer\u00a0outro\u00a0local\u00a0que\u00a0os\u00a0deixa\u00a0vulner\u00e1veis,\u00a0ent\u00e3o,\u00a0a\u00a0import\u00e2ncia\u00a0da\u00a0vacina\u00a0antirr\u00e1bica\u00a0ser\u00a0realizada\u00a0anualmente,\u00a0tendo\u00a0em\u00a0vista\u00a0que\u00a0manter\u00a0os\u00a0pets\u00a0vacinados\u00a0\u00e9\u00a0uma\u00a0maneira\u00a0 de\u00a0manter\u00a0a\u00a0seguran\u00e7a\u00a0de\u00a0todos\u201d,\u00a0destacou.<\/p>\n\n\n\n<p>A\u00a0campanha\u00a0aconteceu\u00a0entre\u00a0os\u00a0dias\u00a001\u00a0de\u00a0setembro\u00a0e\u00a029\u00a0de\u00a0outubro.\u00a0  Enquanto\u00a0houver\u00a0doses\u00a0dispon\u00edveis,\u00a0quem\u00a0n\u00e3o\u00a0vacinou\u00a0seu\u00a0animal\u00a0pode\u00a0 procurar\u00a0a\u00a0Vigil\u00e2ncia\u00a0em\u00a0Sa\u00fade\u00a0que\u00a0fica\u00a0na\u00a0rua\u00a0Coronel\u00a0C\u00e2ndido\u00a0Viana,\u00a0  n\u00b0\u00a0106, centro de\u00a0Pedro\u00a0Leopoldo.\u00a0Para\u00a0outras\u00a0informa\u00e7\u00f5es\u00a0ligue\u00a03662-3776.<\/p>\n","protected":false},"excerpt":{"rendered":"<p>Dos&nbsp;animais&nbsp;imunizados,&nbsp;1.361&nbsp;foram&nbsp;da&nbsp;zona&nbsp;rural&nbsp;e&nbsp;7.545&nbsp;da&nbsp;regi\u00e3o&nbsp;central Ap\u00f3s&nbsp;a&nbsp;Secretaria&nbsp;Municipal&nbsp;de&nbsp;Sa\u00fade&nbsp;percorrer&nbsp;a&nbsp;zona&nbsp;rural&nbsp;de&nbsp;Pedro&nbsp;Leopoldo&nbsp;e&nbsp;realizar&nbsp;diversas&nbsp;a\u00e7\u00f5es&nbsp;tamb\u00e9m&nbsp;em&nbsp;outros&nbsp;pontos&nbsp;do&nbsp;munic\u00edpio,&nbsp;8.906&nbsp;c\u00e3es&nbsp;e&nbsp;gatos&nbsp;receberam&nbsp;doses&nbsp;de&nbsp;vacina&nbsp;antirr\u00e1bica.&nbsp;A&nbsp;campanha&nbsp;foi&nbsp;idealizada&nbsp;pela&nbsp;Prefeitura&nbsp;de&nbsp;Pedro&nbsp;Leopoldo,&nbsp;atrav\u00e9s&nbsp;do&nbsp;Setor&nbsp;de&nbsp;Zoonoses&nbsp;da&nbsp;Vigil\u00e2ncia&nbsp;Sanit\u00e1ria. A\u00a0campanha\u00a0tem\u00a0o\u00a0objetivo\u00a0de\u00a0garantir\u00a0a\u00a0sa\u00fade\u00a0dos\u00a0animais\u00a0e\u00a0evitar\u00a0registros\u00a0de\u00a0doen\u00e7as\u00a0no\u00a0munic\u00edpio.\u00a0Conhecida\u00a0como\u00a0\u201craiva\u201d, trata &#8211; se\u00a0de\u00a0uma\u00a0infec\u00e7\u00e3o\u00a0viral\u00a0aguda\u00a0que\u00a0pode\u00a0acometer\u00a0animais\u00a0e\u00a0seres\u00a0humanos,\u00a0que\u00a0contraem\u00a0a\u00a0doen\u00e7a\u00a0por\u00a0uma\u00a0mordida\u00a0de\u00a0animais\u00a0infectados.\u00a0O\u00a0v\u00edrus\u00a0que\u00a0provoca\u00a0a\u00a0doen\u00e7a\u00a0ataca\u00a0o\u00a0sistema\u00a0nervoso\u00a0central\u00a0do\u00a0hospedeiro,\u00a0causando\u00a0uma\u00a0inflama\u00e7\u00e3o\u00a0no\u00a0c\u00e9rebro,\u00a0o\u00a0que\u00a0acaba\u00a0evoluindo\u00a0de\u00a0maneira\u00a0muito\u00a0r\u00e1pida. O\u00a0chefe\u00a0de\u00a0Vigil\u00e2ncia\u00a0em\u00a0Sa\u00fade,\u00a0Daniel\u00a0Lucas,\u00a0falou\u00a0sobre\u00a0a\u00a0import\u00e2ncia\u00a0desta\u00a0campanha.\u00a0\u201cA\u00a0raiva\u00a0\u00e9\u00a0uma\u00a0doen\u00e7a\u00a0f\u00e1cil\u00a0de\u00a0contrair,\u00a0principalmente,\u00a0pelosanimais\u00a0que\u00a0vivem\u00a0locais\u00a0com\u00a0diversos\u00a0outros\u00a0exemplares\u00a0silvestres.\u00a0Temosainda\u00a0os\u00a0que\u00a0viajam\u00a0para\u00a0os\u00a0s\u00edtios,\u00a0fazendas\u00a0ou\u00a0qualquer\u00a0outro\u00a0local\u00a0que\u00a0os\u00a0deixa\u00a0vulner\u00e1veis,\u00a0ent\u00e3o,\u00a0a\u00a0import\u00e2ncia\u00a0da\u00a0vacina\u00a0antirr\u00e1bica\u00a0ser\u00a0realizada\u00a0anualmente,\u00a0tendo\u00a0em\u00a0vista\u00a0que\u00a0manter\u00a0os\u00a0pets\u00a0vacinados\u00a0\u00e9\u00a0uma\u00a0maneira\u00a0 de\u00a0manter\u00a0a\u00a0seguran\u00e7a\u00a0de\u00a0todos\u201d,\u00a0destacou. A\u00a0campanha\u00a0aconteceu\u00a0entre\u00a0os\u00a0dias\u00a001\u00a0de\u00a0setembro\u00a0e\u00a029\u00a0de\u00a0outubro.\u00a0 Enquanto\u00a0houver\u00a0doses\u00a0dispon\u00edveis,\u00a0quem\u00a0n\u00e3o\u00a0vacinou\u00a0seu\u00a0animal\u00a0pode\u00a0 procurar\u00a0a\u00a0Vigil\u00e2ncia\u00a0em\u00a0Sa\u00fade\u00a0que\u00a0fica\u00a0na\u00a0rua\u00a0Coronel\u00a0C\u00e2ndido\u00a0Viana,\u00a0 n\u00b0\u00a0106, centro de\u00a0Pedro\u00a0Leopoldo.\u00a0Para\u00a0outras\u00a0informa\u00e7\u00f5es\u00a0ligue\u00a03662-3776.<\/p>\n","protected":false},"author":1,"featured_media":18765,"comment_status":"closed","ping_status":"closed","sticky":false,"template":"","format":"standard","meta":{"footnotes":""},"categories":[1],"tags":[],"_links":{"self":[{"href":"https:\/\/arquivo.pedroleopoldo.mg.gov.br\/index.php?rest_route=\/wp\/v2\/posts\/18764"}],"collection":[{"href":"https:\/\/arquivo.pedroleopoldo.mg.gov.br\/index.php?rest_route=\/wp\/v2\/posts"}],"about":[{"href":"https:\/\/arquivo.pedroleopoldo.mg.gov.br\/index.php?rest_route=\/wp\/v2\/types\/post"}],"author":[{"embeddable":true,"href":"https:\/\/arquivo.pedroleopoldo.mg.gov.br\/index.php?rest_route=\/wp\/v2\/users\/1"}],"replies":[{"embeddable":true,"href":"https:\/\/arquivo.pedroleopoldo.mg.gov.br\/index.php?rest_route=%2Fwp%2Fv2%2Fcomments&post=18764"}],"version-history":[{"count":0,"href":"https:\/\/arquivo.pedroleopoldo.mg.gov.br\/index.php?rest_route=\/wp\/v2\/posts\/18764\/revisions"}],"wp:featuredmedia":[{"embeddable":true,"href":"https:\/\/arquivo.pedroleopoldo.mg.gov.br\/index.php?rest_route=\/wp\/v2\/media\/18765"}],"wp:attachment":[{"href":"https:\/\/arquivo.pedroleopoldo.mg.gov.br\/index.php?rest_route=%2Fwp%2Fv2%2Fmedia&parent=18764"}],"wp:term":[{"taxonomy":"category","embeddable":true,"href":"https:\/\/arquivo.pedroleopoldo.mg.gov.br\/index.php?rest_route=%2Fwp%2Fv2%2Fcategories&post=18764"},{"taxonomy":"post_tag","embeddable":true,"href":"https:\/\/arquivo.pedroleopoldo.mg.gov.br\/index.php?rest_route=%2Fwp%2Fv2%2Ftags&post=18764"}],"curies":[{"name":"wp","href":"https:\/\/api.w.org\/{rel}","templated":true}]}}