{"id":18749,"date":"2021-11-04T15:01:00","date_gmt":"2021-11-04T18:01:00","guid":{"rendered":"http:\/\/pedroleopoldo.mg.gov.br\/?p=18749"},"modified":"2021-11-04T15:01:00","modified_gmt":"2021-11-04T18:01:00","slug":"secretaria-de-obras-reforma-cemiterios-e-promove-outras-acoes-de-melhorias-pela-cidade","status":"publish","type":"post","link":"https:\/\/arquivo.pedroleopoldo.mg.gov.br\/?p=18749","title":{"rendered":"Secretaria de Obras reforma cemit\u00e9rios e promove outras a\u00e7\u00f5es de melhorias pela cidade"},"content":{"rendered":"\n<p><em>Al\u00e9m&nbsp;dos&nbsp;cemit\u00e9rios<\/em><em>,<\/em><em>&nbsp;foram&nbsp;realizados&nbsp;os&nbsp;trabalhos&nbsp;de&nbsp;capina,&nbsp;limpeza&nbsp;e&nbsp;opera\u00e7\u00e3o&nbsp;tapa-buracos<\/em><em>&nbsp;em&nbsp;v\u00e1rios&nbsp;pontos&nbsp;de&nbsp;Pedro&nbsp;Leopoldo<\/em><\/p>\n\n\n\n<p>Com&nbsp;objetivo&nbsp;de&nbsp;dar&nbsp;mais&nbsp;qualidade&nbsp;de&nbsp;vida&nbsp;ao&nbsp;cidad\u00e3o,&nbsp;a&nbsp;Prefeitura&nbsp;de&nbsp;Pedro&nbsp;Leopoldo,&nbsp;atrav\u00e9s&nbsp;das&nbsp;chefes&nbsp;do&nbsp;executivo&nbsp;Eloisa&nbsp;Helena&nbsp;e&nbsp;Ana&nbsp;Paula&nbsp;Santos,&nbsp;e&nbsp;da&nbsp;Secretaria&nbsp;Municipal&nbsp;de&nbsp;Obras,&nbsp;realizaram&nbsp;nas&nbsp;\u00faltimas&nbsp;semanas&nbsp;v\u00e1rias&nbsp;a\u00e7\u00f5es&nbsp;pelo&nbsp;munic\u00edpio.<\/p>\n\n\n\n<p>Celebrado\u00a0o\u00a0Dia\u00a0de\u00a0Finados,\u00a0no\u00a0\u00faltimo\u00a0dia\u00a002\u00a0de\u00a0novembro,\u00a0os\u00a0cemit\u00e9rios\u00a0dobairro\u00a0S\u00e3o\u00a0Geraldo,\u00a0Lagoa\u00a0de\u00a0Santo\u00a0Ant\u00f4nio,\u00a0Vera\u00a0Cruz\u00a0e\u00a0Quinta\u00a0do\u00a0Sumidouro\u00a0receberam\u00a0servi\u00e7os\u00a0de\u00a0poda,\u00a0capina,\u00a0limpeza\u00a0geral,\u00a0pintura\u00a0interna,\u00a0externa\u00a0e\u00a0drenagem\u00a0pluvial.\u00a0\u201cPromover\u00a0a\u00e7\u00f5es\u00a0como\u00a0essa,\u00a0representam\u00a0respeito\u00a0com\u00a0os\u00a0familiares\u00a0e\u00a0homenagem\u00a0aos\u00a0que\u00a0se\u00a0foram\u201d,\u00a0disse\u00a0a\u00a0Prefeita\u00a0Eloisa\u00a0Helena.\u00a0<\/p>\n\n\n\n<p>Outro&nbsp;ponto&nbsp;na&nbsp;regi\u00e3o&nbsp;central&nbsp;do&nbsp;munic\u00edpio&nbsp;que&nbsp;passou&nbsp;por&nbsp;reparos,&nbsp;foi&nbsp;a&nbsp;passagem&nbsp;de&nbsp;carros&nbsp;da&nbsp;linha&nbsp;ferrovi\u00e1ria&nbsp;da&nbsp;subida&nbsp;no&nbsp;bairro&nbsp;Magalh\u00e3es.&nbsp;Um&nbsp;novo&nbsp;asfalto&nbsp;foi&nbsp;moldado&nbsp;sobre&nbsp;a&nbsp;linha&nbsp;de&nbsp;trem,&nbsp;fazendo&nbsp;com&nbsp;que&nbsp;a&nbsp;trepida\u00e7\u00e3o&nbsp;fosse&nbsp;reduzida&nbsp;quando&nbsp;os&nbsp;ve\u00edculos&nbsp;transitam&nbsp;sobre&nbsp;a&nbsp;linha.&nbsp;\u201cTodo&nbsp;este&nbsp;trabalho&nbsp;\u00e9&nbsp;feito&nbsp;pensando&nbsp;na&nbsp;qualidade&nbsp;de&nbsp;vida&nbsp;das&nbsp;pessoas.&nbsp;Nosso&nbsp;desejo&nbsp;\u00e9&nbsp;atender&nbsp;a&nbsp;todos&nbsp;de&nbsp;uma&nbsp;\u00fanica&nbsp;vez,&nbsp;mas&nbsp;a&nbsp;demanda&nbsp;\u00e9&nbsp;grande&nbsp;e&nbsp;aos&nbsp;poucos&nbsp;vamos&nbsp;atingindo&nbsp;todos&nbsp;os&nbsp;bairros&nbsp;da&nbsp;nossa&nbsp;cidade\u201d,&nbsp;destacou&nbsp;a&nbsp;vice-prefeita&nbsp;Ana&nbsp;Paula&nbsp;Santos,&nbsp;em&nbsp;uma&nbsp;das&nbsp;visitas&nbsp;\u00e0s&nbsp;obras&nbsp;no&nbsp;munic\u00edpio.&nbsp;<\/p>\n\n\n\n<p>Ainda,&nbsp;a&nbsp;Prefeitura&nbsp;atendeu&nbsp;\u00e0&nbsp;uma&nbsp;solicita\u00e7\u00e3o&nbsp;de&nbsp;moradores&nbsp;do&nbsp;bairro&nbsp;Morada&nbsp;dos&nbsp;Hibiscos,&nbsp;fazendo&nbsp;o&nbsp;recolhimento&nbsp;de&nbsp;entulhos&nbsp;e&nbsp;a&nbsp;capina&nbsp;manual.&nbsp;J\u00e1&nbsp;na&nbsp;estrada&nbsp;que&nbsp;liga&nbsp;\u00e0&nbsp;regi\u00e3o central \u00e0 regi\u00e3o de&nbsp;Fidalgo,&nbsp;a&nbsp;opera\u00e7\u00e3o&nbsp;tapa-buracos&nbsp;sanou&nbsp;v\u00e1rios problemas em alguns pontos&nbsp;da&nbsp;pista.<\/p>\n\n\n\n<p>O p\u00f3s &#8211; chuva do feriado prolongado tamb\u00e9m foi de trabalho para a equipe de obras da Prefeitura. Os fortes ventos da chuva derrubaram uma \u00e1rvore no bairro Magalh\u00e3es, nas ruas Padre Sinfr\u00f4nio e Roberto Belis\u00e1rio. Imediatamente, a equipe da Prefeitura entrou em a\u00e7\u00e3o para realizar a limpeza e a libera\u00e7\u00e3o do tr\u00e2nsito no local. <\/p>\n\n\n\n<figure class=\"wp-block-image size-large\"><img decoding=\"async\" loading=\"lazy\" width=\"1024\" height=\"766\" src=\"http:\/\/pedroleopoldo.mg.gov.br\/wp-content\/uploads\/2021\/11\/Parte-externa-Capela-Vel\u00f3rio-S\u00e3o-Geraldo-1024x766.jpeg\" alt=\"\" class=\"wp-image-18762\" srcset=\"https:\/\/arquivo.pedroleopoldo.mg.gov.br\/wp-content\/uploads\/2021\/11\/Parte-externa-Capela-Vel\u00f3rio-S\u00e3o-Geraldo-1024x766.jpeg 1024w, https:\/\/arquivo.pedroleopoldo.mg.gov.br\/wp-content\/uploads\/2021\/11\/Parte-externa-Capela-Vel\u00f3rio-S\u00e3o-Geraldo-300x225.jpeg 300w, https:\/\/arquivo.pedroleopoldo.mg.gov.br\/wp-content\/uploads\/2021\/11\/Parte-externa-Capela-Vel\u00f3rio-S\u00e3o-Geraldo-768x575.jpeg 768w, https:\/\/arquivo.pedroleopoldo.mg.gov.br\/wp-content\/uploads\/2021\/11\/Parte-externa-Capela-Vel\u00f3rio-S\u00e3o-Geraldo.jpeg 1280w\" sizes=\"(max-width: 1024px) 100vw, 1024px\" \/><figcaption>Cemit\u00e9rio do Bairro S\u00e3o Geraldo<\/figcaption><\/figure>\n\n\n\n<figure class=\"wp-block-image size-large\"><img decoding=\"async\" loading=\"lazy\" width=\"1024\" height=\"576\" src=\"http:\/\/pedroleopoldo.mg.gov.br\/wp-content\/uploads\/2021\/11\/Cemit\u00e9rio-Vera-Cruz-1024x576.jpeg\" alt=\"\" class=\"wp-image-18761\" srcset=\"https:\/\/arquivo.pedroleopoldo.mg.gov.br\/wp-content\/uploads\/2021\/11\/Cemit\u00e9rio-Vera-Cruz-1024x576.jpeg 1024w, https:\/\/arquivo.pedroleopoldo.mg.gov.br\/wp-content\/uploads\/2021\/11\/Cemit\u00e9rio-Vera-Cruz-300x169.jpeg 300w, https:\/\/arquivo.pedroleopoldo.mg.gov.br\/wp-content\/uploads\/2021\/11\/Cemit\u00e9rio-Vera-Cruz-768x432.jpeg 768w, https:\/\/arquivo.pedroleopoldo.mg.gov.br\/wp-content\/uploads\/2021\/11\/Cemit\u00e9rio-Vera-Cruz.jpeg 1280w\" sizes=\"(max-width: 1024px) 100vw, 1024px\" \/><figcaption>Cemit\u00e9rio Vera Cruz<\/figcaption><\/figure>\n\n\n\n<figure class=\"wp-block-image size-large\"><img decoding=\"async\" loading=\"lazy\" width=\"1024\" height=\"576\" src=\"http:\/\/pedroleopoldo.mg.gov.br\/wp-content\/uploads\/2021\/11\/Opera\u00e7\u00e3o-p\u00f3s-chuva-Bairro-Magalh\u00e3es2-1-1024x576.jpeg\" alt=\"\" class=\"wp-image-18756\" srcset=\"https:\/\/arquivo.pedroleopoldo.mg.gov.br\/wp-content\/uploads\/2021\/11\/Opera\u00e7\u00e3o-p\u00f3s-chuva-Bairro-Magalh\u00e3es2-1-1024x576.jpeg 1024w, https:\/\/arquivo.pedroleopoldo.mg.gov.br\/wp-content\/uploads\/2021\/11\/Opera\u00e7\u00e3o-p\u00f3s-chuva-Bairro-Magalh\u00e3es2-1-300x169.jpeg 300w, https:\/\/arquivo.pedroleopoldo.mg.gov.br\/wp-content\/uploads\/2021\/11\/Opera\u00e7\u00e3o-p\u00f3s-chuva-Bairro-Magalh\u00e3es2-1-768x432.jpeg 768w, https:\/\/arquivo.pedroleopoldo.mg.gov.br\/wp-content\/uploads\/2021\/11\/Opera\u00e7\u00e3o-p\u00f3s-chuva-Bairro-Magalh\u00e3es2-1-1536x864.jpeg 1536w, https:\/\/arquivo.pedroleopoldo.mg.gov.br\/wp-content\/uploads\/2021\/11\/Opera\u00e7\u00e3o-p\u00f3s-chuva-Bairro-Magalh\u00e3es2-1.jpeg 1600w\" sizes=\"(max-width: 1024px) 100vw, 1024px\" \/><figcaption>Bairro Magalh\u00e3es <\/figcaption><\/figure>\n\n\n\n<figure class=\"wp-block-image size-large\"><img decoding=\"async\" loading=\"lazy\" width=\"1024\" height=\"576\" src=\"http:\/\/pedroleopoldo.mg.gov.br\/wp-content\/uploads\/2021\/11\/Opera\u00e7\u00e3o-p\u00f3s-chuva-Bairro-Magalh\u00e3es-1-1024x576.jpeg\" alt=\"\" class=\"wp-image-18757\" srcset=\"https:\/\/arquivo.pedroleopoldo.mg.gov.br\/wp-content\/uploads\/2021\/11\/Opera\u00e7\u00e3o-p\u00f3s-chuva-Bairro-Magalh\u00e3es-1-1024x576.jpeg 1024w, https:\/\/arquivo.pedroleopoldo.mg.gov.br\/wp-content\/uploads\/2021\/11\/Opera\u00e7\u00e3o-p\u00f3s-chuva-Bairro-Magalh\u00e3es-1-300x169.jpeg 300w, https:\/\/arquivo.pedroleopoldo.mg.gov.br\/wp-content\/uploads\/2021\/11\/Opera\u00e7\u00e3o-p\u00f3s-chuva-Bairro-Magalh\u00e3es-1-768x432.jpeg 768w, https:\/\/arquivo.pedroleopoldo.mg.gov.br\/wp-content\/uploads\/2021\/11\/Opera\u00e7\u00e3o-p\u00f3s-chuva-Bairro-Magalh\u00e3es-1-1536x864.jpeg 1536w, https:\/\/arquivo.pedroleopoldo.mg.gov.br\/wp-content\/uploads\/2021\/11\/Opera\u00e7\u00e3o-p\u00f3s-chuva-Bairro-Magalh\u00e3es-1.jpeg 1600w\" sizes=\"(max-width: 1024px) 100vw, 1024px\" \/><figcaption>Bairro Magalh\u00e3es<\/figcaption><\/figure>\n\n\n\n<figure class=\"wp-block-image size-large\"><img decoding=\"async\" loading=\"lazy\" width=\"1024\" height=\"576\" src=\"http:\/\/pedroleopoldo.mg.gov.br\/wp-content\/uploads\/2021\/11\/Bairro-Morada-dos-Hibiscos-1-1024x576.jpeg\" alt=\"\" class=\"wp-image-18758\" srcset=\"https:\/\/arquivo.pedroleopoldo.mg.gov.br\/wp-content\/uploads\/2021\/11\/Bairro-Morada-dos-Hibiscos-1-1024x576.jpeg 1024w, https:\/\/arquivo.pedroleopoldo.mg.gov.br\/wp-content\/uploads\/2021\/11\/Bairro-Morada-dos-Hibiscos-1-300x169.jpeg 300w, https:\/\/arquivo.pedroleopoldo.mg.gov.br\/wp-content\/uploads\/2021\/11\/Bairro-Morada-dos-Hibiscos-1-768x432.jpeg 768w, https:\/\/arquivo.pedroleopoldo.mg.gov.br\/wp-content\/uploads\/2021\/11\/Bairro-Morada-dos-Hibiscos-1.jpeg 1032w\" sizes=\"(max-width: 1024px) 100vw, 1024px\" \/><figcaption>Bairro Morada dos Hibiscos <\/figcaption><\/figure>\n\n\n\n<figure class=\"wp-block-image size-large\"><img decoding=\"async\" loading=\"lazy\" width=\"1024\" height=\"768\" src=\"http:\/\/pedroleopoldo.mg.gov.br\/wp-content\/uploads\/2021\/11\/Passagem-da-linha-f\u00e9rrea-2-1.jpeg\" alt=\"\" class=\"wp-image-18760\" srcset=\"https:\/\/arquivo.pedroleopoldo.mg.gov.br\/wp-content\/uploads\/2021\/11\/Passagem-da-linha-f\u00e9rrea-2-1.jpeg 1024w, https:\/\/arquivo.pedroleopoldo.mg.gov.br\/wp-content\/uploads\/2021\/11\/Passagem-da-linha-f\u00e9rrea-2-1-300x225.jpeg 300w, https:\/\/arquivo.pedroleopoldo.mg.gov.br\/wp-content\/uploads\/2021\/11\/Passagem-da-linha-f\u00e9rrea-2-1-768x576.jpeg 768w\" sizes=\"(max-width: 1024px) 100vw, 1024px\" \/><figcaption>Passagem da Linha Ferrovi\u00e1ria<\/figcaption><\/figure>\n","protected":false},"excerpt":{"rendered":"<p>Al\u00e9m&nbsp;dos&nbsp;cemit\u00e9rios,&nbsp;foram&nbsp;realizados&nbsp;os&nbsp;trabalhos&nbsp;de&nbsp;capina,&nbsp;limpeza&nbsp;e&nbsp;opera\u00e7\u00e3o&nbsp;tapa-buracos&nbsp;em&nbsp;v\u00e1rios&nbsp;pontos&nbsp;de&nbsp;Pedro&nbsp;Leopoldo Com&nbsp;objetivo&nbsp;de&nbsp;dar&nbsp;mais&nbsp;qualidade&nbsp;de&nbsp;vida&nbsp;ao&nbsp;cidad\u00e3o,&nbsp;a&nbsp;Prefeitura&nbsp;de&nbsp;Pedro&nbsp;Leopoldo,&nbsp;atrav\u00e9s&nbsp;das&nbsp;chefes&nbsp;do&nbsp;executivo&nbsp;Eloisa&nbsp;Helena&nbsp;e&nbsp;Ana&nbsp;Paula&nbsp;Santos,&nbsp;e&nbsp;da&nbsp;Secretaria&nbsp;Municipal&nbsp;de&nbsp;Obras,&nbsp;realizaram&nbsp;nas&nbsp;\u00faltimas&nbsp;semanas&nbsp;v\u00e1rias&nbsp;a\u00e7\u00f5es&nbsp;pelo&nbsp;munic\u00edpio. Celebrado\u00a0o\u00a0Dia\u00a0de\u00a0Finados,\u00a0no\u00a0\u00faltimo\u00a0dia\u00a002\u00a0de\u00a0novembro,\u00a0os\u00a0cemit\u00e9rios\u00a0dobairro\u00a0S\u00e3o\u00a0Geraldo,\u00a0Lagoa\u00a0de\u00a0Santo\u00a0Ant\u00f4nio,\u00a0Vera\u00a0Cruz\u00a0e\u00a0Quinta\u00a0do\u00a0Sumidouro\u00a0receberam\u00a0servi\u00e7os\u00a0de\u00a0poda,\u00a0capina,\u00a0limpeza\u00a0geral,\u00a0pintura\u00a0interna,\u00a0externa\u00a0e\u00a0drenagem\u00a0pluvial.\u00a0\u201cPromover\u00a0a\u00e7\u00f5es\u00a0como\u00a0essa,\u00a0representam\u00a0respeito\u00a0com\u00a0os\u00a0familiares\u00a0e\u00a0homenagem\u00a0aos\u00a0que\u00a0se\u00a0foram\u201d,\u00a0disse\u00a0a\u00a0Prefeita\u00a0Eloisa\u00a0Helena.\u00a0 Outro&nbsp;ponto&nbsp;na&nbsp;regi\u00e3o&nbsp;central&nbsp;do&nbsp;munic\u00edpio&nbsp;que&nbsp;passou&nbsp;por&nbsp;reparos,&nbsp;foi&nbsp;a&nbsp;passagem&nbsp;de&nbsp;carros&nbsp;da&nbsp;linha&nbsp;ferrovi\u00e1ria&nbsp;da&nbsp;subida&nbsp;no&nbsp;bairro&nbsp;Magalh\u00e3es.&nbsp;Um&nbsp;novo&nbsp;asfalto&nbsp;foi&nbsp;moldado&nbsp;sobre&nbsp;a&nbsp;linha&nbsp;de&nbsp;trem,&nbsp;fazendo&nbsp;com&nbsp;que&nbsp;a&nbsp;trepida\u00e7\u00e3o&nbsp;fosse&nbsp;reduzida&nbsp;quando&nbsp;os&nbsp;ve\u00edculos&nbsp;transitam&nbsp;sobre&nbsp;a&nbsp;linha.&nbsp;\u201cTodo&nbsp;este&nbsp;trabalho&nbsp;\u00e9&nbsp;feito&nbsp;pensando&nbsp;na&nbsp;qualidade&nbsp;de&nbsp;vida&nbsp;das&nbsp;pessoas.&nbsp;Nosso&nbsp;desejo&nbsp;\u00e9&nbsp;atender&nbsp;a&nbsp;todos&nbsp;de&nbsp;uma&nbsp;\u00fanica&nbsp;vez,&nbsp;mas&nbsp;a&nbsp;demanda&nbsp;\u00e9&nbsp;grande&nbsp;e&nbsp;aos&nbsp;poucos&nbsp;vamos&nbsp;atingindo&nbsp;todos&nbsp;os&nbsp;bairros&nbsp;da&nbsp;nossa&nbsp;cidade\u201d,&nbsp;destacou&nbsp;a&nbsp;vice-prefeita&nbsp;Ana&nbsp;Paula&nbsp;Santos,&nbsp;em&nbsp;uma&nbsp;das&nbsp;visitas&nbsp;\u00e0s&nbsp;obras&nbsp;no&nbsp;munic\u00edpio.&nbsp; Ainda,&nbsp;a&nbsp;Prefeitura&nbsp;atendeu&nbsp;\u00e0&nbsp;uma&nbsp;solicita\u00e7\u00e3o&nbsp;de&nbsp;moradores&nbsp;do&nbsp;bairro&nbsp;Morada&nbsp;dos&nbsp;Hibiscos,&nbsp;fazendo&nbsp;o&nbsp;recolhimento&nbsp;de&nbsp;entulhos&nbsp;e&nbsp;a&nbsp;capina&nbsp;manual.&nbsp;J\u00e1&nbsp;na&nbsp;estrada&nbsp;que&nbsp;liga&nbsp;\u00e0&nbsp;regi\u00e3o central \u00e0 regi\u00e3o de&nbsp;Fidalgo,&nbsp;a&nbsp;opera\u00e7\u00e3o&nbsp;tapa-buracos&nbsp;sanou&nbsp;v\u00e1rios problemas em alguns pontos&nbsp;da&nbsp;pista. O p\u00f3s &#8211; chuva do feriado prolongado tamb\u00e9m foi de trabalho para a equipe de obras da Prefeitura. Os fortes ventos da chuva derrubaram uma \u00e1rvore no bairro Magalh\u00e3es, nas ruas Padre Sinfr\u00f4nio e Roberto Belis\u00e1rio. Imediatamente, a equipe da Prefeitura entrou &hellip; <a href=\"https:\/\/arquivo.pedroleopoldo.mg.gov.br\/?p=18749\" class=\"more-link\">Continuar lendo <span class=\"screen-reader-text\">Secretaria de Obras reforma cemit\u00e9rios e promove outras a\u00e7\u00f5es de melhorias pela cidade<\/span><\/a><\/p>\n","protected":false},"author":1,"featured_media":18761,"comment_status":"closed","ping_status":"closed","sticky":false,"template":"","format":"standard","meta":{"footnotes":""},"categories":[4],"tags":[],"_links":{"self":[{"href":"https:\/\/arquivo.pedroleopoldo.mg.gov.br\/index.php?rest_route=\/wp\/v2\/posts\/18749"}],"collection":[{"href":"https:\/\/arquivo.pedroleopoldo.mg.gov.br\/index.php?rest_route=\/wp\/v2\/posts"}],"about":[{"href":"https:\/\/arquivo.pedroleopoldo.mg.gov.br\/index.php?rest_route=\/wp\/v2\/types\/post"}],"author":[{"embeddable":true,"href":"https:\/\/arquivo.pedroleopoldo.mg.gov.br\/index.php?rest_route=\/wp\/v2\/users\/1"}],"replies":[{"embeddable":true,"href":"https:\/\/arquivo.pedroleopoldo.mg.gov.br\/index.php?rest_route=%2Fwp%2Fv2%2Fcomments&post=18749"}],"version-history":[{"count":0,"href":"https:\/\/arquivo.pedroleopoldo.mg.gov.br\/index.php?rest_route=\/wp\/v2\/posts\/18749\/revisions"}],"wp:featuredmedia":[{"embeddable":true,"href":"https:\/\/arquivo.pedroleopoldo.mg.gov.br\/index.php?rest_route=\/wp\/v2\/media\/18761"}],"wp:attachment":[{"href":"https:\/\/arquivo.pedroleopoldo.mg.gov.br\/index.php?rest_route=%2Fwp%2Fv2%2Fmedia&parent=18749"}],"wp:term":[{"taxonomy":"category","embeddable":true,"href":"https:\/\/arquivo.pedroleopoldo.mg.gov.br\/index.php?rest_route=%2Fwp%2Fv2%2Fcategories&post=18749"},{"taxonomy":"post_tag","embeddable":true,"href":"https:\/\/arquivo.pedroleopoldo.mg.gov.br\/index.php?rest_route=%2Fwp%2Fv2%2Ftags&post=18749"}],"curies":[{"name":"wp","href":"https:\/\/api.w.org\/{rel}","templated":true}]}}