{"id":18743,"date":"2021-11-03T15:38:57","date_gmt":"2021-11-03T18:38:57","guid":{"rendered":"http:\/\/pedroleopoldo.mg.gov.br\/?p=18743"},"modified":"2021-11-03T15:39:03","modified_gmt":"2021-11-03T18:39:03","slug":"prefeitura-realiza-operacao-pos-chuva","status":"publish","type":"post","link":"https:\/\/arquivo.pedroleopoldo.mg.gov.br\/?p=18743","title":{"rendered":"Prefeitura realiza opera\u00e7\u00e3o p\u00f3s chuva"},"content":{"rendered":"\n<p>As pancadas de chuva e os ventos fortes durante o feriado prolongado ocasionaram a queda de algumas \u00e1rvores nas ruas Padre Sinfr\u00f4nio e Roberto Belis\u00e1rio, na regi\u00e3o do bairro Magalh\u00e3es. Imediatamente, a equipe da Prefeitura, por meio da Secretaria Municipal de Obras e Servi\u00e7os P\u00fablicos, entrou em a\u00e7\u00e3o para realizar a limpeza e a libera\u00e7\u00e3o do tr\u00e2nsito no local.<\/p>\n\n\n\n<figure class=\"wp-block-gallery columns-1 is-cropped wp-block-gallery-1 is-layout-flex wp-block-gallery-is-layout-flex\"><ul class=\"blocks-gallery-grid\"><li class=\"blocks-gallery-item\"><figure><img decoding=\"async\" loading=\"lazy\" width=\"1024\" height=\"576\" src=\"http:\/\/pedroleopoldo.mg.gov.br\/wp-content\/uploads\/2021\/11\/WhatsApp-Image-2021-11-03-at-15.11.52-1024x576.jpeg\" alt=\"\" data-id=\"18745\" data-full-url=\"http:\/\/pedroleopoldo.mg.gov.br\/wp-content\/uploads\/2021\/11\/WhatsApp-Image-2021-11-03-at-15.11.52.jpeg\" data-link=\"http:\/\/pedroleopoldo.mg.gov.br\/?attachment_id=18745\" class=\"wp-image-18745\" srcset=\"https:\/\/arquivo.pedroleopoldo.mg.gov.br\/wp-content\/uploads\/2021\/11\/WhatsApp-Image-2021-11-03-at-15.11.52-1024x576.jpeg 1024w, https:\/\/arquivo.pedroleopoldo.mg.gov.br\/wp-content\/uploads\/2021\/11\/WhatsApp-Image-2021-11-03-at-15.11.52-300x169.jpeg 300w, https:\/\/arquivo.pedroleopoldo.mg.gov.br\/wp-content\/uploads\/2021\/11\/WhatsApp-Image-2021-11-03-at-15.11.52-768x432.jpeg 768w, https:\/\/arquivo.pedroleopoldo.mg.gov.br\/wp-content\/uploads\/2021\/11\/WhatsApp-Image-2021-11-03-at-15.11.52-1536x864.jpeg 1536w, https:\/\/arquivo.pedroleopoldo.mg.gov.br\/wp-content\/uploads\/2021\/11\/WhatsApp-Image-2021-11-03-at-15.11.52.jpeg 1600w\" sizes=\"(max-width: 1024px) 100vw, 1024px\" \/><\/figure><\/li><\/ul><\/figure>\n","protected":false},"excerpt":{"rendered":"<p>As pancadas de chuva e os ventos fortes durante o feriado prolongado ocasionaram a queda de algumas \u00e1rvores nas ruas Padre Sinfr\u00f4nio e Roberto Belis\u00e1rio, na regi\u00e3o do bairro Magalh\u00e3es. Imediatamente, a equipe da Prefeitura, por meio da Secretaria Municipal de Obras e Servi\u00e7os P\u00fablicos, entrou em a\u00e7\u00e3o para realizar a limpeza e a libera\u00e7\u00e3o &hellip; <a href=\"https:\/\/arquivo.pedroleopoldo.mg.gov.br\/?p=18743\" class=\"more-link\">Continuar lendo <span class=\"screen-reader-text\">Prefeitura realiza opera\u00e7\u00e3o p\u00f3s chuva<\/span><\/a><\/p>\n","protected":false},"author":1,"featured_media":18744,"comment_status":"closed","ping_status":"closed","sticky":false,"template":"","format":"standard","meta":{"footnotes":""},"categories":[4],"tags":[],"_links":{"self":[{"href":"https:\/\/arquivo.pedroleopoldo.mg.gov.br\/index.php?rest_route=\/wp\/v2\/posts\/18743"}],"collection":[{"href":"https:\/\/arquivo.pedroleopoldo.mg.gov.br\/index.php?rest_route=\/wp\/v2\/posts"}],"about":[{"href":"https:\/\/arquivo.pedroleopoldo.mg.gov.br\/index.php?rest_route=\/wp\/v2\/types\/post"}],"author":[{"embeddable":true,"href":"https:\/\/arquivo.pedroleopoldo.mg.gov.br\/index.php?rest_route=\/wp\/v2\/users\/1"}],"replies":[{"embeddable":true,"href":"https:\/\/arquivo.pedroleopoldo.mg.gov.br\/index.php?rest_route=%2Fwp%2Fv2%2Fcomments&post=18743"}],"version-history":[{"count":0,"href":"https:\/\/arquivo.pedroleopoldo.mg.gov.br\/index.php?rest_route=\/wp\/v2\/posts\/18743\/revisions"}],"wp:featuredmedia":[{"embeddable":true,"href":"https:\/\/arquivo.pedroleopoldo.mg.gov.br\/index.php?rest_route=\/wp\/v2\/media\/18744"}],"wp:attachment":[{"href":"https:\/\/arquivo.pedroleopoldo.mg.gov.br\/index.php?rest_route=%2Fwp%2Fv2%2Fmedia&parent=18743"}],"wp:term":[{"taxonomy":"category","embeddable":true,"href":"https:\/\/arquivo.pedroleopoldo.mg.gov.br\/index.php?rest_route=%2Fwp%2Fv2%2Fcategories&post=18743"},{"taxonomy":"post_tag","embeddable":true,"href":"https:\/\/arquivo.pedroleopoldo.mg.gov.br\/index.php?rest_route=%2Fwp%2Fv2%2Ftags&post=18743"}],"curies":[{"name":"wp","href":"https:\/\/api.w.org\/{rel}","templated":true}]}}