{"id":18653,"date":"2021-10-25T13:08:30","date_gmt":"2021-10-25T16:08:30","guid":{"rendered":"http:\/\/pedroleopoldo.mg.gov.br\/?p=18653"},"modified":"2021-10-25T13:37:43","modified_gmt":"2021-10-25T16:37:43","slug":"prefeitura-aplica-vacina-antirrabica-em-caes-e-gatos","status":"publish","type":"post","link":"https:\/\/arquivo.pedroleopoldo.mg.gov.br\/?p=18653","title":{"rendered":"Secretaria de Sa\u00fade aplica vacina antirr\u00e1bica em c\u00e3es e gatos"},"content":{"rendered":"\n<p>Aconteceu no \u00faltimo s\u00e1bado, 23 de outubro, a vacina\u00e7\u00e3o antirr\u00e1bica para c\u00e3es e gatos de Pedro Leopoldo. Dessa vez o p\u00fablico do Centro e da Regi\u00e3o Sul do Munic\u00edpio foram contemplados. <\/p>\n\n\n\n<p>Ainda essa semana, publicaremos novo cronograma para outros pontos da cidade. Fique ligado em nosso site e redes sociais. <\/p>\n\n\n\n<p><a href=\"https:\/\/www.instagram.com\/prefeituradepedroleopoldo\/\">https:\/\/www.instagram.com\/prefeituradepedroleopoldo\/<\/a><\/p>\n\n\n\n<figure class=\"wp-block-gallery columns-1 is-cropped wp-block-gallery-1 is-layout-flex wp-block-gallery-is-layout-flex\"><ul class=\"blocks-gallery-grid\"><li class=\"blocks-gallery-item\"><figure><img decoding=\"async\" loading=\"lazy\" width=\"1024\" height=\"768\" src=\"http:\/\/pedroleopoldo.mg.gov.br\/wp-content\/uploads\/2021\/10\/WhatsApp-Image-2021-10-23-at-10.51.44-1-1024x768.jpeg\" alt=\"\" data-id=\"18654\" data-full-url=\"http:\/\/pedroleopoldo.mg.gov.br\/wp-content\/uploads\/2021\/10\/WhatsApp-Image-2021-10-23-at-10.51.44-1.jpeg\" data-link=\"http:\/\/pedroleopoldo.mg.gov.br\/?attachment_id=18654\" class=\"wp-image-18654\" srcset=\"https:\/\/arquivo.pedroleopoldo.mg.gov.br\/wp-content\/uploads\/2021\/10\/WhatsApp-Image-2021-10-23-at-10.51.44-1-1024x768.jpeg 1024w, https:\/\/arquivo.pedroleopoldo.mg.gov.br\/wp-content\/uploads\/2021\/10\/WhatsApp-Image-2021-10-23-at-10.51.44-1-300x225.jpeg 300w, https:\/\/arquivo.pedroleopoldo.mg.gov.br\/wp-content\/uploads\/2021\/10\/WhatsApp-Image-2021-10-23-at-10.51.44-1-768x576.jpeg 768w, https:\/\/arquivo.pedroleopoldo.mg.gov.br\/wp-content\/uploads\/2021\/10\/WhatsApp-Image-2021-10-23-at-10.51.44-1-1536x1152.jpeg 1536w, https:\/\/arquivo.pedroleopoldo.mg.gov.br\/wp-content\/uploads\/2021\/10\/WhatsApp-Image-2021-10-23-at-10.51.44-1.jpeg 1600w\" sizes=\"(max-width: 1024px) 100vw, 1024px\" \/><\/figure><\/li><\/ul><\/figure>\n\n\n\n<p><\/p>\n","protected":false},"excerpt":{"rendered":"<p>Aconteceu no \u00faltimo s\u00e1bado, 23 de outubro, a vacina\u00e7\u00e3o antirr\u00e1bica para c\u00e3es e gatos de Pedro Leopoldo. Dessa vez o p\u00fablico do Centro e da Regi\u00e3o Sul do Munic\u00edpio foram contemplados. Ainda essa semana, publicaremos novo cronograma para outros pontos da cidade. Fique ligado em nosso site e redes sociais. https:\/\/www.instagram.com\/prefeituradepedroleopoldo\/<\/p>\n","protected":false},"author":1,"featured_media":18655,"comment_status":"closed","ping_status":"closed","sticky":false,"template":"","format":"standard","meta":{"footnotes":""},"categories":[4],"tags":[],"_links":{"self":[{"href":"https:\/\/arquivo.pedroleopoldo.mg.gov.br\/index.php?rest_route=\/wp\/v2\/posts\/18653"}],"collection":[{"href":"https:\/\/arquivo.pedroleopoldo.mg.gov.br\/index.php?rest_route=\/wp\/v2\/posts"}],"about":[{"href":"https:\/\/arquivo.pedroleopoldo.mg.gov.br\/index.php?rest_route=\/wp\/v2\/types\/post"}],"author":[{"embeddable":true,"href":"https:\/\/arquivo.pedroleopoldo.mg.gov.br\/index.php?rest_route=\/wp\/v2\/users\/1"}],"replies":[{"embeddable":true,"href":"https:\/\/arquivo.pedroleopoldo.mg.gov.br\/index.php?rest_route=%2Fwp%2Fv2%2Fcomments&post=18653"}],"version-history":[{"count":0,"href":"https:\/\/arquivo.pedroleopoldo.mg.gov.br\/index.php?rest_route=\/wp\/v2\/posts\/18653\/revisions"}],"wp:featuredmedia":[{"embeddable":true,"href":"https:\/\/arquivo.pedroleopoldo.mg.gov.br\/index.php?rest_route=\/wp\/v2\/media\/18655"}],"wp:attachment":[{"href":"https:\/\/arquivo.pedroleopoldo.mg.gov.br\/index.php?rest_route=%2Fwp%2Fv2%2Fmedia&parent=18653"}],"wp:term":[{"taxonomy":"category","embeddable":true,"href":"https:\/\/arquivo.pedroleopoldo.mg.gov.br\/index.php?rest_route=%2Fwp%2Fv2%2Fcategories&post=18653"},{"taxonomy":"post_tag","embeddable":true,"href":"https:\/\/arquivo.pedroleopoldo.mg.gov.br\/index.php?rest_route=%2Fwp%2Fv2%2Ftags&post=18653"}],"curies":[{"name":"wp","href":"https:\/\/api.w.org\/{rel}","templated":true}]}}