{"id":18646,"date":"2021-10-25T13:03:10","date_gmt":"2021-10-25T16:03:10","guid":{"rendered":"http:\/\/pedroleopoldo.mg.gov.br\/?p=18646"},"modified":"2021-10-25T13:03:13","modified_gmt":"2021-10-25T16:03:13","slug":"prefeitura-discute-a-lei-orcamentaria-anual-de-2022","status":"publish","type":"post","link":"https:\/\/arquivo.pedroleopoldo.mg.gov.br\/?p=18646","title":{"rendered":"Prefeitura discute a Lei Or\u00e7ament\u00e1ria Anual de 2022"},"content":{"rendered":"\n<p><em>A reuni\u00e3o aconteceu na C\u00e2mara de Vereadores de PL<\/em><\/p>\n\n\n\n<p>Na tarde da \u00faltima quinta-feira, 21, a Secret\u00e1ria de Fazenda Iara de Souza, esteve na C\u00e2mara de Vereadores de Pedro Leopoldo, para participar da Audi\u00eancia P\u00fablica para discuss\u00e3o da Lei Or\u00e7ament\u00e1ria Anual 2022. <\/p>\n\n\n\n<p>O or\u00e7amento p\u00fablico \u00e9 o instrumento de planejamento que estima as receitas que o Munic\u00edpio espera arrecadar ao longo do pr\u00f3ximo ano e, com base nelas, autoriza um limite de gastos a ser realizado com tais recursos.<\/p>\n\n\n\n<figure class=\"wp-block-image size-large\"><img decoding=\"async\" loading=\"lazy\" width=\"1024\" height=\"768\" src=\"http:\/\/pedroleopoldo.mg.gov.br\/wp-content\/uploads\/2021\/10\/WhatsApp-Image-2021-10-21-at-16.34.44-1024x768.jpeg\" alt=\"\" class=\"wp-image-18649\" srcset=\"https:\/\/arquivo.pedroleopoldo.mg.gov.br\/wp-content\/uploads\/2021\/10\/WhatsApp-Image-2021-10-21-at-16.34.44-1024x768.jpeg 1024w, https:\/\/arquivo.pedroleopoldo.mg.gov.br\/wp-content\/uploads\/2021\/10\/WhatsApp-Image-2021-10-21-at-16.34.44-300x225.jpeg 300w, https:\/\/arquivo.pedroleopoldo.mg.gov.br\/wp-content\/uploads\/2021\/10\/WhatsApp-Image-2021-10-21-at-16.34.44-768x576.jpeg 768w, https:\/\/arquivo.pedroleopoldo.mg.gov.br\/wp-content\/uploads\/2021\/10\/WhatsApp-Image-2021-10-21-at-16.34.44-1536x1152.jpeg 1536w, https:\/\/arquivo.pedroleopoldo.mg.gov.br\/wp-content\/uploads\/2021\/10\/WhatsApp-Image-2021-10-21-at-16.34.44.jpeg 1600w\" sizes=\"(max-width: 1024px) 100vw, 1024px\" \/><\/figure>\n","protected":false},"excerpt":{"rendered":"<p>A reuni\u00e3o aconteceu na C\u00e2mara de Vereadores de PL Na tarde da \u00faltima quinta-feira, 21, a Secret\u00e1ria de Fazenda Iara de Souza, esteve na C\u00e2mara de Vereadores de Pedro Leopoldo, para participar da Audi\u00eancia P\u00fablica para discuss\u00e3o da Lei Or\u00e7ament\u00e1ria Anual 2022. O or\u00e7amento p\u00fablico \u00e9 o instrumento de planejamento que estima as receitas que &hellip; <a href=\"https:\/\/arquivo.pedroleopoldo.mg.gov.br\/?p=18646\" class=\"more-link\">Continuar lendo <span class=\"screen-reader-text\">Prefeitura discute a Lei Or\u00e7ament\u00e1ria Anual de 2022<\/span><\/a><\/p>\n","protected":false},"author":1,"featured_media":18647,"comment_status":"closed","ping_status":"closed","sticky":false,"template":"","format":"standard","meta":{"footnotes":""},"categories":[4],"tags":[],"_links":{"self":[{"href":"https:\/\/arquivo.pedroleopoldo.mg.gov.br\/index.php?rest_route=\/wp\/v2\/posts\/18646"}],"collection":[{"href":"https:\/\/arquivo.pedroleopoldo.mg.gov.br\/index.php?rest_route=\/wp\/v2\/posts"}],"about":[{"href":"https:\/\/arquivo.pedroleopoldo.mg.gov.br\/index.php?rest_route=\/wp\/v2\/types\/post"}],"author":[{"embeddable":true,"href":"https:\/\/arquivo.pedroleopoldo.mg.gov.br\/index.php?rest_route=\/wp\/v2\/users\/1"}],"replies":[{"embeddable":true,"href":"https:\/\/arquivo.pedroleopoldo.mg.gov.br\/index.php?rest_route=%2Fwp%2Fv2%2Fcomments&post=18646"}],"version-history":[{"count":0,"href":"https:\/\/arquivo.pedroleopoldo.mg.gov.br\/index.php?rest_route=\/wp\/v2\/posts\/18646\/revisions"}],"wp:featuredmedia":[{"embeddable":true,"href":"https:\/\/arquivo.pedroleopoldo.mg.gov.br\/index.php?rest_route=\/wp\/v2\/media\/18647"}],"wp:attachment":[{"href":"https:\/\/arquivo.pedroleopoldo.mg.gov.br\/index.php?rest_route=%2Fwp%2Fv2%2Fmedia&parent=18646"}],"wp:term":[{"taxonomy":"category","embeddable":true,"href":"https:\/\/arquivo.pedroleopoldo.mg.gov.br\/index.php?rest_route=%2Fwp%2Fv2%2Fcategories&post=18646"},{"taxonomy":"post_tag","embeddable":true,"href":"https:\/\/arquivo.pedroleopoldo.mg.gov.br\/index.php?rest_route=%2Fwp%2Fv2%2Ftags&post=18646"}],"curies":[{"name":"wp","href":"https:\/\/api.w.org\/{rel}","templated":true}]}}