{"id":18622,"date":"2021-10-21T13:04:42","date_gmt":"2021-10-21T16:04:42","guid":{"rendered":"http:\/\/pedroleopoldo.mg.gov.br\/?p=18622"},"modified":"2021-10-21T13:04:47","modified_gmt":"2021-10-21T16:04:47","slug":"pedro-leopoldo-comeca-atendimento-presencial-aos-alunos-que-fazem-parte-do-programa-de-inclusao","status":"publish","type":"post","link":"https:\/\/arquivo.pedroleopoldo.mg.gov.br\/?p=18622","title":{"rendered":"Pedro Leopoldo come\u00e7a atendimento presencial aos alunos que fazem parte do programa de inclus\u00e3o"},"content":{"rendered":"\n<p><em>O NAPE &#8211; N\u00facleo de Atendimento Pedag\u00f3gico Especializado, foi inaugurado este ano e em fun\u00e7\u00e3o da pandemia vinha atendendo via plant\u00f5es<\/em><\/p>\n\n\n\n<p>A Prefeitura de Pedro Leopoldo, atrav\u00e9s da Secretaria Municipal de Educa\u00e7\u00e3o, inaugurou em 2021, na sede da Secretaria Municipal de Educa\u00e7\u00e3o, o NAPE &#8211; N\u00facleo de Atendimento Pedag\u00f3gico Especializado, que possui tr\u00eas Salas de Recursos Multifuncionais. <\/p>\n\n\n\n<p>O objetivo do programa \u00e9 ofertar o atendimento educacional especializado aos alunos inseridos como p\u00fablico da Pol\u00edtica Nacional de Educa\u00e7\u00e3o.\u00a0Os atendimentos presencias iniciaram nesta segunda-feira \u2013 18. Antes desta data a equipe do NAPE esteve \u00e0 disposi\u00e7\u00e3o em plant\u00f5es para esclarecimento de d\u00favidas, discuss\u00f5es de casos, acolhimento das institui\u00e7\u00f5es de ensino e das fam\u00edlias.<\/p>\n\n\n\n<p>A Coordenadora do NAPE, Alana Cadete, explica sobre como funciona o programa e fala da import\u00e2ncia do n\u00facleo de inclus\u00e3o para o munic\u00edpio. \u201cA inclus\u00e3o precisa ser encarada como uma pol\u00edtica p\u00fablica cont\u00ednua. \u00c9 uma quest\u00e3o de equidade em que buscamos oferecer o que realmente as pessoas precisam. O NAPE \u00e9 uma de muitas a\u00e7\u00f5es a se fazer. A princ\u00edpio as professoras que comp\u00f5em a equipe atendem alunos na estrutura montada dentro da SME (tr\u00eas salas de atendimento nos turnos matutino e vespertino), onde realizam plant\u00f5es educativos com gestores, pedagogos e familiares dos alunos pertencentes ao p\u00fablico da educa\u00e7\u00e3o especial e inclusiva, al\u00e9m de promover capacita\u00e7\u00f5es para a rede municipal de ensino\u201d, contou Alana.<\/p>\n\n\n\n<p>A coordenadora ainda fala das expectativas do atendimento presencial. \u201cAs expectativas s\u00e3o as melhores com o retorno presencial, possu\u00edmos desafios enormes, mas tudo \u00e9 poss\u00edvel quando se realizasse um trabalho de verdade, s\u00e9rio e em equipe\u201d, refor\u00e7ou.<\/p>\n\n\n\n<p>Vale ressaltar que, antes do NAPE, a Rede Municipal de Ensino j\u00e1 contava com um centro de inclus\u00e3o, CEAI \u2013 Centro Especializado de Apoio \u00e0 Inclus\u00e3o. O NAPE, que substituiu o antigo programa de inclus\u00e3o, desde a sua inaugura\u00e7\u00e3o vem trabalhando para que cada vez mais Pedro Leopoldo seja uma cidade inclusiva, promovendo diversas reuni\u00f5es e eventos, como a Semana da Inclus\u00e3o, com o objetivo de discutir o tema com os pais e os servidores da educa\u00e7\u00e3o.<\/p>\n\n\n\n<figure class=\"wp-block-image size-large\"><img decoding=\"async\" loading=\"lazy\" width=\"1024\" height=\"768\" src=\"http:\/\/pedroleopoldo.mg.gov.br\/wp-content\/uploads\/2021\/10\/WhatsApp-Image-2021-10-21-at-13.00.16-1-1-1024x768.jpeg\" alt=\"\" class=\"wp-image-18629\" srcset=\"https:\/\/arquivo.pedroleopoldo.mg.gov.br\/wp-content\/uploads\/2021\/10\/WhatsApp-Image-2021-10-21-at-13.00.16-1-1-1024x768.jpeg 1024w, https:\/\/arquivo.pedroleopoldo.mg.gov.br\/wp-content\/uploads\/2021\/10\/WhatsApp-Image-2021-10-21-at-13.00.16-1-1-300x225.jpeg 300w, https:\/\/arquivo.pedroleopoldo.mg.gov.br\/wp-content\/uploads\/2021\/10\/WhatsApp-Image-2021-10-21-at-13.00.16-1-1-768x576.jpeg 768w, https:\/\/arquivo.pedroleopoldo.mg.gov.br\/wp-content\/uploads\/2021\/10\/WhatsApp-Image-2021-10-21-at-13.00.16-1-1-1536x1152.jpeg 1536w, https:\/\/arquivo.pedroleopoldo.mg.gov.br\/wp-content\/uploads\/2021\/10\/WhatsApp-Image-2021-10-21-at-13.00.16-1-1.jpeg 1600w\" sizes=\"(max-width: 1024px) 100vw, 1024px\" \/><\/figure>\n\n\n\n<figure class=\"wp-block-image size-large\"><img decoding=\"async\" loading=\"lazy\" width=\"1024\" height=\"768\" src=\"http:\/\/pedroleopoldo.mg.gov.br\/wp-content\/uploads\/2021\/10\/WhatsApp-Image-2021-10-21-at-13.00.16-1024x768.jpeg\" alt=\"\" class=\"wp-image-18630\" srcset=\"https:\/\/arquivo.pedroleopoldo.mg.gov.br\/wp-content\/uploads\/2021\/10\/WhatsApp-Image-2021-10-21-at-13.00.16-1024x768.jpeg 1024w, https:\/\/arquivo.pedroleopoldo.mg.gov.br\/wp-content\/uploads\/2021\/10\/WhatsApp-Image-2021-10-21-at-13.00.16-300x225.jpeg 300w, https:\/\/arquivo.pedroleopoldo.mg.gov.br\/wp-content\/uploads\/2021\/10\/WhatsApp-Image-2021-10-21-at-13.00.16-768x576.jpeg 768w, https:\/\/arquivo.pedroleopoldo.mg.gov.br\/wp-content\/uploads\/2021\/10\/WhatsApp-Image-2021-10-21-at-13.00.16-1536x1152.jpeg 1536w, https:\/\/arquivo.pedroleopoldo.mg.gov.br\/wp-content\/uploads\/2021\/10\/WhatsApp-Image-2021-10-21-at-13.00.16.jpeg 1600w\" sizes=\"(max-width: 1024px) 100vw, 1024px\" \/><\/figure>\n\n\n\n<figure class=\"wp-block-image size-large\"><img decoding=\"async\" loading=\"lazy\" width=\"1024\" height=\"768\" src=\"http:\/\/pedroleopoldo.mg.gov.br\/wp-content\/uploads\/2021\/10\/WhatsApp-Image-2021-10-21-at-13.00.17-1024x768.jpeg\" alt=\"\" class=\"wp-image-18631\" srcset=\"https:\/\/arquivo.pedroleopoldo.mg.gov.br\/wp-content\/uploads\/2021\/10\/WhatsApp-Image-2021-10-21-at-13.00.17-1024x768.jpeg 1024w, https:\/\/arquivo.pedroleopoldo.mg.gov.br\/wp-content\/uploads\/2021\/10\/WhatsApp-Image-2021-10-21-at-13.00.17-300x225.jpeg 300w, https:\/\/arquivo.pedroleopoldo.mg.gov.br\/wp-content\/uploads\/2021\/10\/WhatsApp-Image-2021-10-21-at-13.00.17-768x576.jpeg 768w, https:\/\/arquivo.pedroleopoldo.mg.gov.br\/wp-content\/uploads\/2021\/10\/WhatsApp-Image-2021-10-21-at-13.00.17-1536x1152.jpeg 1536w, https:\/\/arquivo.pedroleopoldo.mg.gov.br\/wp-content\/uploads\/2021\/10\/WhatsApp-Image-2021-10-21-at-13.00.17.jpeg 1600w\" sizes=\"(max-width: 1024px) 100vw, 1024px\" \/><\/figure>\n","protected":false},"excerpt":{"rendered":"<p>O NAPE &#8211; N\u00facleo de Atendimento Pedag\u00f3gico Especializado, foi inaugurado este ano e em fun\u00e7\u00e3o da pandemia vinha atendendo via plant\u00f5es A Prefeitura de Pedro Leopoldo, atrav\u00e9s da Secretaria Municipal de Educa\u00e7\u00e3o, inaugurou em 2021, na sede da Secretaria Municipal de Educa\u00e7\u00e3o, o NAPE &#8211; N\u00facleo de Atendimento Pedag\u00f3gico Especializado, que possui tr\u00eas Salas de &hellip; <a href=\"https:\/\/arquivo.pedroleopoldo.mg.gov.br\/?p=18622\" class=\"more-link\">Continuar lendo <span class=\"screen-reader-text\">Pedro Leopoldo come\u00e7a atendimento presencial aos alunos que fazem parte do programa de inclus\u00e3o<\/span><\/a><\/p>\n","protected":false},"author":1,"featured_media":18628,"comment_status":"closed","ping_status":"closed","sticky":false,"template":"","format":"standard","meta":{"footnotes":""},"categories":[4],"tags":[],"_links":{"self":[{"href":"https:\/\/arquivo.pedroleopoldo.mg.gov.br\/index.php?rest_route=\/wp\/v2\/posts\/18622"}],"collection":[{"href":"https:\/\/arquivo.pedroleopoldo.mg.gov.br\/index.php?rest_route=\/wp\/v2\/posts"}],"about":[{"href":"https:\/\/arquivo.pedroleopoldo.mg.gov.br\/index.php?rest_route=\/wp\/v2\/types\/post"}],"author":[{"embeddable":true,"href":"https:\/\/arquivo.pedroleopoldo.mg.gov.br\/index.php?rest_route=\/wp\/v2\/users\/1"}],"replies":[{"embeddable":true,"href":"https:\/\/arquivo.pedroleopoldo.mg.gov.br\/index.php?rest_route=%2Fwp%2Fv2%2Fcomments&post=18622"}],"version-history":[{"count":0,"href":"https:\/\/arquivo.pedroleopoldo.mg.gov.br\/index.php?rest_route=\/wp\/v2\/posts\/18622\/revisions"}],"wp:featuredmedia":[{"embeddable":true,"href":"https:\/\/arquivo.pedroleopoldo.mg.gov.br\/index.php?rest_route=\/wp\/v2\/media\/18628"}],"wp:attachment":[{"href":"https:\/\/arquivo.pedroleopoldo.mg.gov.br\/index.php?rest_route=%2Fwp%2Fv2%2Fmedia&parent=18622"}],"wp:term":[{"taxonomy":"category","embeddable":true,"href":"https:\/\/arquivo.pedroleopoldo.mg.gov.br\/index.php?rest_route=%2Fwp%2Fv2%2Fcategories&post=18622"},{"taxonomy":"post_tag","embeddable":true,"href":"https:\/\/arquivo.pedroleopoldo.mg.gov.br\/index.php?rest_route=%2Fwp%2Fv2%2Ftags&post=18622"}],"curies":[{"name":"wp","href":"https:\/\/api.w.org\/{rel}","templated":true}]}}