{"id":18589,"date":"2021-10-18T17:40:36","date_gmt":"2021-10-18T20:40:36","guid":{"rendered":"http:\/\/pedroleopoldo.mg.gov.br\/?p=18589"},"modified":"2021-10-18T17:40:40","modified_gmt":"2021-10-18T20:40:40","slug":"prefeitura-aplica-d3-nos-dias-19-e-20-de-outubro","status":"publish","type":"post","link":"https:\/\/arquivo.pedroleopoldo.mg.gov.br\/?p=18589","title":{"rendered":"Prefeitura aplica D3 nos dias 19 e 20 de outubro"},"content":{"rendered":"\n<p><em>O p\u00fablico alvo s\u00e3o as pessoas de 75 anos ou mais que tomaram a 2\u00aa dose h\u00e1 mais de 06 meses<\/em><\/p>\n\n\n\n<p>Olha a dose de refor\u00e7o a\u00ed gente!<br>Na ter\u00e7a-feira, 19 de outubro, e quarta-feira, 20 de outubro, tem vacina\u00e7\u00e3o da Dose de Refor\u00e7o para as pessoas de 75 anos ou mais que tomaram a 2\u00aa dose h\u00e1 mais de 06 meses. <\/p>\n\n\n\n<p>Fique ligado em todas as informa\u00e7\u00f5es da imagem!<\/p>\n\n\n\n<p><a href=\"https:\/\/www.instagram.com\/explore\/tags\/vacinasim\/\">#VacinaSIM<\/a>\u00a0\ud83d\udc89<\/p>\n\n\n\n<figure class=\"wp-block-gallery columns-1 is-cropped wp-block-gallery-1 is-layout-flex wp-block-gallery-is-layout-flex\"><ul class=\"blocks-gallery-grid\"><li class=\"blocks-gallery-item\"><figure><img decoding=\"async\" loading=\"lazy\" width=\"1024\" height=\"1024\" src=\"http:\/\/pedroleopoldo.mg.gov.br\/wp-content\/uploads\/2021\/10\/WhatsApp-Image-2021-10-18-at-17.07.33-1024x1024.jpeg\" alt=\"\" data-id=\"18590\" data-full-url=\"http:\/\/pedroleopoldo.mg.gov.br\/wp-content\/uploads\/2021\/10\/WhatsApp-Image-2021-10-18-at-17.07.33.jpeg\" data-link=\"http:\/\/pedroleopoldo.mg.gov.br\/?attachment_id=18590\" class=\"wp-image-18590\" srcset=\"https:\/\/arquivo.pedroleopoldo.mg.gov.br\/wp-content\/uploads\/2021\/10\/WhatsApp-Image-2021-10-18-at-17.07.33-1024x1024.jpeg 1024w, https:\/\/arquivo.pedroleopoldo.mg.gov.br\/wp-content\/uploads\/2021\/10\/WhatsApp-Image-2021-10-18-at-17.07.33-300x300.jpeg 300w, https:\/\/arquivo.pedroleopoldo.mg.gov.br\/wp-content\/uploads\/2021\/10\/WhatsApp-Image-2021-10-18-at-17.07.33-150x150.jpeg 150w, https:\/\/arquivo.pedroleopoldo.mg.gov.br\/wp-content\/uploads\/2021\/10\/WhatsApp-Image-2021-10-18-at-17.07.33-768x768.jpeg 768w, https:\/\/arquivo.pedroleopoldo.mg.gov.br\/wp-content\/uploads\/2021\/10\/WhatsApp-Image-2021-10-18-at-17.07.33.jpeg 1080w\" sizes=\"(max-width: 1024px) 100vw, 1024px\" \/><\/figure><\/li><\/ul><\/figure>\n","protected":false},"excerpt":{"rendered":"<p>O p\u00fablico alvo s\u00e3o as pessoas de 75 anos ou mais que tomaram a 2\u00aa dose h\u00e1 mais de 06 meses Olha a dose de refor\u00e7o a\u00ed gente!Na ter\u00e7a-feira, 19 de outubro, e quarta-feira, 20 de outubro, tem vacina\u00e7\u00e3o da Dose de Refor\u00e7o para as pessoas de 75 anos ou mais que tomaram a 2\u00aa &hellip; <a href=\"https:\/\/arquivo.pedroleopoldo.mg.gov.br\/?p=18589\" class=\"more-link\">Continuar lendo <span class=\"screen-reader-text\">Prefeitura aplica D3 nos dias 19 e 20 de outubro<\/span><\/a><\/p>\n","protected":false},"author":1,"featured_media":18591,"comment_status":"closed","ping_status":"closed","sticky":false,"template":"","format":"standard","meta":{"footnotes":""},"categories":[4],"tags":[],"_links":{"self":[{"href":"https:\/\/arquivo.pedroleopoldo.mg.gov.br\/index.php?rest_route=\/wp\/v2\/posts\/18589"}],"collection":[{"href":"https:\/\/arquivo.pedroleopoldo.mg.gov.br\/index.php?rest_route=\/wp\/v2\/posts"}],"about":[{"href":"https:\/\/arquivo.pedroleopoldo.mg.gov.br\/index.php?rest_route=\/wp\/v2\/types\/post"}],"author":[{"embeddable":true,"href":"https:\/\/arquivo.pedroleopoldo.mg.gov.br\/index.php?rest_route=\/wp\/v2\/users\/1"}],"replies":[{"embeddable":true,"href":"https:\/\/arquivo.pedroleopoldo.mg.gov.br\/index.php?rest_route=%2Fwp%2Fv2%2Fcomments&post=18589"}],"version-history":[{"count":0,"href":"https:\/\/arquivo.pedroleopoldo.mg.gov.br\/index.php?rest_route=\/wp\/v2\/posts\/18589\/revisions"}],"wp:featuredmedia":[{"embeddable":true,"href":"https:\/\/arquivo.pedroleopoldo.mg.gov.br\/index.php?rest_route=\/wp\/v2\/media\/18591"}],"wp:attachment":[{"href":"https:\/\/arquivo.pedroleopoldo.mg.gov.br\/index.php?rest_route=%2Fwp%2Fv2%2Fmedia&parent=18589"}],"wp:term":[{"taxonomy":"category","embeddable":true,"href":"https:\/\/arquivo.pedroleopoldo.mg.gov.br\/index.php?rest_route=%2Fwp%2Fv2%2Fcategories&post=18589"},{"taxonomy":"post_tag","embeddable":true,"href":"https:\/\/arquivo.pedroleopoldo.mg.gov.br\/index.php?rest_route=%2Fwp%2Fv2%2Ftags&post=18589"}],"curies":[{"name":"wp","href":"https:\/\/api.w.org\/{rel}","templated":true}]}}