{"id":18554,"date":"2021-10-14T16:13:45","date_gmt":"2021-10-14T19:13:45","guid":{"rendered":"http:\/\/pedroleopoldo.mg.gov.br\/?p=18554"},"modified":"2021-10-14T16:13:51","modified_gmt":"2021-10-14T19:13:51","slug":"caso-heineken","status":"publish","type":"post","link":"https:\/\/arquivo.pedroleopoldo.mg.gov.br\/?p=18554","title":{"rendered":"Caso Heineken"},"content":{"rendered":"\n<p>Comprovando atitude respons\u00e1vel em rela\u00e7\u00e3o ao caso Heineken, a Prefeita Eloisa, a Vice-Prefeita Ana Paula e o Secret\u00e1rio de Meio Ambiente Mauro Lobato, estiveram reunidos, nessa manh\u00e3 do dia 13 de outubro, com a Chefia do ICMBio em Lagoa Santa, Ant\u00f4nio Calazans e Frederico Martins, com o objetivo de atualizar as informa\u00e7\u00f5es a respeito do procedimento de embargo das obras da cervejaria e ouvir dos pr\u00f3prios t\u00e9cnicos maiores explica\u00e7\u00f5es. Nesta oportunidade, a Prefeitura refor\u00e7ou seu papel e interesse como mediadora na interlocu\u00e7\u00e3o entre a Heineken e o ICMBio objetivando a libera\u00e7\u00e3o da obra, posi\u00e7\u00e3o essa muito elogiada pelo \u00f3rg\u00e3o ambiental.<\/p>\n","protected":false},"excerpt":{"rendered":"<p>Comprovando atitude respons\u00e1vel em rela\u00e7\u00e3o ao caso Heineken, a Prefeita Eloisa, a Vice-Prefeita Ana Paula e o Secret\u00e1rio de Meio Ambiente Mauro Lobato, estiveram reunidos, nessa manh\u00e3 do dia 13 de outubro, com a Chefia do ICMBio em Lagoa Santa, Ant\u00f4nio Calazans e Frederico Martins, com o objetivo de atualizar as informa\u00e7\u00f5es a respeito do &hellip; <a href=\"https:\/\/arquivo.pedroleopoldo.mg.gov.br\/?p=18554\" class=\"more-link\">Continuar lendo <span class=\"screen-reader-text\">Caso Heineken<\/span><\/a><\/p>\n","protected":false},"author":1,"featured_media":18555,"comment_status":"closed","ping_status":"closed","sticky":false,"template":"","format":"standard","meta":{"footnotes":""},"categories":[4],"tags":[],"_links":{"self":[{"href":"https:\/\/arquivo.pedroleopoldo.mg.gov.br\/index.php?rest_route=\/wp\/v2\/posts\/18554"}],"collection":[{"href":"https:\/\/arquivo.pedroleopoldo.mg.gov.br\/index.php?rest_route=\/wp\/v2\/posts"}],"about":[{"href":"https:\/\/arquivo.pedroleopoldo.mg.gov.br\/index.php?rest_route=\/wp\/v2\/types\/post"}],"author":[{"embeddable":true,"href":"https:\/\/arquivo.pedroleopoldo.mg.gov.br\/index.php?rest_route=\/wp\/v2\/users\/1"}],"replies":[{"embeddable":true,"href":"https:\/\/arquivo.pedroleopoldo.mg.gov.br\/index.php?rest_route=%2Fwp%2Fv2%2Fcomments&post=18554"}],"version-history":[{"count":0,"href":"https:\/\/arquivo.pedroleopoldo.mg.gov.br\/index.php?rest_route=\/wp\/v2\/posts\/18554\/revisions"}],"wp:featuredmedia":[{"embeddable":true,"href":"https:\/\/arquivo.pedroleopoldo.mg.gov.br\/index.php?rest_route=\/wp\/v2\/media\/18555"}],"wp:attachment":[{"href":"https:\/\/arquivo.pedroleopoldo.mg.gov.br\/index.php?rest_route=%2Fwp%2Fv2%2Fmedia&parent=18554"}],"wp:term":[{"taxonomy":"category","embeddable":true,"href":"https:\/\/arquivo.pedroleopoldo.mg.gov.br\/index.php?rest_route=%2Fwp%2Fv2%2Fcategories&post=18554"},{"taxonomy":"post_tag","embeddable":true,"href":"https:\/\/arquivo.pedroleopoldo.mg.gov.br\/index.php?rest_route=%2Fwp%2Fv2%2Ftags&post=18554"}],"curies":[{"name":"wp","href":"https:\/\/api.w.org\/{rel}","templated":true}]}}