{"id":18487,"date":"2021-10-07T12:54:32","date_gmt":"2021-10-07T15:54:32","guid":{"rendered":"http:\/\/pedroleopoldo.mg.gov.br\/?p=18487"},"modified":"2021-10-07T12:54:37","modified_gmt":"2021-10-07T15:54:37","slug":"prefeitura-promove-diversas-obras-por-pedro-leopoldo","status":"publish","type":"post","link":"https:\/\/arquivo.pedroleopoldo.mg.gov.br\/?p=18487","title":{"rendered":"Prefeitura promove diversas obras por Pedro Leopoldo"},"content":{"rendered":"\n<p><em>A&nbsp;<\/em><em>limpeza e&nbsp;<\/em><em>revitaliza\u00e7\u00e3o da lagoa&nbsp;<\/em><em>de Lagoa de Santo Ant\u00f4nio tem sido<\/em><em>&nbsp;uma das a\u00e7\u00f5es mais priorizadas pela Prefeitura<\/em><\/p>\n\n\n\n<p>Como vem fazendo desde o in\u00edcio da gest\u00e3o, a Prefeitura de Pedro Leopoldo, por meio da Secretaria Municipal de Obras e Servi\u00e7os P\u00fablicos, realizou nas \u00faltimas semanas v\u00e1rias a\u00e7\u00f5es pelo munic\u00edpio com o objetivo de proporcionar qualidade de vida ao cidad\u00e3o. Uma delas foi o come\u00e7o da revitaliza\u00e7\u00e3o da orla da lagoa, no bairro Lagoa de Santo Ant\u00f4nio. Al\u00e9m da limpeza do lixo acumulado, foi feita a poda das \u201cervas daninhas\u201d, ro\u00e7ada mecanizada, rastelada geral, recolhimento do entulho de galhas e lixos.<\/p>\n\n\n\n<p>J\u00e1 no cemit\u00e9rio central, que fica no bairro S\u00e3o Geraldo, a pintura da capela vel\u00f3rio foi conclu\u00edda e agradou&nbsp;especialmente os&nbsp;moradores do local, como a Sra. Maria da Gl\u00f3ria, conhecida como Dona Glorinha. \u201cTrabalho aqui no cemit\u00e9rio voluntariamente j\u00e1 h\u00e1 alguns anos e fa\u00e7o com muito amor. Agora vendo o cuidado que a Prefeita Eloisa est\u00e1 tendo aqui com o local, eu fico at\u00e9 mais animada. Ficou muito bom!\u201d, contou.<\/p>\n\n\n\n<p>Entrando no per\u00edodo chuvoso, a Prefeitura j\u00e1 est\u00e1 atendendo algumas demandas dos estragos causados pelas chuvas. A tempestade da \u00faltima sexta-feira, dia 01 de outubro, bloqueou a estrada que liga a Fazenda Renascer e a Fazenda Marcos Barbabella. Gra\u00e7as ao belo trabalho da equipe de obras, logo cedo a estrada&nbsp;j\u00e1 havia sido&nbsp;liberada.<\/p>\n\n\n\n<p>Ainda, em virtude do per\u00edodo&nbsp;de chuvas, a Prefeitura atendeu&nbsp;a&nbsp;uma&nbsp;antiga&nbsp;reivindica\u00e7\u00e3o dos moradores da Quinta do Sumidouro, na rua Herculano Soares. Quando chovia a \u00e1gua acumulava e criava uma lama. De acordo com a equipe da Secretaria Municipal de Obras, ap\u00f3s a finaliza\u00e7\u00e3o da drenagem para escoamento da \u00e1gua, a rua ser\u00e1 asfaltada.<\/p>\n\n\n\n<p>Outro ponto que teve aten\u00e7\u00e3o do executivo foi a estrada que liga Vera Cruz \u00e0 Ribeir\u00e3o das Neves. Segundo a equipe de obras, foi colocado cascalho na estrada, a\u00e7\u00e3o que melhora a circula\u00e7\u00e3o de ve\u00edculos e d\u00e1 mais seguran\u00e7a aos motoristas. Tamb\u00e9m teve opera\u00e7\u00e3o tapa-buracos, pegando o in\u00edcio da Avenida R\u00f4mulo Joviano, Rua Suzana Passos e indo terminar na estrada de Ferreiras. &#8220;Manter a cidade bem cuidada \u00e9 uma de nossas metas. Procuramos estar sempre atentos para conseguir, na medida do poss\u00edvel, atender a todos os pedroleopoldenses\u201d, destacou\u00a0Eloisa\u00a0Helena, Prefeita Municipal.<\/p>\n\n\n\n<figure class=\"wp-block-image size-large\"><img decoding=\"async\" loading=\"lazy\" width=\"753\" height=\"1024\" src=\"http:\/\/pedroleopoldo.mg.gov.br\/wp-content\/uploads\/2021\/10\/WhatsApp-Image-2021-10-05-at-16.12.20-753x1024.jpeg\" alt=\"\" class=\"wp-image-18489\" srcset=\"https:\/\/arquivo.pedroleopoldo.mg.gov.br\/wp-content\/uploads\/2021\/10\/WhatsApp-Image-2021-10-05-at-16.12.20-753x1024.jpeg 753w, https:\/\/arquivo.pedroleopoldo.mg.gov.br\/wp-content\/uploads\/2021\/10\/WhatsApp-Image-2021-10-05-at-16.12.20-221x300.jpeg 221w, https:\/\/arquivo.pedroleopoldo.mg.gov.br\/wp-content\/uploads\/2021\/10\/WhatsApp-Image-2021-10-05-at-16.12.20-768x1044.jpeg 768w, https:\/\/arquivo.pedroleopoldo.mg.gov.br\/wp-content\/uploads\/2021\/10\/WhatsApp-Image-2021-10-05-at-16.12.20.jpeg 829w\" sizes=\"(max-width: 753px) 100vw, 753px\" \/><figcaption>Manuten\u00e7\u00e3o na Rua Herculano Soares, Quinta do Sumidouro<br><\/figcaption><\/figure>\n\n\n\n<figure class=\"wp-block-image size-large\"><img decoding=\"async\" loading=\"lazy\" width=\"1024\" height=\"768\" src=\"http:\/\/pedroleopoldo.mg.gov.br\/wp-content\/uploads\/2021\/10\/image-2-1024x768.png\" alt=\"\" class=\"wp-image-18490\" srcset=\"https:\/\/arquivo.pedroleopoldo.mg.gov.br\/wp-content\/uploads\/2021\/10\/image-2-1024x768.png 1024w, https:\/\/arquivo.pedroleopoldo.mg.gov.br\/wp-content\/uploads\/2021\/10\/image-2-300x225.png 300w, https:\/\/arquivo.pedroleopoldo.mg.gov.br\/wp-content\/uploads\/2021\/10\/image-2-768x576.png 768w, https:\/\/arquivo.pedroleopoldo.mg.gov.br\/wp-content\/uploads\/2021\/10\/image-2-1536x1152.png 1536w, https:\/\/arquivo.pedroleopoldo.mg.gov.br\/wp-content\/uploads\/2021\/10\/image-2.png 1600w\" sizes=\"(max-width: 1024px) 100vw, 1024px\" \/><figcaption>Cemit\u00e9rio Central<\/figcaption><\/figure>\n\n\n\n<figure class=\"wp-block-image size-large\"><img decoding=\"async\" loading=\"lazy\" width=\"1024\" height=\"576\" src=\"http:\/\/pedroleopoldo.mg.gov.br\/wp-content\/uploads\/2021\/10\/image-1-1024x576.png\" alt=\"\" class=\"wp-image-18492\" srcset=\"https:\/\/arquivo.pedroleopoldo.mg.gov.br\/wp-content\/uploads\/2021\/10\/image-1-1024x576.png 1024w, https:\/\/arquivo.pedroleopoldo.mg.gov.br\/wp-content\/uploads\/2021\/10\/image-1-300x169.png 300w, https:\/\/arquivo.pedroleopoldo.mg.gov.br\/wp-content\/uploads\/2021\/10\/image-1-768x432.png 768w, https:\/\/arquivo.pedroleopoldo.mg.gov.br\/wp-content\/uploads\/2021\/10\/image-1.png 1032w\" sizes=\"(max-width: 1024px) 100vw, 1024px\" \/><figcaption>Desobstru\u00e7\u00e3o da estrada\u00a0que liga a Fazenda Renascer e a Fazenda Marcos Barbabella<br><\/figcaption><\/figure>\n\n\n\n<figure class=\"wp-block-image size-large\"><img decoding=\"async\" loading=\"lazy\" width=\"1024\" height=\"768\" src=\"http:\/\/pedroleopoldo.mg.gov.br\/wp-content\/uploads\/2021\/10\/image-3-1024x768.png\" alt=\"\" class=\"wp-image-18493\" srcset=\"https:\/\/arquivo.pedroleopoldo.mg.gov.br\/wp-content\/uploads\/2021\/10\/image-3-1024x768.png 1024w, https:\/\/arquivo.pedroleopoldo.mg.gov.br\/wp-content\/uploads\/2021\/10\/image-3-300x225.png 300w, https:\/\/arquivo.pedroleopoldo.mg.gov.br\/wp-content\/uploads\/2021\/10\/image-3-768x576.png 768w, https:\/\/arquivo.pedroleopoldo.mg.gov.br\/wp-content\/uploads\/2021\/10\/image-3-1536x1152.png 1536w, https:\/\/arquivo.pedroleopoldo.mg.gov.br\/wp-content\/uploads\/2021\/10\/image-3.png 1600w\" sizes=\"(max-width: 1024px) 100vw, 1024px\" \/><figcaption>Estrada que liga Vera Cruz \u00e0 Ribeir\u00e3o das Neves<br><br><\/figcaption><\/figure>\n\n\n\n<figure class=\"wp-block-gallery columns-1 is-cropped wp-block-gallery-1 is-layout-flex wp-block-gallery-is-layout-flex\"><ul class=\"blocks-gallery-grid\"><li class=\"blocks-gallery-item\"><figure><img decoding=\"async\" loading=\"lazy\" width=\"768\" height=\"1024\" src=\"http:\/\/pedroleopoldo.mg.gov.br\/wp-content\/uploads\/2021\/10\/WhatsApp-Image-2021-10-05-at-15.08.38-1-768x1024.jpeg\" alt=\"\" data-id=\"18494\" data-full-url=\"http:\/\/pedroleopoldo.mg.gov.br\/wp-content\/uploads\/2021\/10\/WhatsApp-Image-2021-10-05-at-15.08.38-1.jpeg\" data-link=\"http:\/\/pedroleopoldo.mg.gov.br\/?attachment_id=18494\" class=\"wp-image-18494\" srcset=\"https:\/\/arquivo.pedroleopoldo.mg.gov.br\/wp-content\/uploads\/2021\/10\/WhatsApp-Image-2021-10-05-at-15.08.38-1-768x1024.jpeg 768w, https:\/\/arquivo.pedroleopoldo.mg.gov.br\/wp-content\/uploads\/2021\/10\/WhatsApp-Image-2021-10-05-at-15.08.38-1-225x300.jpeg 225w, https:\/\/arquivo.pedroleopoldo.mg.gov.br\/wp-content\/uploads\/2021\/10\/WhatsApp-Image-2021-10-05-at-15.08.38-1-1152x1536.jpeg 1152w, https:\/\/arquivo.pedroleopoldo.mg.gov.br\/wp-content\/uploads\/2021\/10\/WhatsApp-Image-2021-10-05-at-15.08.38-1.jpeg 1200w\" sizes=\"(max-width: 768px) 100vw, 768px\" \/><\/figure><\/li><\/ul><figcaption class=\"blocks-gallery-caption\">Tapa-buracos na Avenida R\u00f4mulo Joviano<br><\/figcaption><\/figure>\n\n\n\n<p><\/p>\n","protected":false},"excerpt":{"rendered":"<p>A&nbsp;limpeza e&nbsp;revitaliza\u00e7\u00e3o da lagoa&nbsp;de Lagoa de Santo Ant\u00f4nio tem sido&nbsp;uma das a\u00e7\u00f5es mais priorizadas pela Prefeitura Como vem fazendo desde o in\u00edcio da gest\u00e3o, a Prefeitura de Pedro Leopoldo, por meio da Secretaria Municipal de Obras e Servi\u00e7os P\u00fablicos, realizou nas \u00faltimas semanas v\u00e1rias a\u00e7\u00f5es pelo munic\u00edpio com o objetivo de proporcionar qualidade de vida &hellip; <a href=\"https:\/\/arquivo.pedroleopoldo.mg.gov.br\/?p=18487\" class=\"more-link\">Continuar lendo <span class=\"screen-reader-text\">Prefeitura promove diversas obras por Pedro Leopoldo<\/span><\/a><\/p>\n","protected":false},"author":1,"featured_media":18488,"comment_status":"closed","ping_status":"closed","sticky":false,"template":"","format":"standard","meta":{"footnotes":""},"categories":[4],"tags":[],"_links":{"self":[{"href":"https:\/\/arquivo.pedroleopoldo.mg.gov.br\/index.php?rest_route=\/wp\/v2\/posts\/18487"}],"collection":[{"href":"https:\/\/arquivo.pedroleopoldo.mg.gov.br\/index.php?rest_route=\/wp\/v2\/posts"}],"about":[{"href":"https:\/\/arquivo.pedroleopoldo.mg.gov.br\/index.php?rest_route=\/wp\/v2\/types\/post"}],"author":[{"embeddable":true,"href":"https:\/\/arquivo.pedroleopoldo.mg.gov.br\/index.php?rest_route=\/wp\/v2\/users\/1"}],"replies":[{"embeddable":true,"href":"https:\/\/arquivo.pedroleopoldo.mg.gov.br\/index.php?rest_route=%2Fwp%2Fv2%2Fcomments&post=18487"}],"version-history":[{"count":0,"href":"https:\/\/arquivo.pedroleopoldo.mg.gov.br\/index.php?rest_route=\/wp\/v2\/posts\/18487\/revisions"}],"wp:featuredmedia":[{"embeddable":true,"href":"https:\/\/arquivo.pedroleopoldo.mg.gov.br\/index.php?rest_route=\/wp\/v2\/media\/18488"}],"wp:attachment":[{"href":"https:\/\/arquivo.pedroleopoldo.mg.gov.br\/index.php?rest_route=%2Fwp%2Fv2%2Fmedia&parent=18487"}],"wp:term":[{"taxonomy":"category","embeddable":true,"href":"https:\/\/arquivo.pedroleopoldo.mg.gov.br\/index.php?rest_route=%2Fwp%2Fv2%2Fcategories&post=18487"},{"taxonomy":"post_tag","embeddable":true,"href":"https:\/\/arquivo.pedroleopoldo.mg.gov.br\/index.php?rest_route=%2Fwp%2Fv2%2Ftags&post=18487"}],"curies":[{"name":"wp","href":"https:\/\/api.w.org\/{rel}","templated":true}]}}