{"id":18486,"date":"2021-10-07T12:52:05","date_gmt":"2021-10-07T15:52:05","guid":{"rendered":"http:\/\/pedroleopoldo.mg.gov.br\/?p=18486"},"modified":"2021-10-07T12:53:32","modified_gmt":"2021-10-07T15:53:32","slug":"prefeitura-retoma-a-distribuicao-de-fraldas-geriatricas-em-pedro-leopoldo","status":"publish","type":"post","link":"https:\/\/arquivo.pedroleopoldo.mg.gov.br\/?p=18486","title":{"rendered":"Prefeitura retoma a distribui\u00e7\u00e3o de fraldas geri\u00e1tricas em Pedro Leopoldo"},"content":{"rendered":"\n<p><em>Ap\u00f3s concluir o processo licitat\u00f3rio, a Prefeitura vai atender \u00e0 alta demanda que existe deste p\u00fablico no munic\u00edpio.&nbsp;<\/em><em>A entrega havia sido cortada pela gest\u00e3o anterior<\/em><\/p>\n\n\n\n<p>A Prefeita Eloisa e a vice Ana Paula&nbsp;anunciaram&nbsp;que&nbsp;esta gest\u00e3o&nbsp;ir\u00e1&nbsp;voltar com a distribui\u00e7\u00e3o de fraldas geri\u00e1tricas em Pedro Leopoldo. Encerrada&nbsp;h\u00e1 cerca de dois anos, a entrega volta a acontecer na gest\u00e3o Eloisa. Depois de algum tempo&nbsp;com esse benef\u00edcio interrompido, a Prefeita Eloisa Helena solicitou que fosse agilizado o processo licitat\u00f3rio a fim de que os cidad\u00e3os que precisam da presta\u00e7\u00e3o deste benef\u00edcio na cidade, voltassem a ser contemplados. \u201cTemos no munic\u00edpio muitas fam\u00edlias de baixa renda que necessitam deste benef\u00edcio que foi interrompido&nbsp;h\u00e1 algum tempo&nbsp;e ele \u00e9 de suma import\u00e2ncia.&nbsp;Precisamos ajudar essas pessoas. Estou muito feliz com o fato de o munic\u00edpio poder contribuir mais uma vez com os cidad\u00e3os,&nbsp;afinal, \u00e9 para eles que trabalhamos\u201d, destacou Eloisa.<\/p>\n\n\n\n<p>Diante da alta demanda foi necess\u00e1rio criar crit\u00e9rios que racionalizem&nbsp;o uso das fraldas para que possa haver um atendimento mais abrangente. Ter\u00e3o direito aos itens as fam\u00edlias de baixa renda cadastradas no Cadastro \u00danico de Pedro Leopoldo. No caso do usu\u00e1rio n\u00e3o possuir CAD \u00danico o solicitante deve procurar o CRAS, Centro-Sul ou Norte, para inclus\u00e3o dentro dos crit\u00e9rios definidos pelo Minist\u00e9rio da Cidadania. O protocolo para fornecimento das fraldas tem o objetivo de padronizar essa distribui\u00e7\u00e3o&nbsp;e&nbsp;definir as indica\u00e7\u00f5es cl\u00ednicas, estabelecendo crit\u00e9rios de inclus\u00e3o e acompanhamento desses pacientes.<\/p>\n\n\n\n<p>O protocolo completo est\u00e1 dispon\u00edvel no site da Prefeitura Municipal no endere\u00e7o:&nbsp;<a href=\"http:\/\/pedroleopoldo.mg.gov.br\/?p=18470\" target=\"_blank\" rel=\"noreferrer noopener\">http:\/\/pedroleopoldo.mg.gov.br\/?p=18470<\/a><\/p>\n","protected":false},"excerpt":{"rendered":"<p>Ap\u00f3s concluir o processo licitat\u00f3rio, a Prefeitura vai atender \u00e0 alta demanda que existe deste p\u00fablico no munic\u00edpio.&nbsp;A entrega havia sido cortada pela gest\u00e3o anterior A Prefeita Eloisa e a vice Ana Paula&nbsp;anunciaram&nbsp;que&nbsp;esta gest\u00e3o&nbsp;ir\u00e1&nbsp;voltar com a distribui\u00e7\u00e3o de fraldas geri\u00e1tricas em Pedro Leopoldo. Encerrada&nbsp;h\u00e1 cerca de dois anos, a entrega volta a acontecer na gest\u00e3o &hellip; <a href=\"https:\/\/arquivo.pedroleopoldo.mg.gov.br\/?p=18486\" class=\"more-link\">Continuar lendo <span class=\"screen-reader-text\">Prefeitura retoma a distribui\u00e7\u00e3o de fraldas geri\u00e1tricas em Pedro Leopoldo<\/span><\/a><\/p>\n","protected":false},"author":1,"featured_media":18497,"comment_status":"closed","ping_status":"closed","sticky":false,"template":"","format":"standard","meta":{"footnotes":""},"categories":[4],"tags":[],"_links":{"self":[{"href":"https:\/\/arquivo.pedroleopoldo.mg.gov.br\/index.php?rest_route=\/wp\/v2\/posts\/18486"}],"collection":[{"href":"https:\/\/arquivo.pedroleopoldo.mg.gov.br\/index.php?rest_route=\/wp\/v2\/posts"}],"about":[{"href":"https:\/\/arquivo.pedroleopoldo.mg.gov.br\/index.php?rest_route=\/wp\/v2\/types\/post"}],"author":[{"embeddable":true,"href":"https:\/\/arquivo.pedroleopoldo.mg.gov.br\/index.php?rest_route=\/wp\/v2\/users\/1"}],"replies":[{"embeddable":true,"href":"https:\/\/arquivo.pedroleopoldo.mg.gov.br\/index.php?rest_route=%2Fwp%2Fv2%2Fcomments&post=18486"}],"version-history":[{"count":0,"href":"https:\/\/arquivo.pedroleopoldo.mg.gov.br\/index.php?rest_route=\/wp\/v2\/posts\/18486\/revisions"}],"wp:featuredmedia":[{"embeddable":true,"href":"https:\/\/arquivo.pedroleopoldo.mg.gov.br\/index.php?rest_route=\/wp\/v2\/media\/18497"}],"wp:attachment":[{"href":"https:\/\/arquivo.pedroleopoldo.mg.gov.br\/index.php?rest_route=%2Fwp%2Fv2%2Fmedia&parent=18486"}],"wp:term":[{"taxonomy":"category","embeddable":true,"href":"https:\/\/arquivo.pedroleopoldo.mg.gov.br\/index.php?rest_route=%2Fwp%2Fv2%2Fcategories&post=18486"},{"taxonomy":"post_tag","embeddable":true,"href":"https:\/\/arquivo.pedroleopoldo.mg.gov.br\/index.php?rest_route=%2Fwp%2Fv2%2Ftags&post=18486"}],"curies":[{"name":"wp","href":"https:\/\/api.w.org\/{rel}","templated":true}]}}