{"id":18356,"date":"2021-09-30T12:52:16","date_gmt":"2021-09-30T15:52:16","guid":{"rendered":"http:\/\/pedroleopoldo.mg.gov.br\/?p=18356"},"modified":"2021-10-05T13:17:36","modified_gmt":"2021-10-05T16:17:36","slug":"eloisa-e-ana-paula-conseguem-apoio-de-prefeitos-da-regiao-para-que-heineken-continue-em-pl","status":"publish","type":"post","link":"https:\/\/arquivo.pedroleopoldo.mg.gov.br\/?p=18356","title":{"rendered":"Prefeitos da regi\u00e3o apoiam PL para que Heineken continue no munic\u00edpio"},"content":{"rendered":"\n<p><\/p>\n\n\n\n<p>Na tarde de ontem, 28, a Prefeita&nbsp;Eloisa&nbsp;e a vice Ana Paula participaram da Assembleia Geral Ordin\u00e1ria do Cisrec \u2013 Cons\u00f3rcio Municipal de Sa\u00fade e de Pol\u00edticas de Desenvolvimento da Regi\u00e3o do Calc\u00e1rio. Entre outros assuntos,&nbsp;as chefes&nbsp;do executivo de Pedro Leopoldo solicitaram o apoio dos prefeitos da regi\u00e3o para que, respeitando o meio ambiente, a Heineken seja instalada no nosso munic\u00edpio, visando a gera\u00e7\u00e3o de emprego e renda para toda a regi\u00e3o. Os prefeitos confirmaram o apoio \u00e0 Eloisa e Ana Paula nesta importante a\u00e7\u00e3o e garantiram que far\u00e3o todo poss\u00edvel para que as obras da empresa sejam retomadas.<\/p>\n\n\n\n<p>Na ocasi\u00e3o foi aprovada&nbsp;por unanimidade uma Mo\u00e7\u00e3o de&nbsp;Apoio ao Munic\u00edpio de Pedro Leopoldo, em favor da constru\u00e7\u00e3o da Heineken, com um envio em conjunto assinado pelos 16 Prefeitos que comp\u00f5em o CISREC, ao ICMBIO, pedindo especial aten\u00e7\u00e3o e urg\u00eancia na an\u00e1lise de todos os estudos apresentados para que tudo aconte\u00e7a da melhor forma. \u201cEsse apoio \u00e9 fundamental.&nbsp;A&nbsp;uni\u00e3o dos Prefeitos demonstra a import\u00e2ncia desta obra para a regi\u00e3o e o quanto estamos imbu\u00eddos&nbsp;em fazer&nbsp;o melhor para a nossa popula\u00e7\u00e3o\u201d,&nbsp;disse a Prefeita Eloisa Helena.<\/p>\n\n\n\n<p>Para o Presidente do CISREC,&nbsp;o&nbsp;Prefeito de S\u00e3o Jos\u00e9 da Lapa, Diego \u00c1lvaro<a rel=\"noreferrer noopener\" href=\"https:\/\/www.instagram.com\/prefeito_diego_alvaro\/\" target=\"_blank\"> <\/a>a uni\u00e3o pela libera\u00e7\u00e3o das obras \u00e9 uma necessidade urgente e todos os esfor\u00e7os que forem poss\u00edveis ser\u00e3o feitos. \u201cAssim poderemos&nbsp;mudar a hist\u00f3ria de toda uma regi\u00e3o, na forma&nbsp;de uma&nbsp;nova economia e empregabilidade\u201d, disse.<\/p>\n\n\n\n<p>A reuni\u00e3o aconteceu na C\u00e2mara Municipal de Prudente de Morais.<\/p>\n","protected":false},"excerpt":{"rendered":"<p>Na tarde de ontem, 28, a Prefeita&nbsp;Eloisa&nbsp;e a vice Ana Paula participaram da Assembleia Geral Ordin\u00e1ria do Cisrec \u2013 Cons\u00f3rcio Municipal de Sa\u00fade e de Pol\u00edticas de Desenvolvimento da Regi\u00e3o do Calc\u00e1rio. Entre outros assuntos,&nbsp;as chefes&nbsp;do executivo de Pedro Leopoldo solicitaram o apoio dos prefeitos da regi\u00e3o para que, respeitando o meio ambiente, a Heineken &hellip; <a href=\"https:\/\/arquivo.pedroleopoldo.mg.gov.br\/?p=18356\" class=\"more-link\">Continuar lendo <span class=\"screen-reader-text\">Prefeitos da regi\u00e3o apoiam PL para que Heineken continue no munic\u00edpio<\/span><\/a><\/p>\n","protected":false},"author":1,"featured_media":18452,"comment_status":"closed","ping_status":"closed","sticky":false,"template":"","format":"standard","meta":{"footnotes":""},"categories":[4],"tags":[],"_links":{"self":[{"href":"https:\/\/arquivo.pedroleopoldo.mg.gov.br\/index.php?rest_route=\/wp\/v2\/posts\/18356"}],"collection":[{"href":"https:\/\/arquivo.pedroleopoldo.mg.gov.br\/index.php?rest_route=\/wp\/v2\/posts"}],"about":[{"href":"https:\/\/arquivo.pedroleopoldo.mg.gov.br\/index.php?rest_route=\/wp\/v2\/types\/post"}],"author":[{"embeddable":true,"href":"https:\/\/arquivo.pedroleopoldo.mg.gov.br\/index.php?rest_route=\/wp\/v2\/users\/1"}],"replies":[{"embeddable":true,"href":"https:\/\/arquivo.pedroleopoldo.mg.gov.br\/index.php?rest_route=%2Fwp%2Fv2%2Fcomments&post=18356"}],"version-history":[{"count":0,"href":"https:\/\/arquivo.pedroleopoldo.mg.gov.br\/index.php?rest_route=\/wp\/v2\/posts\/18356\/revisions"}],"wp:featuredmedia":[{"embeddable":true,"href":"https:\/\/arquivo.pedroleopoldo.mg.gov.br\/index.php?rest_route=\/wp\/v2\/media\/18452"}],"wp:attachment":[{"href":"https:\/\/arquivo.pedroleopoldo.mg.gov.br\/index.php?rest_route=%2Fwp%2Fv2%2Fmedia&parent=18356"}],"wp:term":[{"taxonomy":"category","embeddable":true,"href":"https:\/\/arquivo.pedroleopoldo.mg.gov.br\/index.php?rest_route=%2Fwp%2Fv2%2Fcategories&post=18356"},{"taxonomy":"post_tag","embeddable":true,"href":"https:\/\/arquivo.pedroleopoldo.mg.gov.br\/index.php?rest_route=%2Fwp%2Fv2%2Ftags&post=18356"}],"curies":[{"name":"wp","href":"https:\/\/api.w.org\/{rel}","templated":true}]}}