{"id":18284,"date":"2021-09-23T17:49:00","date_gmt":"2021-09-23T20:49:00","guid":{"rendered":"http:\/\/pedroleopoldo.mg.gov.br\/?p=18284"},"modified":"2021-10-07T13:47:29","modified_gmt":"2021-10-07T16:47:29","slug":"prefeita-eloisa-garante-que-populacao-nao-ficara-sem-transporte-publico","status":"publish","type":"post","link":"https:\/\/arquivo.pedroleopoldo.mg.gov.br\/?p=18284","title":{"rendered":"Prefeitura garante que popula\u00e7\u00e3o n\u00e3o ficar\u00e1 sem transporte p\u00fablico"},"content":{"rendered":"\n<p><em>A licita\u00e7\u00e3o de concess\u00e3o de transporte p\u00fablico deveria ter come\u00e7ado h\u00e1 24 meses, o que n\u00e3o aconteceu. Mesmo assim, a Secretaria de Administra\u00e7\u00e3o adiantou a solu\u00e7\u00e3o paliativa do problema que foi encontrado quando assumiram<\/em><\/p>\n\n\n\n<p>Conforme garantiu desde o in\u00edcio, a atual gest\u00e3o n\u00e3o ir\u00e1 deixar a popula\u00e7\u00e3o sem transporte p\u00fablico. E, para isto, vem tomando as devidas provid\u00eancias, jur\u00eddicas e administrativas, desde que assumiu, h\u00e1 nove meses. Uma licita\u00e7\u00e3o de concess\u00e3o de transporte p\u00fablico \u00e9 complexa e demandaria cerca de 24 meses para ser realizada, ou seja,&nbsp;deveria estar tudo pronto quando a atual gest\u00e3o assumiu, considerando que a concess\u00e3o tinha data para finalizar, que era 18\/12\/2020, o que n\u00e3o aconteceu.&nbsp;Mesmo assim, a Prefeita Eloisa e a vice Ana Paula, junto \u00e0 sua equipe, adiantaram a solu\u00e7\u00e3o paliativa do problema que foi encontrado quando assumiram. Um m\u00eas antes do final do contrato, a Prefeitura aditiva at\u00e9 31 de dezembro o contrato da atual concession\u00e1ria para atender \u00e0 popula\u00e7\u00e3o, sem reajuste tarif\u00e1rio. \u201cN\u00f3s n\u00e3o estamos de bra\u00e7os cruzados. Pelo contr\u00e1rio, desde janeiro, quando aqui chegamos, demos in\u00edcios a todos os procedimentos necess\u00e1rios, seguindo todas as normas. Estamos aqui pra fazer o correto, da melhor maneira para todos.&nbsp;Na minha \u00faltima gest\u00e3o eu inclusive baixei o valor da passagem dando isen\u00e7\u00e3o de ISS. O meu interesse \u00e9 ajudar aos usu\u00e1rios. Fiquem tranquilos e n\u00e3o se deixem levar por informa\u00e7\u00f5es que n\u00e3o ajudam, que levam a um receio desnecess\u00e1rio. Confiem na gest\u00e3o, Temos responsabilidade e estamos trabalhando diuturnamente para resolver da melhor maneira para a popula\u00e7\u00e3o\u201d, disse a prefeita Eloisa Helena.<\/p>\n\n\n\n<p>Durante a nova prorroga\u00e7\u00e3o, que visa n\u00e3o deixar os usu\u00e1rios sem transporte, a prefeitura far\u00e1 processo licitat\u00f3rio para&nbsp;celebrar um&nbsp;contrato emergencial, at\u00e9 que seja finalizado o processo da nova concess\u00e3o. \u201c\u00c9 uma quest\u00e3o complexa, mas a nossa obriga\u00e7\u00e3o, que \u00e9 garantir a continuidade do transporte aos usu\u00e1rios, est\u00e1 garantida. Estamos h\u00e1 nove meses na gest\u00e3o e n\u00e3o \u00e9 f\u00e1cil resolver em t\u00e3o pouco tempo um problema destes que nos foi deixado. At\u00e9 porque esse n\u00e3o \u00e9 nosso \u00fanico problema. Mas n\u00e3o estamos dormindo. Estamos pensando no que o Munic\u00edpio tem condi\u00e7\u00f5es de subsidiar. E n\u00e3o \u00e9 f\u00e1cil, f\u00e1cil \u00e9 julgar e buscar solu\u00e7\u00f5es que n\u00e3o se tem compromisso de resolver. Mas a popula\u00e7\u00e3o pode ficar tranquila porque n\u00e3o ficar\u00e1 de fora do processo. Estamos num momento de a\u00e7\u00f5es internas, burocr\u00e1ticas, jur\u00eddicas. Mas no momento certo, quando estivermos discutindo a nova concess\u00e3o, a popula\u00e7\u00e3o ser\u00e1 ouvida e ter\u00e1 sua participa\u00e7\u00e3o garantida\u201d, refor\u00e7ou a vice-prefeita Ana Paula.<\/p>\n","protected":false},"excerpt":{"rendered":"<p>A licita\u00e7\u00e3o de concess\u00e3o de transporte p\u00fablico deveria ter come\u00e7ado h\u00e1 24 meses, o que n\u00e3o aconteceu. Mesmo assim, a Secretaria de Administra\u00e7\u00e3o adiantou a solu\u00e7\u00e3o paliativa do problema que foi encontrado quando assumiram Conforme garantiu desde o in\u00edcio, a atual gest\u00e3o n\u00e3o ir\u00e1 deixar a popula\u00e7\u00e3o sem transporte p\u00fablico. E, para isto, vem tomando &hellip; <a href=\"https:\/\/arquivo.pedroleopoldo.mg.gov.br\/?p=18284\" class=\"more-link\">Continuar lendo <span class=\"screen-reader-text\">Prefeitura garante que popula\u00e7\u00e3o n\u00e3o ficar\u00e1 sem transporte p\u00fablico<\/span><\/a><\/p>\n","protected":false},"author":1,"featured_media":18285,"comment_status":"closed","ping_status":"closed","sticky":false,"template":"","format":"standard","meta":{"footnotes":""},"categories":[4],"tags":[],"_links":{"self":[{"href":"https:\/\/arquivo.pedroleopoldo.mg.gov.br\/index.php?rest_route=\/wp\/v2\/posts\/18284"}],"collection":[{"href":"https:\/\/arquivo.pedroleopoldo.mg.gov.br\/index.php?rest_route=\/wp\/v2\/posts"}],"about":[{"href":"https:\/\/arquivo.pedroleopoldo.mg.gov.br\/index.php?rest_route=\/wp\/v2\/types\/post"}],"author":[{"embeddable":true,"href":"https:\/\/arquivo.pedroleopoldo.mg.gov.br\/index.php?rest_route=\/wp\/v2\/users\/1"}],"replies":[{"embeddable":true,"href":"https:\/\/arquivo.pedroleopoldo.mg.gov.br\/index.php?rest_route=%2Fwp%2Fv2%2Fcomments&post=18284"}],"version-history":[{"count":0,"href":"https:\/\/arquivo.pedroleopoldo.mg.gov.br\/index.php?rest_route=\/wp\/v2\/posts\/18284\/revisions"}],"wp:featuredmedia":[{"embeddable":true,"href":"https:\/\/arquivo.pedroleopoldo.mg.gov.br\/index.php?rest_route=\/wp\/v2\/media\/18285"}],"wp:attachment":[{"href":"https:\/\/arquivo.pedroleopoldo.mg.gov.br\/index.php?rest_route=%2Fwp%2Fv2%2Fmedia&parent=18284"}],"wp:term":[{"taxonomy":"category","embeddable":true,"href":"https:\/\/arquivo.pedroleopoldo.mg.gov.br\/index.php?rest_route=%2Fwp%2Fv2%2Fcategories&post=18284"},{"taxonomy":"post_tag","embeddable":true,"href":"https:\/\/arquivo.pedroleopoldo.mg.gov.br\/index.php?rest_route=%2Fwp%2Fv2%2Ftags&post=18284"}],"curies":[{"name":"wp","href":"https:\/\/api.w.org\/{rel}","templated":true}]}}