{"id":18280,"date":"2021-09-23T15:54:12","date_gmt":"2021-09-23T18:54:12","guid":{"rendered":"http:\/\/pedroleopoldo.mg.gov.br\/?p=18280"},"modified":"2021-10-07T13:48:46","modified_gmt":"2021-10-07T16:48:46","slug":"prefeita-eloisa-e-vice-ana-paula-garantem-que-farao-de-tudo-para-que-heineken-fique-em-pedro-leopoldo","status":"publish","type":"post","link":"https:\/\/arquivo.pedroleopoldo.mg.gov.br\/?p=18280","title":{"rendered":"Gest\u00e3o trabalha para que Heineken fique em Pedro Leopoldo"},"content":{"rendered":"\n<p>Ap\u00f3s pouco mais de dois meses de iniciadas, as obras de implanta\u00e7\u00e3o Heineken em Pedro Leopoldo foram embargadas, surpreendendo a todos, inclusive \u00e0 atual administra\u00e7\u00e3o, que n\u00e3o \u00e9 respons\u00e1vel por conceder nenhuma licen\u00e7a ambiental, j\u00e1 que, pelo porte da empresa, toda esta documenta\u00e7\u00e3o \u00e9 tramitada a n\u00edvel estadual. A determina\u00e7\u00e3o partiu do (Instituto Chico Mendes de Conserva\u00e7\u00e3o da Biodiversidade (ICMBio) \u2013 \u00f3rg\u00e3o vinculado ao Minist\u00e9rio do Meio Ambiente -, que tamb\u00e9m enviou of\u00edcio \u00e0 Secretaria de Estado de Meio Ambiente e Desenvolvimento Sustent\u00e1vel de Minas Gerais (Semad) sobre as licen\u00e7as pr\u00e9vias concedidas em \u00e2mbito estadual.<\/p>\n\n\n\n<p>A Heineken garantiu \u00e0 Prefeitura de Pedro Leopoldo ter fornecido todos os documentos, dados e estudos t\u00e9cnicos necess\u00e1rios \u00e0 obten\u00e7\u00e3o da licen\u00e7a, que foi concedida pela Secretaria de Estado de Meio Ambiente e Semad e, em seguida, referendada pelo Conselho Estadual de Pol\u00edtica Ambiental (Copam). \u201cFomos pegos de surpresa com esta not\u00edcia, assim como todos, j\u00e1 que a licen\u00e7a em quest\u00e3o \u00e9 toda de compet\u00eancia do Estado, nos cabendo apenas a fiscaliza\u00e7\u00e3o da obra, no decorrer dela. Mas estamos confiantes em uma solu\u00e7\u00e3o que preserve o meio ambiente e gere emprego e renda para nosso munic\u00edpio. J\u00e1 acionamos o Governo do Estado, acionamos nossos contatos a n\u00edvel federal, e estamos nos empenhando de todas as formas para que nossa popula\u00e7\u00e3o n\u00e3o perca esse grande investimento. Da nossa parte, faremos de tudo\u201d, garantiu a Prefeita&nbsp;Eloisa.<\/p>\n\n\n\n<p>A Prefeitura respeita e acredita no equil\u00edbrio entre a quest\u00e3o ambiental e a gera\u00e7\u00e3o de emprego e renda. Nos colocamos \u00e0 disposi\u00e7\u00e3o para ajudar no que for preciso e confiamos que todos os envolvidos&nbsp;conseguir\u00e3o&nbsp;chegar a um entendimento acerca da licen\u00e7a ambiental concedida, sempre tendo como prioridade o respeito ao ecossistema local\u201d,disse a vice-prefeita e Secret\u00e1ria Interina de Planejamento Urbano, Ana Paula Santos.<\/p>\n\n\n\n<p>A vice-prefeita e Secret\u00e1ria Interina de Planejamento Urbano, Ana Paula Santos, refor\u00e7a que a atual administra\u00e7\u00e3o est\u00e1 fazendo tudo que est\u00e1 ao seu alcance para que a empresa seja constru\u00edda em Pedro Leopoldo e destaca a preocupa\u00e7\u00e3o ambiental da gest\u00e3o, em equil\u00edbrio com a economia. \u201cA Prefeitura respeita e acredita no equil\u00edbrio entre a quest\u00e3o ambiental e a gera\u00e7\u00e3o de emprego e renda. Nos colocamos \u00e0 disposi\u00e7\u00e3o para ajudar no que for preciso e confiamos que todos os envolvidos conseguir\u00e3o chegar a um entendimento acerca da licen\u00e7a ambiental concedida, sempre tendo como prioridade o respeito ao ecossistema local. Estamos agindo para que as obras continuem e que nossa popula\u00e7\u00e3o n\u00e3o fique sem esse grande empreendimento que trar\u00e1 tantos benef\u00edcios para&nbsp;o Munic\u00edpio\u201d, refor\u00e7ou Ana Paula.<\/p>\n\n\n\n<p>A Heineken garante que est\u00e1 em contato com a Semad e o pr\u00f3prio ICMBio para troca de informa\u00e7\u00f5es e entendimento dos pr\u00f3ximos passos necess\u00e1rios para dar continuidade \u00e0 implanta\u00e7\u00e3o desta que ser\u00e1 a 16\u00aa unidade produtiva da marca no Pa\u00eds.&nbsp;<\/p>\n\n\n\n<figure class=\"wp-block-embed-instagram wp-block-embed is-type-rich is-provider-instagram\"><div class=\"wp-block-embed__wrapper\">\nhttps:\/\/www.instagram.com\/tv\/CULDHHqjB1A\/?utm_source=ig_web_copy_link\n<\/div><\/figure>\n","protected":false},"excerpt":{"rendered":"<p>Ap\u00f3s pouco mais de dois meses de iniciadas, as obras de implanta\u00e7\u00e3o Heineken em Pedro Leopoldo foram embargadas, surpreendendo a todos, inclusive \u00e0 atual administra\u00e7\u00e3o, que n\u00e3o \u00e9 respons\u00e1vel por conceder nenhuma licen\u00e7a ambiental, j\u00e1 que, pelo porte da empresa, toda esta documenta\u00e7\u00e3o \u00e9 tramitada a n\u00edvel estadual. A determina\u00e7\u00e3o partiu do (Instituto Chico Mendes &hellip; <a href=\"https:\/\/arquivo.pedroleopoldo.mg.gov.br\/?p=18280\" class=\"more-link\">Continuar lendo <span class=\"screen-reader-text\">Gest\u00e3o trabalha para que Heineken fique em Pedro Leopoldo<\/span><\/a><\/p>\n","protected":false},"author":1,"featured_media":18452,"comment_status":"closed","ping_status":"closed","sticky":false,"template":"","format":"standard","meta":{"footnotes":""},"categories":[4],"tags":[],"_links":{"self":[{"href":"https:\/\/arquivo.pedroleopoldo.mg.gov.br\/index.php?rest_route=\/wp\/v2\/posts\/18280"}],"collection":[{"href":"https:\/\/arquivo.pedroleopoldo.mg.gov.br\/index.php?rest_route=\/wp\/v2\/posts"}],"about":[{"href":"https:\/\/arquivo.pedroleopoldo.mg.gov.br\/index.php?rest_route=\/wp\/v2\/types\/post"}],"author":[{"embeddable":true,"href":"https:\/\/arquivo.pedroleopoldo.mg.gov.br\/index.php?rest_route=\/wp\/v2\/users\/1"}],"replies":[{"embeddable":true,"href":"https:\/\/arquivo.pedroleopoldo.mg.gov.br\/index.php?rest_route=%2Fwp%2Fv2%2Fcomments&post=18280"}],"version-history":[{"count":0,"href":"https:\/\/arquivo.pedroleopoldo.mg.gov.br\/index.php?rest_route=\/wp\/v2\/posts\/18280\/revisions"}],"wp:featuredmedia":[{"embeddable":true,"href":"https:\/\/arquivo.pedroleopoldo.mg.gov.br\/index.php?rest_route=\/wp\/v2\/media\/18452"}],"wp:attachment":[{"href":"https:\/\/arquivo.pedroleopoldo.mg.gov.br\/index.php?rest_route=%2Fwp%2Fv2%2Fmedia&parent=18280"}],"wp:term":[{"taxonomy":"category","embeddable":true,"href":"https:\/\/arquivo.pedroleopoldo.mg.gov.br\/index.php?rest_route=%2Fwp%2Fv2%2Fcategories&post=18280"},{"taxonomy":"post_tag","embeddable":true,"href":"https:\/\/arquivo.pedroleopoldo.mg.gov.br\/index.php?rest_route=%2Fwp%2Fv2%2Ftags&post=18280"}],"curies":[{"name":"wp","href":"https:\/\/api.w.org\/{rel}","templated":true}]}}