{"id":18217,"date":"2021-09-16T08:05:00","date_gmt":"2021-09-16T11:05:00","guid":{"rendered":"http:\/\/pedroleopoldo.mg.gov.br\/?p=18217"},"modified":"2021-09-16T12:42:12","modified_gmt":"2021-09-16T15:42:12","slug":"volta-as-aulas-todas-as-escolas-de-pedro-leopoldo-devidamente-adaptadas-estao-liberadas-para-o-retorno-das-aulas-presenciais","status":"publish","type":"post","link":"https:\/\/arquivo.pedroleopoldo.mg.gov.br\/?p=18217","title":{"rendered":"Volta \u00e0s aulas: Todas as escolas de Pedro Leopoldo devidamente adaptadas est\u00e3o liberadas para o retorno das aulas presenciais"},"content":{"rendered":"\n<p>Aconteceu&nbsp;nesta segunda-feira (13), a volta das aulas presenciais nas escolas de Pedro Leopoldo para os alunos da&nbsp;EJA (Educa\u00e7\u00e3o de Jovens e Adultos) e Ensino Fundamental &#8211;&nbsp;Anos&nbsp;Finais (6\u00b0 ao 9\u00b0), completando&nbsp;assim&nbsp;a \u00faltima fase do protocolo de&nbsp;retorno \u00e0s atividades em sala de aula. Todas as escolas&nbsp;devidamente preparadas&nbsp;retornaram ao ensino presencial, respeitando todas as normas e protocolos sanit\u00e1rios.<\/p>\n\n\n\n<p>A volta&nbsp;era muito aguardada&nbsp;por professores e alunos, que ap\u00f3s quase dois anos&nbsp;puderam&nbsp;retornar&nbsp;\u00e0s institui\u00e7\u00f5es&nbsp;escolares. Lucas Gabriel Silva, aluno do 9\u00b0 da Escola Municipal Heitor Cl\u00e1udio de Sales, destacou a emo\u00e7\u00e3o e anima\u00e7\u00e3o&nbsp;em poder voltar. \u201c\u00c9&nbsp;muito bom ter contato com as pessoas, com os livros e principalmente com a professora\u201d,&nbsp;disse. Lucas&nbsp;destacou ainda&nbsp;a organiza\u00e7\u00e3o da escola. \u201cA escola est\u00e1 muito organizada.&nbsp;Assim que cheguei mediram minha temperatura&nbsp;e colocaram&nbsp;\u00e1lcool em gel&nbsp;nas minhas m\u00e3os.&nbsp;Toda a escola est\u00e1&nbsp;devidamente&nbsp;demarcada para cumprir com o distanciamento\u201d,&nbsp;conclui o estudante.<\/p>\n\n\n\n<p>A&nbsp;diretora V\u00e2nia Damaso, tamb\u00e9m da Escola Municipal Heitor Cl\u00e1udio de Sales, destacou o empenho&nbsp;da Prefeitura de Pedro Leopoldo em&nbsp;deixar as escolas preparadas para os alunos e servidores. \u201c\u00c9 muito gratificante retornar&nbsp;\u00e0s aulas presenciais&nbsp;e isto \u00e9 fruto de muito empenho, dos&nbsp;professores e demais servidores&nbsp;da Prefeitura, atrav\u00e9s da Secretaria de Educa\u00e7\u00e3o&nbsp;e Secretaria de Sa\u00fade,&nbsp;para adequar as&nbsp;escolas&nbsp;e seguir todos os protocolos\u201d,&nbsp;destacou a&nbsp;Diretora.<\/p>\n\n\n\n<p>Nesta \u00faltima fase do protocolo de volta \u00e0s aulas ficam liberados&nbsp;os alunos do ensino fundamental anos finais, ensino m\u00e9dio, EJA e ensino superior.&nbsp;Certamente mais&nbsp;um grande passo para a Educa\u00e7\u00e3o do Munic\u00edpio.<\/p>\n\n\n\n<div class=\"wp-block-image\"><figure class=\"aligncenter size-large is-resized\"><img decoding=\"async\" loading=\"lazy\" src=\"http:\/\/pedroleopoldo.mg.gov.br\/wp-content\/uploads\/2021\/09\/WhatsApp-Image-2021-09-13-at-11.43.05-768x1024.jpeg\" alt=\"\" class=\"wp-image-18219\" width=\"384\" height=\"512\" srcset=\"https:\/\/arquivo.pedroleopoldo.mg.gov.br\/wp-content\/uploads\/2021\/09\/WhatsApp-Image-2021-09-13-at-11.43.05-768x1024.jpeg 768w, https:\/\/arquivo.pedroleopoldo.mg.gov.br\/wp-content\/uploads\/2021\/09\/WhatsApp-Image-2021-09-13-at-11.43.05-225x300.jpeg 225w, https:\/\/arquivo.pedroleopoldo.mg.gov.br\/wp-content\/uploads\/2021\/09\/WhatsApp-Image-2021-09-13-at-11.43.05.jpeg 960w\" sizes=\"(max-width: 384px) 100vw, 384px\" \/><\/figure><\/div>\n\n\n\n<div class=\"wp-block-image\"><figure class=\"aligncenter size-large is-resized\"><img decoding=\"async\" loading=\"lazy\" src=\"http:\/\/pedroleopoldo.mg.gov.br\/wp-content\/uploads\/2021\/09\/WhatsApp-Image-2021-09-13-at-11.43.06-768x1024.jpeg\" alt=\"\" class=\"wp-image-18220\" width=\"384\" height=\"512\" srcset=\"https:\/\/arquivo.pedroleopoldo.mg.gov.br\/wp-content\/uploads\/2021\/09\/WhatsApp-Image-2021-09-13-at-11.43.06-768x1024.jpeg 768w, https:\/\/arquivo.pedroleopoldo.mg.gov.br\/wp-content\/uploads\/2021\/09\/WhatsApp-Image-2021-09-13-at-11.43.06-225x300.jpeg 225w, https:\/\/arquivo.pedroleopoldo.mg.gov.br\/wp-content\/uploads\/2021\/09\/WhatsApp-Image-2021-09-13-at-11.43.06.jpeg 960w\" sizes=\"(max-width: 384px) 100vw, 384px\" \/><\/figure><\/div>\n\n\n\n<div class=\"wp-block-image\"><figure class=\"aligncenter size-large is-resized\"><img decoding=\"async\" loading=\"lazy\" src=\"http:\/\/pedroleopoldo.mg.gov.br\/wp-content\/uploads\/2021\/09\/WhatsApp-Image-2021-09-13-at-08.20.23-768x1024.jpeg\" alt=\"\" class=\"wp-image-18222\" width=\"384\" height=\"512\" srcset=\"https:\/\/arquivo.pedroleopoldo.mg.gov.br\/wp-content\/uploads\/2021\/09\/WhatsApp-Image-2021-09-13-at-08.20.23-768x1024.jpeg 768w, https:\/\/arquivo.pedroleopoldo.mg.gov.br\/wp-content\/uploads\/2021\/09\/WhatsApp-Image-2021-09-13-at-08.20.23-225x300.jpeg 225w, https:\/\/arquivo.pedroleopoldo.mg.gov.br\/wp-content\/uploads\/2021\/09\/WhatsApp-Image-2021-09-13-at-08.20.23-1152x1536.jpeg 1152w, https:\/\/arquivo.pedroleopoldo.mg.gov.br\/wp-content\/uploads\/2021\/09\/WhatsApp-Image-2021-09-13-at-08.20.23.jpeg 1200w\" sizes=\"(max-width: 384px) 100vw, 384px\" \/><\/figure><\/div>\n\n\n\n<div class=\"wp-block-image\"><figure class=\"aligncenter size-large is-resized\"><img decoding=\"async\" loading=\"lazy\" src=\"http:\/\/pedroleopoldo.mg.gov.br\/wp-content\/uploads\/2021\/09\/WhatsApp-Image-2021-09-13-at-08.20.21-1024x768.jpeg\" alt=\"\" class=\"wp-image-18223\" width=\"512\" height=\"384\" srcset=\"https:\/\/arquivo.pedroleopoldo.mg.gov.br\/wp-content\/uploads\/2021\/09\/WhatsApp-Image-2021-09-13-at-08.20.21-1024x768.jpeg 1024w, https:\/\/arquivo.pedroleopoldo.mg.gov.br\/wp-content\/uploads\/2021\/09\/WhatsApp-Image-2021-09-13-at-08.20.21-300x225.jpeg 300w, https:\/\/arquivo.pedroleopoldo.mg.gov.br\/wp-content\/uploads\/2021\/09\/WhatsApp-Image-2021-09-13-at-08.20.21-768x576.jpeg 768w, https:\/\/arquivo.pedroleopoldo.mg.gov.br\/wp-content\/uploads\/2021\/09\/WhatsApp-Image-2021-09-13-at-08.20.21-1536x1152.jpeg 1536w, https:\/\/arquivo.pedroleopoldo.mg.gov.br\/wp-content\/uploads\/2021\/09\/WhatsApp-Image-2021-09-13-at-08.20.21.jpeg 1600w\" sizes=\"(max-width: 512px) 100vw, 512px\" \/><\/figure><\/div>\n","protected":false},"excerpt":{"rendered":"<p>Aconteceu&nbsp;nesta segunda-feira (13), a volta das aulas presenciais nas escolas de Pedro Leopoldo para os alunos da&nbsp;EJA (Educa\u00e7\u00e3o de Jovens e Adultos) e Ensino Fundamental &#8211;&nbsp;Anos&nbsp;Finais (6\u00b0 ao 9\u00b0), completando&nbsp;assim&nbsp;a \u00faltima fase do protocolo de&nbsp;retorno \u00e0s atividades em sala de aula. Todas as escolas&nbsp;devidamente preparadas&nbsp;retornaram ao ensino presencial, respeitando todas as normas e protocolos sanit\u00e1rios. &hellip; <a href=\"https:\/\/arquivo.pedroleopoldo.mg.gov.br\/?p=18217\" class=\"more-link\">Continuar lendo <span class=\"screen-reader-text\">Volta \u00e0s aulas: Todas as escolas de Pedro Leopoldo devidamente adaptadas est\u00e3o liberadas para o retorno das aulas presenciais<\/span><\/a><\/p>\n","protected":false},"author":1,"featured_media":18218,"comment_status":"closed","ping_status":"closed","sticky":false,"template":"","format":"standard","meta":{"footnotes":""},"categories":[4],"tags":[],"_links":{"self":[{"href":"https:\/\/arquivo.pedroleopoldo.mg.gov.br\/index.php?rest_route=\/wp\/v2\/posts\/18217"}],"collection":[{"href":"https:\/\/arquivo.pedroleopoldo.mg.gov.br\/index.php?rest_route=\/wp\/v2\/posts"}],"about":[{"href":"https:\/\/arquivo.pedroleopoldo.mg.gov.br\/index.php?rest_route=\/wp\/v2\/types\/post"}],"author":[{"embeddable":true,"href":"https:\/\/arquivo.pedroleopoldo.mg.gov.br\/index.php?rest_route=\/wp\/v2\/users\/1"}],"replies":[{"embeddable":true,"href":"https:\/\/arquivo.pedroleopoldo.mg.gov.br\/index.php?rest_route=%2Fwp%2Fv2%2Fcomments&post=18217"}],"version-history":[{"count":0,"href":"https:\/\/arquivo.pedroleopoldo.mg.gov.br\/index.php?rest_route=\/wp\/v2\/posts\/18217\/revisions"}],"wp:featuredmedia":[{"embeddable":true,"href":"https:\/\/arquivo.pedroleopoldo.mg.gov.br\/index.php?rest_route=\/wp\/v2\/media\/18218"}],"wp:attachment":[{"href":"https:\/\/arquivo.pedroleopoldo.mg.gov.br\/index.php?rest_route=%2Fwp%2Fv2%2Fmedia&parent=18217"}],"wp:term":[{"taxonomy":"category","embeddable":true,"href":"https:\/\/arquivo.pedroleopoldo.mg.gov.br\/index.php?rest_route=%2Fwp%2Fv2%2Fcategories&post=18217"},{"taxonomy":"post_tag","embeddable":true,"href":"https:\/\/arquivo.pedroleopoldo.mg.gov.br\/index.php?rest_route=%2Fwp%2Fv2%2Ftags&post=18217"}],"curies":[{"name":"wp","href":"https:\/\/api.w.org\/{rel}","templated":true}]}}