{"id":18213,"date":"2021-09-16T08:00:00","date_gmt":"2021-09-16T11:00:00","guid":{"rendered":"http:\/\/pedroleopoldo.mg.gov.br\/?p=18213"},"modified":"2021-10-07T13:57:43","modified_gmt":"2021-10-07T16:57:43","slug":"prefeita-eloisa-traz-de-volta-um-ponto-de-atendimento-da-receita-federal-para-pedro-leopoldo","status":"publish","type":"post","link":"https:\/\/arquivo.pedroleopoldo.mg.gov.br\/?p=18213","title":{"rendered":"Pedro Leopoldo volta a ter um ponto de atendimento da Receita Federal"},"content":{"rendered":"\n<p><em>Sem os servi\u00e7os no munic\u00edpio h\u00e1 quatro anos, o PAV ir\u00e1 beneficiar toda a popula\u00e7\u00e3o com diversos atendimentos a partir desta quarta-feira, 15<\/em><\/p>\n\n\n\n<p>A Prefeitura de Pedro Leopoldo, por meio da Secretaria Municipal de Fazenda em parceria com a Receita Federal, inaugurou na segunda-feira, 13 de setembro, o novo Ponto de Atendimento Virtual (PAV) da Receita Federal no munic\u00edpio. A inaugura\u00e7\u00e3o contou com a participa\u00e7\u00e3o da Prefeita Eloisa Helena, da vice Ana Paula Santos, da Secret\u00e1ria Municipal de Fazenda, Iara de Souza, do Secret\u00e1rio de Administra\u00e7\u00e3o, Marcos Felipe, e do agente da Receita Federal, Paulo Bondesan.<\/p>\n\n\n\n<p>O PAV \u00e9 um canal de comunica\u00e7\u00e3o entre a Receita Federal e o cidad\u00e3o, e passa a funcionar no pr\u00e9dio da Prefeitura Municipal ofertando os servi\u00e7os de cadastros, certid\u00f5es fiscais, declara\u00e7\u00f5es, demonstrativos, pagamentos, processos e procura\u00e7\u00f5es.<\/p>\n\n\n\n<p>De acordo com a Secret\u00e1ria Municipal de Fazenda, Iara de Souza, os atendimentos ser\u00e3o realizados online e presencialmente. \u201cPara que as pessoas tenham acesso aos servi\u00e7os \u00e9 preciso que seja realizado um agendamento. O cidad\u00e3o poder\u00e1 realizar o atendimento tamb\u00e9m de forma online\u201d, disse.<\/p>\n\n\n\n<p>A Prefeita Eloisa Helena comemorou a chegada do ponto de atendimento. \u201cO benef\u00edcio principal da iniciativa consiste em proporcionar a presta\u00e7\u00e3o dos servi\u00e7os da Receita aqui no munic\u00edpio, promovendo a inclus\u00e3o da popula\u00e7\u00e3o menos favorecida, sem acesso aos servi\u00e7os disponibilizados no site do \u00f3rg\u00e3o ou com dificuldades de deslocamento para uma unidade presencial instalada em outro munic\u00edpio. \u00c9 mais um ganho para a minha gente, aqui em PL\u201d, contou Eloisa.<\/p>\n\n\n\n<p>Ap\u00f3s quatro anos sem este atendimento, o Ponto de Atendimento da Receita Federal ir\u00e1 funcionar de segunda \u00e0 sexta, no hor\u00e1rio de 12h30 \u00e0s 16h30. Para agendar atendimento, entre em contato pelo e-mail&nbsp;<a rel=\"noreferrer noopener\" href=\"mailto:pav@pedroleopoldo.mg.gov.br\" target=\"_blank\">pav@pedroleopoldo.mg.gov.br<\/a>.<\/p>\n\n\n\n<figure class=\"wp-block-image size-large\"><img decoding=\"async\" loading=\"lazy\" width=\"1024\" height=\"768\" src=\"http:\/\/pedroleopoldo.mg.gov.br\/wp-content\/uploads\/2021\/09\/WhatsApp-Image-2021-09-13-at-17.31.08-1-1.jpeg\" alt=\"\" class=\"wp-image-18215\" srcset=\"https:\/\/arquivo.pedroleopoldo.mg.gov.br\/wp-content\/uploads\/2021\/09\/WhatsApp-Image-2021-09-13-at-17.31.08-1-1.jpeg 1024w, https:\/\/arquivo.pedroleopoldo.mg.gov.br\/wp-content\/uploads\/2021\/09\/WhatsApp-Image-2021-09-13-at-17.31.08-1-1-300x225.jpeg 300w, https:\/\/arquivo.pedroleopoldo.mg.gov.br\/wp-content\/uploads\/2021\/09\/WhatsApp-Image-2021-09-13-at-17.31.08-1-1-768x576.jpeg 768w\" sizes=\"(max-width: 1024px) 100vw, 1024px\" \/><figcaption>Ana Paula Santos, Paulo Bondesan, Eloisa Helena, Iara Souza e Marcos Felipe<\/figcaption><\/figure>\n","protected":false},"excerpt":{"rendered":"<p>Sem os servi\u00e7os no munic\u00edpio h\u00e1 quatro anos, o PAV ir\u00e1 beneficiar toda a popula\u00e7\u00e3o com diversos atendimentos a partir desta quarta-feira, 15 A Prefeitura de Pedro Leopoldo, por meio da Secretaria Municipal de Fazenda em parceria com a Receita Federal, inaugurou na segunda-feira, 13 de setembro, o novo Ponto de Atendimento Virtual (PAV) da &hellip; <a href=\"https:\/\/arquivo.pedroleopoldo.mg.gov.br\/?p=18213\" class=\"more-link\">Continuar lendo <span class=\"screen-reader-text\">Pedro Leopoldo volta a ter um ponto de atendimento da Receita Federal<\/span><\/a><\/p>\n","protected":false},"author":1,"featured_media":18214,"comment_status":"closed","ping_status":"closed","sticky":false,"template":"","format":"standard","meta":{"footnotes":""},"categories":[4],"tags":[],"_links":{"self":[{"href":"https:\/\/arquivo.pedroleopoldo.mg.gov.br\/index.php?rest_route=\/wp\/v2\/posts\/18213"}],"collection":[{"href":"https:\/\/arquivo.pedroleopoldo.mg.gov.br\/index.php?rest_route=\/wp\/v2\/posts"}],"about":[{"href":"https:\/\/arquivo.pedroleopoldo.mg.gov.br\/index.php?rest_route=\/wp\/v2\/types\/post"}],"author":[{"embeddable":true,"href":"https:\/\/arquivo.pedroleopoldo.mg.gov.br\/index.php?rest_route=\/wp\/v2\/users\/1"}],"replies":[{"embeddable":true,"href":"https:\/\/arquivo.pedroleopoldo.mg.gov.br\/index.php?rest_route=%2Fwp%2Fv2%2Fcomments&post=18213"}],"version-history":[{"count":0,"href":"https:\/\/arquivo.pedroleopoldo.mg.gov.br\/index.php?rest_route=\/wp\/v2\/posts\/18213\/revisions"}],"wp:featuredmedia":[{"embeddable":true,"href":"https:\/\/arquivo.pedroleopoldo.mg.gov.br\/index.php?rest_route=\/wp\/v2\/media\/18214"}],"wp:attachment":[{"href":"https:\/\/arquivo.pedroleopoldo.mg.gov.br\/index.php?rest_route=%2Fwp%2Fv2%2Fmedia&parent=18213"}],"wp:term":[{"taxonomy":"category","embeddable":true,"href":"https:\/\/arquivo.pedroleopoldo.mg.gov.br\/index.php?rest_route=%2Fwp%2Fv2%2Fcategories&post=18213"},{"taxonomy":"post_tag","embeddable":true,"href":"https:\/\/arquivo.pedroleopoldo.mg.gov.br\/index.php?rest_route=%2Fwp%2Fv2%2Ftags&post=18213"}],"curies":[{"name":"wp","href":"https:\/\/api.w.org\/{rel}","templated":true}]}}