{"id":18162,"date":"2021-09-13T14:17:42","date_gmt":"2021-09-13T17:17:42","guid":{"rendered":"http:\/\/pedroleopoldo.mg.gov.br\/?p=18162"},"modified":"2021-09-13T14:17:46","modified_gmt":"2021-09-13T17:17:46","slug":"prefeitura-promove-feira-de-adocao-animal","status":"publish","type":"post","link":"https:\/\/arquivo.pedroleopoldo.mg.gov.br\/?p=18162","title":{"rendered":"Prefeitura promove feira de ado\u00e7\u00e3o animal"},"content":{"rendered":"\n<p>Foi um sucesso a Feira de Ado\u00e7\u00e3o de c\u00e3es e gatos realizada pela Prefeitura Municipal de Pedro Leopoldo neste domingo, dia 12, atrav\u00e9s Comit\u00ea de Bem-Estar Animal da Secretaria de Meio Ambiente. <\/p>\n\n\n\n<p>O evento aconteceu na Pra\u00e7a da Esta\u00e7\u00e3o, com apoio log\u00edstico da Secretaria de Cultura, e teve a parceria de protetores do munic\u00edpio. No total, 17 dos 19 animais dispon\u00edveis foram adotados. <\/p>\n\n\n\n<p>Em breve novas edi\u00e7\u00f5es ser\u00e3o anunciadas. Prefeitura de Pedro Leopoldo, trabalhando de verdade, para todos!<\/p>\n\n\n\n<figure class=\"wp-block-gallery columns-1 is-cropped wp-block-gallery-1 is-layout-flex wp-block-gallery-is-layout-flex\"><ul class=\"blocks-gallery-grid\"><li class=\"blocks-gallery-item\"><figure><img decoding=\"async\" loading=\"lazy\" width=\"768\" height=\"1024\" src=\"http:\/\/pedroleopoldo.mg.gov.br\/wp-content\/uploads\/2021\/09\/WhatsApp-Image-2021-09-13-at-12.23.41-1-768x1024.jpeg\" alt=\"\" data-id=\"18164\" data-full-url=\"http:\/\/pedroleopoldo.mg.gov.br\/wp-content\/uploads\/2021\/09\/WhatsApp-Image-2021-09-13-at-12.23.41-1.jpeg\" data-link=\"http:\/\/pedroleopoldo.mg.gov.br\/?attachment_id=18164\" class=\"wp-image-18164\" srcset=\"https:\/\/arquivo.pedroleopoldo.mg.gov.br\/wp-content\/uploads\/2021\/09\/WhatsApp-Image-2021-09-13-at-12.23.41-1-768x1024.jpeg 768w, https:\/\/arquivo.pedroleopoldo.mg.gov.br\/wp-content\/uploads\/2021\/09\/WhatsApp-Image-2021-09-13-at-12.23.41-1-225x300.jpeg 225w, https:\/\/arquivo.pedroleopoldo.mg.gov.br\/wp-content\/uploads\/2021\/09\/WhatsApp-Image-2021-09-13-at-12.23.41-1.jpeg 960w\" sizes=\"(max-width: 768px) 100vw, 768px\" \/><\/figure><\/li><li class=\"blocks-gallery-item\"><figure><img decoding=\"async\" loading=\"lazy\" width=\"1024\" height=\"768\" src=\"http:\/\/pedroleopoldo.mg.gov.br\/wp-content\/uploads\/2021\/09\/WhatsApp-Image-2021-09-13-at-12.23.41-2-1024x768.jpeg\" alt=\"\" data-id=\"18165\" data-full-url=\"http:\/\/pedroleopoldo.mg.gov.br\/wp-content\/uploads\/2021\/09\/WhatsApp-Image-2021-09-13-at-12.23.41-2.jpeg\" data-link=\"http:\/\/pedroleopoldo.mg.gov.br\/?attachment_id=18165\" class=\"wp-image-18165\" srcset=\"https:\/\/arquivo.pedroleopoldo.mg.gov.br\/wp-content\/uploads\/2021\/09\/WhatsApp-Image-2021-09-13-at-12.23.41-2-1024x768.jpeg 1024w, https:\/\/arquivo.pedroleopoldo.mg.gov.br\/wp-content\/uploads\/2021\/09\/WhatsApp-Image-2021-09-13-at-12.23.41-2-300x225.jpeg 300w, https:\/\/arquivo.pedroleopoldo.mg.gov.br\/wp-content\/uploads\/2021\/09\/WhatsApp-Image-2021-09-13-at-12.23.41-2-768x576.jpeg 768w, https:\/\/arquivo.pedroleopoldo.mg.gov.br\/wp-content\/uploads\/2021\/09\/WhatsApp-Image-2021-09-13-at-12.23.41-2-1536x1152.jpeg 1536w, https:\/\/arquivo.pedroleopoldo.mg.gov.br\/wp-content\/uploads\/2021\/09\/WhatsApp-Image-2021-09-13-at-12.23.41-2.jpeg 1600w\" sizes=\"(max-width: 1024px) 100vw, 1024px\" \/><\/figure><\/li><li class=\"blocks-gallery-item\"><figure><img decoding=\"async\" loading=\"lazy\" width=\"1024\" height=\"768\" src=\"http:\/\/pedroleopoldo.mg.gov.br\/wp-content\/uploads\/2021\/09\/WhatsApp-Image-2021-09-13-at-12.23.41.jpeg\" alt=\"\" data-id=\"18166\" data-full-url=\"http:\/\/pedroleopoldo.mg.gov.br\/wp-content\/uploads\/2021\/09\/WhatsApp-Image-2021-09-13-at-12.23.41.jpeg\" data-link=\"http:\/\/pedroleopoldo.mg.gov.br\/?attachment_id=18166\" class=\"wp-image-18166\" srcset=\"https:\/\/arquivo.pedroleopoldo.mg.gov.br\/wp-content\/uploads\/2021\/09\/WhatsApp-Image-2021-09-13-at-12.23.41.jpeg 1024w, https:\/\/arquivo.pedroleopoldo.mg.gov.br\/wp-content\/uploads\/2021\/09\/WhatsApp-Image-2021-09-13-at-12.23.41-300x225.jpeg 300w, https:\/\/arquivo.pedroleopoldo.mg.gov.br\/wp-content\/uploads\/2021\/09\/WhatsApp-Image-2021-09-13-at-12.23.41-768x576.jpeg 768w\" sizes=\"(max-width: 1024px) 100vw, 1024px\" \/><\/figure><\/li><li class=\"blocks-gallery-item\"><figure><img decoding=\"async\" loading=\"lazy\" width=\"768\" height=\"1024\" src=\"http:\/\/pedroleopoldo.mg.gov.br\/wp-content\/uploads\/2021\/09\/WhatsApp-Image-2021-09-13-at-12.23.42-768x1024.jpeg\" alt=\"\" data-id=\"18167\" data-full-url=\"http:\/\/pedroleopoldo.mg.gov.br\/wp-content\/uploads\/2021\/09\/WhatsApp-Image-2021-09-13-at-12.23.42.jpeg\" data-link=\"http:\/\/pedroleopoldo.mg.gov.br\/?attachment_id=18167\" class=\"wp-image-18167\" srcset=\"https:\/\/arquivo.pedroleopoldo.mg.gov.br\/wp-content\/uploads\/2021\/09\/WhatsApp-Image-2021-09-13-at-12.23.42-768x1024.jpeg 768w, https:\/\/arquivo.pedroleopoldo.mg.gov.br\/wp-content\/uploads\/2021\/09\/WhatsApp-Image-2021-09-13-at-12.23.42-225x300.jpeg 225w, https:\/\/arquivo.pedroleopoldo.mg.gov.br\/wp-content\/uploads\/2021\/09\/WhatsApp-Image-2021-09-13-at-12.23.42-1152x1536.jpeg 1152w, https:\/\/arquivo.pedroleopoldo.mg.gov.br\/wp-content\/uploads\/2021\/09\/WhatsApp-Image-2021-09-13-at-12.23.42.jpeg 1200w\" sizes=\"(max-width: 768px) 100vw, 768px\" \/><\/figure><\/li><\/ul><\/figure>\n","protected":false},"excerpt":{"rendered":"<p>Foi um sucesso a Feira de Ado\u00e7\u00e3o de c\u00e3es e gatos realizada pela Prefeitura Municipal de Pedro Leopoldo neste domingo, dia 12, atrav\u00e9s Comit\u00ea de Bem-Estar Animal da Secretaria de Meio Ambiente. O evento aconteceu na Pra\u00e7a da Esta\u00e7\u00e3o, com apoio log\u00edstico da Secretaria de Cultura, e teve a parceria de protetores do munic\u00edpio. No &hellip; <a href=\"https:\/\/arquivo.pedroleopoldo.mg.gov.br\/?p=18162\" class=\"more-link\">Continuar lendo <span class=\"screen-reader-text\">Prefeitura promove feira de ado\u00e7\u00e3o animal<\/span><\/a><\/p>\n","protected":false},"author":1,"featured_media":18163,"comment_status":"closed","ping_status":"closed","sticky":false,"template":"","format":"standard","meta":{"footnotes":""},"categories":[4],"tags":[],"_links":{"self":[{"href":"https:\/\/arquivo.pedroleopoldo.mg.gov.br\/index.php?rest_route=\/wp\/v2\/posts\/18162"}],"collection":[{"href":"https:\/\/arquivo.pedroleopoldo.mg.gov.br\/index.php?rest_route=\/wp\/v2\/posts"}],"about":[{"href":"https:\/\/arquivo.pedroleopoldo.mg.gov.br\/index.php?rest_route=\/wp\/v2\/types\/post"}],"author":[{"embeddable":true,"href":"https:\/\/arquivo.pedroleopoldo.mg.gov.br\/index.php?rest_route=\/wp\/v2\/users\/1"}],"replies":[{"embeddable":true,"href":"https:\/\/arquivo.pedroleopoldo.mg.gov.br\/index.php?rest_route=%2Fwp%2Fv2%2Fcomments&post=18162"}],"version-history":[{"count":0,"href":"https:\/\/arquivo.pedroleopoldo.mg.gov.br\/index.php?rest_route=\/wp\/v2\/posts\/18162\/revisions"}],"wp:featuredmedia":[{"embeddable":true,"href":"https:\/\/arquivo.pedroleopoldo.mg.gov.br\/index.php?rest_route=\/wp\/v2\/media\/18163"}],"wp:attachment":[{"href":"https:\/\/arquivo.pedroleopoldo.mg.gov.br\/index.php?rest_route=%2Fwp%2Fv2%2Fmedia&parent=18162"}],"wp:term":[{"taxonomy":"category","embeddable":true,"href":"https:\/\/arquivo.pedroleopoldo.mg.gov.br\/index.php?rest_route=%2Fwp%2Fv2%2Fcategories&post=18162"},{"taxonomy":"post_tag","embeddable":true,"href":"https:\/\/arquivo.pedroleopoldo.mg.gov.br\/index.php?rest_route=%2Fwp%2Fv2%2Ftags&post=18162"}],"curies":[{"name":"wp","href":"https:\/\/api.w.org\/{rel}","templated":true}]}}