{"id":18044,"date":"2021-08-30T12:59:26","date_gmt":"2021-08-30T15:59:26","guid":{"rendered":"http:\/\/pedroleopoldo.mg.gov.br\/?p=18044"},"modified":"2021-08-30T12:59:32","modified_gmt":"2021-08-30T15:59:32","slug":"mais-alunos-retornam-para-a-sala-de-aula-em-pl","status":"publish","type":"post","link":"https:\/\/arquivo.pedroleopoldo.mg.gov.br\/?p=18044","title":{"rendered":"Mais alunos retornam para a sala de aula em PL"},"content":{"rendered":"\n<p>Aconteceu na manh\u00e3 de hoje, o avan\u00e7o de mais uma fase do protocolo de volta \u00e0s aulas. Nesta segunda-feira, 30, os alunos do ensino fundamental, anos iniciais (1\u00b0 ao 5\u00b0 ano), retornaram \u00e0s atividades presenciais nas escolas. Cerca de 600 alunos retornar\u00e3o nesta nova fase. A volta aconteceu de forma respons\u00e1vel e segura. Todas as institui\u00e7\u00f5es e servidores est\u00e3o devidamente preparados para receber os alunos tamb\u00e9m nessa nova fase.<\/p>\n\n\n\n<figure class=\"wp-block-gallery columns-1 is-cropped wp-block-gallery-1 is-layout-flex wp-block-gallery-is-layout-flex\"><ul class=\"blocks-gallery-grid\"><li class=\"blocks-gallery-item\"><figure><img decoding=\"async\" loading=\"lazy\" width=\"768\" height=\"1024\" src=\"http:\/\/pedroleopoldo.mg.gov.br\/wp-content\/uploads\/2021\/08\/WhatsApp-Image-2021-08-30-at-07.48.28-768x1024.jpeg\" alt=\"\" data-id=\"18047\" data-full-url=\"http:\/\/pedroleopoldo.mg.gov.br\/wp-content\/uploads\/2021\/08\/WhatsApp-Image-2021-08-30-at-07.48.28.jpeg\" data-link=\"http:\/\/pedroleopoldo.mg.gov.br\/?attachment_id=18047\" class=\"wp-image-18047\" srcset=\"https:\/\/arquivo.pedroleopoldo.mg.gov.br\/wp-content\/uploads\/2021\/08\/WhatsApp-Image-2021-08-30-at-07.48.28-768x1024.jpeg 768w, https:\/\/arquivo.pedroleopoldo.mg.gov.br\/wp-content\/uploads\/2021\/08\/WhatsApp-Image-2021-08-30-at-07.48.28-225x300.jpeg 225w, https:\/\/arquivo.pedroleopoldo.mg.gov.br\/wp-content\/uploads\/2021\/08\/WhatsApp-Image-2021-08-30-at-07.48.28.jpeg 960w\" sizes=\"(max-width: 768px) 100vw, 768px\" \/><\/figure><\/li><li class=\"blocks-gallery-item\"><figure><img decoding=\"async\" loading=\"lazy\" width=\"1024\" height=\"768\" src=\"http:\/\/pedroleopoldo.mg.gov.br\/wp-content\/uploads\/2021\/08\/WhatsApp-Image-2021-08-30-at-07.48.29-1024x768.jpeg\" alt=\"\" data-id=\"18049\" data-full-url=\"http:\/\/pedroleopoldo.mg.gov.br\/wp-content\/uploads\/2021\/08\/WhatsApp-Image-2021-08-30-at-07.48.29.jpeg\" data-link=\"http:\/\/pedroleopoldo.mg.gov.br\/?attachment_id=18049\" class=\"wp-image-18049\" srcset=\"https:\/\/arquivo.pedroleopoldo.mg.gov.br\/wp-content\/uploads\/2021\/08\/WhatsApp-Image-2021-08-30-at-07.48.29-1024x768.jpeg 1024w, https:\/\/arquivo.pedroleopoldo.mg.gov.br\/wp-content\/uploads\/2021\/08\/WhatsApp-Image-2021-08-30-at-07.48.29-300x225.jpeg 300w, https:\/\/arquivo.pedroleopoldo.mg.gov.br\/wp-content\/uploads\/2021\/08\/WhatsApp-Image-2021-08-30-at-07.48.29-768x576.jpeg 768w, https:\/\/arquivo.pedroleopoldo.mg.gov.br\/wp-content\/uploads\/2021\/08\/WhatsApp-Image-2021-08-30-at-07.48.29.jpeg 1280w\" sizes=\"(max-width: 1024px) 100vw, 1024px\" \/><\/figure><\/li><li class=\"blocks-gallery-item\"><figure><img decoding=\"async\" loading=\"lazy\" width=\"1024\" height=\"766\" src=\"http:\/\/pedroleopoldo.mg.gov.br\/wp-content\/uploads\/2021\/08\/WhatsApp-Image-2021-08-30-at-07.12.50-1-1-1024x766.jpeg\" alt=\"\" data-id=\"18052\" data-full-url=\"http:\/\/pedroleopoldo.mg.gov.br\/wp-content\/uploads\/2021\/08\/WhatsApp-Image-2021-08-30-at-07.12.50-1-1.jpeg\" data-link=\"http:\/\/pedroleopoldo.mg.gov.br\/?attachment_id=18052\" class=\"wp-image-18052\" srcset=\"https:\/\/arquivo.pedroleopoldo.mg.gov.br\/wp-content\/uploads\/2021\/08\/WhatsApp-Image-2021-08-30-at-07.12.50-1-1-1024x766.jpeg 1024w, https:\/\/arquivo.pedroleopoldo.mg.gov.br\/wp-content\/uploads\/2021\/08\/WhatsApp-Image-2021-08-30-at-07.12.50-1-1-300x225.jpeg 300w, https:\/\/arquivo.pedroleopoldo.mg.gov.br\/wp-content\/uploads\/2021\/08\/WhatsApp-Image-2021-08-30-at-07.12.50-1-1-768x575.jpeg 768w, https:\/\/arquivo.pedroleopoldo.mg.gov.br\/wp-content\/uploads\/2021\/08\/WhatsApp-Image-2021-08-30-at-07.12.50-1-1.jpeg 1280w\" sizes=\"(max-width: 1024px) 100vw, 1024px\" \/><\/figure><\/li><li class=\"blocks-gallery-item\"><figure><img decoding=\"async\" loading=\"lazy\" width=\"766\" height=\"1024\" src=\"http:\/\/pedroleopoldo.mg.gov.br\/wp-content\/uploads\/2021\/08\/WhatsApp-Image-2021-08-30-at-07.12.56-766x1024.jpeg\" alt=\"\" data-id=\"18055\" data-full-url=\"http:\/\/pedroleopoldo.mg.gov.br\/wp-content\/uploads\/2021\/08\/WhatsApp-Image-2021-08-30-at-07.12.56.jpeg\" data-link=\"http:\/\/pedroleopoldo.mg.gov.br\/?attachment_id=18055\" class=\"wp-image-18055\" srcset=\"https:\/\/arquivo.pedroleopoldo.mg.gov.br\/wp-content\/uploads\/2021\/08\/WhatsApp-Image-2021-08-30-at-07.12.56-766x1024.jpeg 766w, https:\/\/arquivo.pedroleopoldo.mg.gov.br\/wp-content\/uploads\/2021\/08\/WhatsApp-Image-2021-08-30-at-07.12.56-225x300.jpeg 225w, https:\/\/arquivo.pedroleopoldo.mg.gov.br\/wp-content\/uploads\/2021\/08\/WhatsApp-Image-2021-08-30-at-07.12.56-768x1026.jpeg 768w, https:\/\/arquivo.pedroleopoldo.mg.gov.br\/wp-content\/uploads\/2021\/08\/WhatsApp-Image-2021-08-30-at-07.12.56.jpeg 958w\" sizes=\"(max-width: 766px) 100vw, 766px\" \/><\/figure><\/li><\/ul><\/figure>\n","protected":false},"excerpt":{"rendered":"<p>Aconteceu na manh\u00e3 de hoje, o avan\u00e7o de mais uma fase do protocolo de volta \u00e0s aulas. Nesta segunda-feira, 30, os alunos do ensino fundamental, anos iniciais (1\u00b0 ao 5\u00b0 ano), retornaram \u00e0s atividades presenciais nas escolas. Cerca de 600 alunos retornar\u00e3o nesta nova fase. A volta aconteceu de forma respons\u00e1vel e segura. Todas as &hellip; <a href=\"https:\/\/arquivo.pedroleopoldo.mg.gov.br\/?p=18044\" class=\"more-link\">Continuar lendo <span class=\"screen-reader-text\">Mais alunos retornam para a sala de aula em PL<\/span><\/a><\/p>\n","protected":false},"author":1,"featured_media":18045,"comment_status":"closed","ping_status":"closed","sticky":false,"template":"","format":"standard","meta":{"footnotes":""},"categories":[4],"tags":[],"_links":{"self":[{"href":"https:\/\/arquivo.pedroleopoldo.mg.gov.br\/index.php?rest_route=\/wp\/v2\/posts\/18044"}],"collection":[{"href":"https:\/\/arquivo.pedroleopoldo.mg.gov.br\/index.php?rest_route=\/wp\/v2\/posts"}],"about":[{"href":"https:\/\/arquivo.pedroleopoldo.mg.gov.br\/index.php?rest_route=\/wp\/v2\/types\/post"}],"author":[{"embeddable":true,"href":"https:\/\/arquivo.pedroleopoldo.mg.gov.br\/index.php?rest_route=\/wp\/v2\/users\/1"}],"replies":[{"embeddable":true,"href":"https:\/\/arquivo.pedroleopoldo.mg.gov.br\/index.php?rest_route=%2Fwp%2Fv2%2Fcomments&post=18044"}],"version-history":[{"count":0,"href":"https:\/\/arquivo.pedroleopoldo.mg.gov.br\/index.php?rest_route=\/wp\/v2\/posts\/18044\/revisions"}],"wp:featuredmedia":[{"embeddable":true,"href":"https:\/\/arquivo.pedroleopoldo.mg.gov.br\/index.php?rest_route=\/wp\/v2\/media\/18045"}],"wp:attachment":[{"href":"https:\/\/arquivo.pedroleopoldo.mg.gov.br\/index.php?rest_route=%2Fwp%2Fv2%2Fmedia&parent=18044"}],"wp:term":[{"taxonomy":"category","embeddable":true,"href":"https:\/\/arquivo.pedroleopoldo.mg.gov.br\/index.php?rest_route=%2Fwp%2Fv2%2Fcategories&post=18044"},{"taxonomy":"post_tag","embeddable":true,"href":"https:\/\/arquivo.pedroleopoldo.mg.gov.br\/index.php?rest_route=%2Fwp%2Fv2%2Ftags&post=18044"}],"curies":[{"name":"wp","href":"https:\/\/api.w.org\/{rel}","templated":true}]}}