{"id":17995,"date":"2021-08-25T15:50:52","date_gmt":"2021-08-25T18:50:52","guid":{"rendered":"http:\/\/pedroleopoldo.mg.gov.br\/?p=17995"},"modified":"2021-10-07T14:04:11","modified_gmt":"2021-10-07T17:04:11","slug":"prefeita-eloisa-helena-incorpora-progressoes-ao-salario-dos-servidores-da-educacao","status":"publish","type":"post","link":"https:\/\/arquivo.pedroleopoldo.mg.gov.br\/?p=17995","title":{"rendered":"Gest\u00e3o incorpora progress\u00f5es ao sal\u00e1rio dos servidores da educa\u00e7\u00e3o"},"content":{"rendered":"\n<p><em>Funcion\u00e1rios da educa\u00e7\u00e3o v\u00e3o receber os direitos com vencimento compat\u00edvel ao n\u00edvel e grau de sua \u00faltima movimenta\u00e7\u00e3o na carreira.&nbsp;Metade&nbsp;do 13\u00ba de todos os servidores tamb\u00e9m ser\u00e1 adiantada<\/em><\/p>\n\n\n\n<p>Ap\u00f3s um intenso trabalho e organiza\u00e7\u00e3o financeira, a Prefeita Eloisa Helena e a vice Ana Paula Santos anunciaram, no \u00faltimo dia 19 de agosto, a incorpora\u00e7\u00e3o das progress\u00f5es salariais dos servidores da educa\u00e7\u00e3o municipal. No quadro de contemplados est\u00e3o todos efetivos da rede municipal, professores, supervisores, auxiliares de escola, agentes administrativos e secret\u00e1rios escolares, inclusive os j\u00e1 aposentados.<\/p>\n\n\n\n<p>A incorpora\u00e7\u00e3o salarial \u00e9 uma antiga reivindica\u00e7\u00e3o dos servidores. \u201cAp\u00f3s muito trabalho, empenho e economia vamos conseguir realizar este feito. \u00c9 uma ben\u00e7\u00e3o poder proporcionar isso aos nossos servidores e \u00e9 com muita felicidade que damos esta not\u00edcia. Desde que assumimos, solicitei que fosse feito um levantamento, e, ap\u00f3s a entrega da planilha de receitas e despesas, pude constatar que o valor comporta no or\u00e7amento e vamos fazer a corre\u00e7\u00e3o j\u00e1 no pr\u00f3ximo pagamento\u201d, destacou a Prefeita Eloisa Helena.<\/p>\n\n\n\n<p>A professora do CEMAI EUG\u00caNIA DE BASTOS, Vera L\u00facia Passos, destacou a import\u00e2ncia desse pagamento. \u201cSou funcion\u00e1ria da rede h\u00e1 10 anos e estava ansiosa por este momento. \u00c9 um benef\u00edcio que vai ajudar muito na minha vida e da minha fam\u00edlia\u201d, disse.<\/p>\n\n\n\n<p>J\u00e1 a servidora Sara Camelo elogiou a administra\u00e7\u00e3o por realizar esta antiga reivindica\u00e7\u00e3o da classe. &#8220;Depois de quase 6 anos a t\u00e3o esperada incorpora\u00e7\u00e3o sair\u00e1 e passar\u00e1 a contar para fins de aposentadoria, f\u00e9rias e 13\u00ba sal\u00e1rio. Este era um anseio de todos os trabalhadores da educa\u00e7\u00e3o, principalmente dos que receber\u00e3o suas progress\u00f5es pela primeira vez. Agradecemos a Deus primeiramente e \u00e0 Eloisa e Ana Paula, que concederam a incorpora\u00e7\u00e3o\u201d, destacou.<\/p>\n\n\n\n<p>Ainda segundo a Prefeita Eloisa, a administra\u00e7\u00e3o segue trabalhando para que os demais servidores do quadro administrativo tenham seus direitos incorporados. \u201cNossa inten\u00e7\u00e3o \u00e9 valorizar, cada dia mais, todos os funcion\u00e1rios. Aos poucos chegaremos l\u00e1!\u201d, finalizou.<\/p>\n\n\n\n<p><strong>13\u00b0 sal\u00e1rio para todos servidores<\/strong><\/p>\n\n\n\n<p>Al\u00e9m da incorpora\u00e7\u00e3o, outra boa not\u00edcia foi dada esta semana. A administra\u00e7\u00e3o vai pagar ao quadro geral do funcionalismo, a metade do 13\u00b0 sal\u00e1rio j\u00e1 no pr\u00f3ximo m\u00eas. Isso inclui efetivos, comissionados e contratados. A antecipa\u00e7\u00e3o gera benef\u00edcios ao servidor e movimenta a economia local.<\/p>\n","protected":false},"excerpt":{"rendered":"<p>Funcion\u00e1rios da educa\u00e7\u00e3o v\u00e3o receber os direitos com vencimento compat\u00edvel ao n\u00edvel e grau de sua \u00faltima movimenta\u00e7\u00e3o na carreira.&nbsp;Metade&nbsp;do 13\u00ba de todos os servidores tamb\u00e9m ser\u00e1 adiantada Ap\u00f3s um intenso trabalho e organiza\u00e7\u00e3o financeira, a Prefeita Eloisa Helena e a vice Ana Paula Santos anunciaram, no \u00faltimo dia 19 de agosto, a incorpora\u00e7\u00e3o das &hellip; <a href=\"https:\/\/arquivo.pedroleopoldo.mg.gov.br\/?p=17995\" class=\"more-link\">Continuar lendo <span class=\"screen-reader-text\">Gest\u00e3o incorpora progress\u00f5es ao sal\u00e1rio dos servidores da educa\u00e7\u00e3o<\/span><\/a><\/p>\n","protected":false},"author":1,"featured_media":18497,"comment_status":"closed","ping_status":"closed","sticky":false,"template":"","format":"standard","meta":{"footnotes":""},"categories":[4],"tags":[],"_links":{"self":[{"href":"https:\/\/arquivo.pedroleopoldo.mg.gov.br\/index.php?rest_route=\/wp\/v2\/posts\/17995"}],"collection":[{"href":"https:\/\/arquivo.pedroleopoldo.mg.gov.br\/index.php?rest_route=\/wp\/v2\/posts"}],"about":[{"href":"https:\/\/arquivo.pedroleopoldo.mg.gov.br\/index.php?rest_route=\/wp\/v2\/types\/post"}],"author":[{"embeddable":true,"href":"https:\/\/arquivo.pedroleopoldo.mg.gov.br\/index.php?rest_route=\/wp\/v2\/users\/1"}],"replies":[{"embeddable":true,"href":"https:\/\/arquivo.pedroleopoldo.mg.gov.br\/index.php?rest_route=%2Fwp%2Fv2%2Fcomments&post=17995"}],"version-history":[{"count":0,"href":"https:\/\/arquivo.pedroleopoldo.mg.gov.br\/index.php?rest_route=\/wp\/v2\/posts\/17995\/revisions"}],"wp:featuredmedia":[{"embeddable":true,"href":"https:\/\/arquivo.pedroleopoldo.mg.gov.br\/index.php?rest_route=\/wp\/v2\/media\/18497"}],"wp:attachment":[{"href":"https:\/\/arquivo.pedroleopoldo.mg.gov.br\/index.php?rest_route=%2Fwp%2Fv2%2Fmedia&parent=17995"}],"wp:term":[{"taxonomy":"category","embeddable":true,"href":"https:\/\/arquivo.pedroleopoldo.mg.gov.br\/index.php?rest_route=%2Fwp%2Fv2%2Fcategories&post=17995"},{"taxonomy":"post_tag","embeddable":true,"href":"https:\/\/arquivo.pedroleopoldo.mg.gov.br\/index.php?rest_route=%2Fwp%2Fv2%2Ftags&post=17995"}],"curies":[{"name":"wp","href":"https:\/\/api.w.org\/{rel}","templated":true}]}}