{"id":17975,"date":"2021-08-25T11:33:17","date_gmt":"2021-08-25T14:33:17","guid":{"rendered":"http:\/\/pedroleopoldo.mg.gov.br\/?p=17975"},"modified":"2021-08-25T11:33:22","modified_gmt":"2021-08-25T14:33:22","slug":"prefeitura-de-pedro-leopoldo-homenageia-supervisores-da-rede-municipal-de-ensino","status":"publish","type":"post","link":"https:\/\/arquivo.pedroleopoldo.mg.gov.br\/?p=17975","title":{"rendered":"Prefeitura de Pedro Leopoldo homenageia supervisores da rede municipal de ensino"},"content":{"rendered":"\n<p>A Prefeitura de Pedro Leopoldo, atrav\u00e9s da Secretaria Municipal de Educa\u00e7\u00e3o, promoveu na \u00faltima segunda-feira (23) uma homenagem em comemora\u00e7\u00e3o ao&nbsp;Dia do&nbsp;Supervisor. Os 31 supervisores da Rede Municipal de Educa\u00e7\u00e3o tiveram direito a brindes e cart\u00f5es com felicita\u00e7\u00f5es, que foram entregues por meio de um Drive Thru no estacionamento da Secretaria de Educa\u00e7\u00e3o.<\/p>\n\n\n\n<p>A homenagem&nbsp;teve o objetivo de&nbsp;valorizar o&nbsp;trabalho destes profissionais&nbsp;nas institui\u00e7\u00f5es. \u201cEstamos homenageando hoje o pulm\u00e3o da escola.&nbsp;O&nbsp;supervisor e orientador escolar s\u00e3o elementos essenciais na articula\u00e7\u00e3o&nbsp;e&nbsp;no processo de aprendizado e ensino. Essa homenagem \u00e9 para demonstrar&nbsp;todo&nbsp;o nosso respeito a estes&nbsp;profissionais\u201d, disse&nbsp;Cl\u00e1udia Resende,&nbsp;Secret\u00e1ria&nbsp;de Educa\u00e7\u00e3o.<\/p>\n\n\n\n<p>A a\u00e7\u00e3o da Prefeitura tamb\u00e9m recebeu elogios&nbsp;dos servidores. Helen Karine Martins, Supervisora da Escola Municipal Tia Bendoca, falou sobre a homenagem. \u201cMe senti uma profissional valorizada e senti tamb\u00e9m que todo o esfor\u00e7o e todo o trabalho que fiz e fa\u00e7o \u00e9 de grande valia\u201d,&nbsp;comentou. A supervisora ainda agradeceu o empenho de todos. \u201cO meu muito obrigada \u00e0&nbsp;secretaria de&nbsp;educa\u00e7\u00e3o&nbsp;por esse carinho. Agrade\u00e7o por acreditarem&nbsp;no nosso trabalho e por nos incentivarem&nbsp;a fazer o nosso melhor pelos alunos e pela comunidade escolar\u201d,&nbsp;destacou&nbsp;Helen.<\/p>\n\n\n\n<p>Simone Santos, Supervisora da Escola Municipal Dona Jandirinha de Sales, destacou a emo\u00e7\u00e3o de ser homenageada. \u201cEstou emocionada e com enorme sentimento de gratid\u00e3o pelo reconhecimento.&nbsp;Me senti&nbsp;acolhida e agraciada com&nbsp;este&nbsp;\u2018mimo\u2019 ao passar pelo Drive Thru.&nbsp;Foi um momento \u00fanico de valoriza\u00e7\u00e3o\u201d,&nbsp;refor\u00e7ou&nbsp;Simone.<\/p>\n\n\n\n<p>As entregas aconteceram em dois turnos diferentes, visando n\u00e3o\u00a0atrapalhar\u00a0o tr\u00e2nsito local.<\/p>\n\n\n\n<figure class=\"wp-block-gallery columns-2 is-cropped wp-block-gallery-1 is-layout-flex wp-block-gallery-is-layout-flex\"><ul class=\"blocks-gallery-grid\"><li class=\"blocks-gallery-item\"><figure><img decoding=\"async\" loading=\"lazy\" width=\"768\" height=\"1024\" src=\"http:\/\/pedroleopoldo.mg.gov.br\/wp-content\/uploads\/2021\/08\/WhatsApp-Image-2021-08-24-at-16.57.52-2.jpeg\" alt=\"\" data-id=\"17977\" data-full-url=\"http:\/\/pedroleopoldo.mg.gov.br\/wp-content\/uploads\/2021\/08\/WhatsApp-Image-2021-08-24-at-16.57.52-2.jpeg\" data-link=\"http:\/\/pedroleopoldo.mg.gov.br\/?attachment_id=17977\" class=\"wp-image-17977\" srcset=\"https:\/\/arquivo.pedroleopoldo.mg.gov.br\/wp-content\/uploads\/2021\/08\/WhatsApp-Image-2021-08-24-at-16.57.52-2.jpeg 768w, https:\/\/arquivo.pedroleopoldo.mg.gov.br\/wp-content\/uploads\/2021\/08\/WhatsApp-Image-2021-08-24-at-16.57.52-2-225x300.jpeg 225w\" sizes=\"(max-width: 768px) 100vw, 768px\" \/><\/figure><\/li><li class=\"blocks-gallery-item\"><figure><img decoding=\"async\" loading=\"lazy\" width=\"1024\" height=\"768\" src=\"http:\/\/pedroleopoldo.mg.gov.br\/wp-content\/uploads\/2021\/08\/WhatsApp-Image-2021-08-24-at-16.57.52-1.jpeg\" alt=\"\" data-id=\"17978\" data-full-url=\"http:\/\/pedroleopoldo.mg.gov.br\/wp-content\/uploads\/2021\/08\/WhatsApp-Image-2021-08-24-at-16.57.52-1.jpeg\" data-link=\"http:\/\/pedroleopoldo.mg.gov.br\/?attachment_id=17978\" class=\"wp-image-17978\" srcset=\"https:\/\/arquivo.pedroleopoldo.mg.gov.br\/wp-content\/uploads\/2021\/08\/WhatsApp-Image-2021-08-24-at-16.57.52-1.jpeg 1024w, https:\/\/arquivo.pedroleopoldo.mg.gov.br\/wp-content\/uploads\/2021\/08\/WhatsApp-Image-2021-08-24-at-16.57.52-1-300x225.jpeg 300w, https:\/\/arquivo.pedroleopoldo.mg.gov.br\/wp-content\/uploads\/2021\/08\/WhatsApp-Image-2021-08-24-at-16.57.52-1-768x576.jpeg 768w\" sizes=\"(max-width: 1024px) 100vw, 1024px\" \/><\/figure><\/li><li class=\"blocks-gallery-item\"><figure><img decoding=\"async\" loading=\"lazy\" width=\"1024\" height=\"768\" src=\"http:\/\/pedroleopoldo.mg.gov.br\/wp-content\/uploads\/2021\/08\/WhatsApp-Image-2021-08-24-at-16.57.52.jpeg\" alt=\"\" data-id=\"17979\" data-full-url=\"http:\/\/pedroleopoldo.mg.gov.br\/wp-content\/uploads\/2021\/08\/WhatsApp-Image-2021-08-24-at-16.57.52.jpeg\" data-link=\"http:\/\/pedroleopoldo.mg.gov.br\/?attachment_id=17979\" class=\"wp-image-17979\" srcset=\"https:\/\/arquivo.pedroleopoldo.mg.gov.br\/wp-content\/uploads\/2021\/08\/WhatsApp-Image-2021-08-24-at-16.57.52.jpeg 1024w, https:\/\/arquivo.pedroleopoldo.mg.gov.br\/wp-content\/uploads\/2021\/08\/WhatsApp-Image-2021-08-24-at-16.57.52-300x225.jpeg 300w, https:\/\/arquivo.pedroleopoldo.mg.gov.br\/wp-content\/uploads\/2021\/08\/WhatsApp-Image-2021-08-24-at-16.57.52-768x576.jpeg 768w\" sizes=\"(max-width: 1024px) 100vw, 1024px\" \/><\/figure><\/li><\/ul><\/figure>\n","protected":false},"excerpt":{"rendered":"<p>A Prefeitura de Pedro Leopoldo, atrav\u00e9s da Secretaria Municipal de Educa\u00e7\u00e3o, promoveu na \u00faltima segunda-feira (23) uma homenagem em comemora\u00e7\u00e3o ao&nbsp;Dia do&nbsp;Supervisor. Os 31 supervisores da Rede Municipal de Educa\u00e7\u00e3o tiveram direito a brindes e cart\u00f5es com felicita\u00e7\u00f5es, que foram entregues por meio de um Drive Thru no estacionamento da Secretaria de Educa\u00e7\u00e3o. A homenagem&nbsp;teve &hellip; <a href=\"https:\/\/arquivo.pedroleopoldo.mg.gov.br\/?p=17975\" class=\"more-link\">Continuar lendo <span class=\"screen-reader-text\">Prefeitura de Pedro Leopoldo homenageia supervisores da rede municipal de ensino<\/span><\/a><\/p>\n","protected":false},"author":1,"featured_media":17976,"comment_status":"closed","ping_status":"closed","sticky":false,"template":"","format":"standard","meta":{"footnotes":""},"categories":[4],"tags":[],"_links":{"self":[{"href":"https:\/\/arquivo.pedroleopoldo.mg.gov.br\/index.php?rest_route=\/wp\/v2\/posts\/17975"}],"collection":[{"href":"https:\/\/arquivo.pedroleopoldo.mg.gov.br\/index.php?rest_route=\/wp\/v2\/posts"}],"about":[{"href":"https:\/\/arquivo.pedroleopoldo.mg.gov.br\/index.php?rest_route=\/wp\/v2\/types\/post"}],"author":[{"embeddable":true,"href":"https:\/\/arquivo.pedroleopoldo.mg.gov.br\/index.php?rest_route=\/wp\/v2\/users\/1"}],"replies":[{"embeddable":true,"href":"https:\/\/arquivo.pedroleopoldo.mg.gov.br\/index.php?rest_route=%2Fwp%2Fv2%2Fcomments&post=17975"}],"version-history":[{"count":0,"href":"https:\/\/arquivo.pedroleopoldo.mg.gov.br\/index.php?rest_route=\/wp\/v2\/posts\/17975\/revisions"}],"wp:featuredmedia":[{"embeddable":true,"href":"https:\/\/arquivo.pedroleopoldo.mg.gov.br\/index.php?rest_route=\/wp\/v2\/media\/17976"}],"wp:attachment":[{"href":"https:\/\/arquivo.pedroleopoldo.mg.gov.br\/index.php?rest_route=%2Fwp%2Fv2%2Fmedia&parent=17975"}],"wp:term":[{"taxonomy":"category","embeddable":true,"href":"https:\/\/arquivo.pedroleopoldo.mg.gov.br\/index.php?rest_route=%2Fwp%2Fv2%2Fcategories&post=17975"},{"taxonomy":"post_tag","embeddable":true,"href":"https:\/\/arquivo.pedroleopoldo.mg.gov.br\/index.php?rest_route=%2Fwp%2Fv2%2Ftags&post=17975"}],"curies":[{"name":"wp","href":"https:\/\/api.w.org\/{rel}","templated":true}]}}