{"id":17954,"date":"2021-08-24T12:56:56","date_gmt":"2021-08-24T15:56:56","guid":{"rendered":"http:\/\/pedroleopoldo.mg.gov.br\/?p=17954"},"modified":"2021-10-07T14:05:51","modified_gmt":"2021-10-07T17:05:51","slug":"eloisa-assina-termo-aditivo-de-parceria-com-a-aafapel","status":"publish","type":"post","link":"https:\/\/arquivo.pedroleopoldo.mg.gov.br\/?p=17954","title":{"rendered":"Secretaria de Desenvolvimento Social assina termo aditivo de parceria com a AAFAPEL"},"content":{"rendered":"\n<p>Seguindo com a proposta de valoriza\u00e7\u00e3o das associa\u00e7\u00f5es do Munic\u00edpio, na tarde de ontem, dia 23, foi a vez dos produtores rurais terem o termo de colabora\u00e7\u00e3o reajustado. <\/p>\n\n\n\n<p>Na presen\u00e7a de Luiz Carlos Campos, Presidente da AAFAPEL &#8211; Associa\u00e7\u00e3o dos Agricultores Familiares de Pedro Leopoldo, a Prefeita Eloisa assinou o aditivo do documento que oficializa a parceria entre as partes. De agosto de 2021 a janeiro de 2022 a associa\u00e7\u00e3o receber\u00e1 o valor de R$ 12.863,22(doze mil, oitocentos e sessenta e tr\u00eas reais e vinte e dois centavos).<\/p>\n","protected":false},"excerpt":{"rendered":"<p>Seguindo com a proposta de valoriza\u00e7\u00e3o das associa\u00e7\u00f5es do Munic\u00edpio, na tarde de ontem, dia 23, foi a vez dos produtores rurais terem o termo de colabora\u00e7\u00e3o reajustado. Na presen\u00e7a de Luiz Carlos Campos, Presidente da AAFAPEL &#8211; Associa\u00e7\u00e3o dos Agricultores Familiares de Pedro Leopoldo, a Prefeita Eloisa assinou o aditivo do documento que oficializa &hellip; <a href=\"https:\/\/arquivo.pedroleopoldo.mg.gov.br\/?p=17954\" class=\"more-link\">Continuar lendo <span class=\"screen-reader-text\">Secretaria de Desenvolvimento Social assina termo aditivo de parceria com a AAFAPEL<\/span><\/a><\/p>\n","protected":false},"author":1,"featured_media":17955,"comment_status":"closed","ping_status":"closed","sticky":false,"template":"","format":"standard","meta":{"footnotes":""},"categories":[4],"tags":[],"_links":{"self":[{"href":"https:\/\/arquivo.pedroleopoldo.mg.gov.br\/index.php?rest_route=\/wp\/v2\/posts\/17954"}],"collection":[{"href":"https:\/\/arquivo.pedroleopoldo.mg.gov.br\/index.php?rest_route=\/wp\/v2\/posts"}],"about":[{"href":"https:\/\/arquivo.pedroleopoldo.mg.gov.br\/index.php?rest_route=\/wp\/v2\/types\/post"}],"author":[{"embeddable":true,"href":"https:\/\/arquivo.pedroleopoldo.mg.gov.br\/index.php?rest_route=\/wp\/v2\/users\/1"}],"replies":[{"embeddable":true,"href":"https:\/\/arquivo.pedroleopoldo.mg.gov.br\/index.php?rest_route=%2Fwp%2Fv2%2Fcomments&post=17954"}],"version-history":[{"count":0,"href":"https:\/\/arquivo.pedroleopoldo.mg.gov.br\/index.php?rest_route=\/wp\/v2\/posts\/17954\/revisions"}],"wp:featuredmedia":[{"embeddable":true,"href":"https:\/\/arquivo.pedroleopoldo.mg.gov.br\/index.php?rest_route=\/wp\/v2\/media\/17955"}],"wp:attachment":[{"href":"https:\/\/arquivo.pedroleopoldo.mg.gov.br\/index.php?rest_route=%2Fwp%2Fv2%2Fmedia&parent=17954"}],"wp:term":[{"taxonomy":"category","embeddable":true,"href":"https:\/\/arquivo.pedroleopoldo.mg.gov.br\/index.php?rest_route=%2Fwp%2Fv2%2Fcategories&post=17954"},{"taxonomy":"post_tag","embeddable":true,"href":"https:\/\/arquivo.pedroleopoldo.mg.gov.br\/index.php?rest_route=%2Fwp%2Fv2%2Ftags&post=17954"}],"curies":[{"name":"wp","href":"https:\/\/api.w.org\/{rel}","templated":true}]}}