{"id":17941,"date":"2021-08-23T16:27:12","date_gmt":"2021-08-23T19:27:12","guid":{"rendered":"http:\/\/pedroleopoldo.mg.gov.br\/?p=17941"},"modified":"2021-08-23T16:27:47","modified_gmt":"2021-08-23T19:27:47","slug":"se-liga-no-cronograma-de-vacinacao","status":"publish","type":"post","link":"https:\/\/arquivo.pedroleopoldo.mg.gov.br\/?p=17941","title":{"rendered":"Se liga no cronograma de vacina\u00e7\u00e3o!"},"content":{"rendered":"\n<p>Vem vacina!<\/p>\n\n\n\n<p>Amanh\u00e3, ter\u00e7a-feira, 24 de agosto, tem vacina\u00e7\u00e3o de 1\u00aa dose para pessoas de 22 anos ou mais! A imuniza\u00e7\u00e3o acontece no Centro Municipal de Imuniza\u00e7\u00e3o e nos ESF&#8217;s!<\/p>\n\n\n\n<p>Lembre-se da documenta\u00e7\u00e3o descrita na imagem e fique atento aos hor\u00e1rios! Se puder, fa\u00e7a sua doa\u00e7\u00e3o.<\/p>\n\n\n\n<p>ESF\u2019s:<br>\ud83d\udccdRomero Carvalho<br>\ud83d\udccdSanto Ant\u00f4nio<br>\ud83d\udccdVera Cruz<br>\ud83d\udccdDr. Lund<br>\ud83d\udccdAd\u00e9lia Issa<br>\ud83d\udccdTeot\u00f4nio Batista de Freitas<br>\ud83d\udccdSanta Tereza\/Dom Camilo<br>\ud83d\udccdLagoa de Santo Ant\u00f4nio<br>\ud83d\udccdFidalgo<br>\ud83d\udccdMagalh\u00e3es<br>\ud83d\udccdS\u00e3o Geraldo<br>\ud83d\udccdSanto Ant\u00f4nio da Barra<\/p>\n\n\n\n<figure class=\"wp-block-gallery columns-1 is-cropped wp-block-gallery-1 is-layout-flex wp-block-gallery-is-layout-flex\"><ul class=\"blocks-gallery-grid\"><li class=\"blocks-gallery-item\"><figure><img decoding=\"async\" loading=\"lazy\" width=\"1024\" height=\"1024\" src=\"http:\/\/pedroleopoldo.mg.gov.br\/wp-content\/uploads\/2021\/08\/WhatsApp-Image-2021-08-23-at-16.01.16-1024x1024.jpeg\" alt=\"\" data-id=\"17942\" data-full-url=\"http:\/\/pedroleopoldo.mg.gov.br\/wp-content\/uploads\/2021\/08\/WhatsApp-Image-2021-08-23-at-16.01.16.jpeg\" data-link=\"http:\/\/pedroleopoldo.mg.gov.br\/?attachment_id=17942\" class=\"wp-image-17942\" srcset=\"https:\/\/arquivo.pedroleopoldo.mg.gov.br\/wp-content\/uploads\/2021\/08\/WhatsApp-Image-2021-08-23-at-16.01.16-1024x1024.jpeg 1024w, https:\/\/arquivo.pedroleopoldo.mg.gov.br\/wp-content\/uploads\/2021\/08\/WhatsApp-Image-2021-08-23-at-16.01.16-300x300.jpeg 300w, https:\/\/arquivo.pedroleopoldo.mg.gov.br\/wp-content\/uploads\/2021\/08\/WhatsApp-Image-2021-08-23-at-16.01.16-150x150.jpeg 150w, https:\/\/arquivo.pedroleopoldo.mg.gov.br\/wp-content\/uploads\/2021\/08\/WhatsApp-Image-2021-08-23-at-16.01.16-768x768.jpeg 768w, https:\/\/arquivo.pedroleopoldo.mg.gov.br\/wp-content\/uploads\/2021\/08\/WhatsApp-Image-2021-08-23-at-16.01.16.jpeg 1080w\" sizes=\"(max-width: 1024px) 100vw, 1024px\" \/><\/figure><\/li><\/ul><\/figure>\n","protected":false},"excerpt":{"rendered":"<p>Vem vacina! Amanh\u00e3, ter\u00e7a-feira, 24 de agosto, tem vacina\u00e7\u00e3o de 1\u00aa dose para pessoas de 22 anos ou mais! A imuniza\u00e7\u00e3o acontece no Centro Municipal de Imuniza\u00e7\u00e3o e nos ESF&#8217;s! Lembre-se da documenta\u00e7\u00e3o descrita na imagem e fique atento aos hor\u00e1rios! Se puder, fa\u00e7a sua doa\u00e7\u00e3o. ESF\u2019s:\ud83d\udccdRomero Carvalho\ud83d\udccdSanto Ant\u00f4nio\ud83d\udccdVera Cruz\ud83d\udccdDr. Lund\ud83d\udccdAd\u00e9lia Issa\ud83d\udccdTeot\u00f4nio Batista de Freitas\ud83d\udccdSanta &hellip; <a href=\"https:\/\/arquivo.pedroleopoldo.mg.gov.br\/?p=17941\" class=\"more-link\">Continuar lendo <span class=\"screen-reader-text\">Se liga no cronograma de vacina\u00e7\u00e3o!<\/span><\/a><\/p>\n","protected":false},"author":1,"featured_media":17943,"comment_status":"closed","ping_status":"closed","sticky":false,"template":"","format":"standard","meta":{"footnotes":""},"categories":[4],"tags":[],"_links":{"self":[{"href":"https:\/\/arquivo.pedroleopoldo.mg.gov.br\/index.php?rest_route=\/wp\/v2\/posts\/17941"}],"collection":[{"href":"https:\/\/arquivo.pedroleopoldo.mg.gov.br\/index.php?rest_route=\/wp\/v2\/posts"}],"about":[{"href":"https:\/\/arquivo.pedroleopoldo.mg.gov.br\/index.php?rest_route=\/wp\/v2\/types\/post"}],"author":[{"embeddable":true,"href":"https:\/\/arquivo.pedroleopoldo.mg.gov.br\/index.php?rest_route=\/wp\/v2\/users\/1"}],"replies":[{"embeddable":true,"href":"https:\/\/arquivo.pedroleopoldo.mg.gov.br\/index.php?rest_route=%2Fwp%2Fv2%2Fcomments&post=17941"}],"version-history":[{"count":0,"href":"https:\/\/arquivo.pedroleopoldo.mg.gov.br\/index.php?rest_route=\/wp\/v2\/posts\/17941\/revisions"}],"wp:featuredmedia":[{"embeddable":true,"href":"https:\/\/arquivo.pedroleopoldo.mg.gov.br\/index.php?rest_route=\/wp\/v2\/media\/17943"}],"wp:attachment":[{"href":"https:\/\/arquivo.pedroleopoldo.mg.gov.br\/index.php?rest_route=%2Fwp%2Fv2%2Fmedia&parent=17941"}],"wp:term":[{"taxonomy":"category","embeddable":true,"href":"https:\/\/arquivo.pedroleopoldo.mg.gov.br\/index.php?rest_route=%2Fwp%2Fv2%2Fcategories&post=17941"},{"taxonomy":"post_tag","embeddable":true,"href":"https:\/\/arquivo.pedroleopoldo.mg.gov.br\/index.php?rest_route=%2Fwp%2Fv2%2Ftags&post=17941"}],"curies":[{"name":"wp","href":"https:\/\/api.w.org\/{rel}","templated":true}]}}