{"id":17937,"date":"2021-08-23T17:00:00","date_gmt":"2021-08-23T20:00:00","guid":{"rendered":"http:\/\/pedroleopoldo.mg.gov.br\/?p=17937"},"modified":"2021-10-07T14:07:19","modified_gmt":"2021-10-07T17:07:19","slug":"eloisa-assina-termo-de-colaboracao-com-a-funjohs","status":"publish","type":"post","link":"https:\/\/arquivo.pedroleopoldo.mg.gov.br\/?p=17937","title":{"rendered":"Prefeitura e FUNJOHS assinam termo de colabora\u00e7\u00e3o"},"content":{"rendered":"\n<p>Na tarde de hoje, 23, a Prefeita Eloisa recebeu em seu gabinete a Sra. V\u00e2nia Diniz, Diretora da FUNJOHS \u2013 Funda\u00e7\u00e3o Jos\u00e9 Hil\u00e1rio de Souza, para, ao lado do Secret\u00e1rio interino de Desenvolvimento Social, Mauro Lobato, assinarem o aditivo do Termo de Colabora\u00e7\u00e3o entre a Prefeitura e a associa\u00e7\u00e3o. <\/p>\n\n\n\n<p>O aditivo vale por 12 meses e soma mais de meio milh\u00e3o de reais a serem repassados para a funda\u00e7\u00e3o, cerca de mais de 34 mil reais a mais que o termo anterior. <\/p>\n\n\n\n<p>A FUNJOHS \u00e9 uma entidade sem fins lucrativos que se destina a desenvolver a\u00e7\u00f5es voltadas ao acolhimento, assist\u00eancia, educa\u00e7\u00e3o e forma\u00e7\u00e3o t\u00e9cnico profissional de crian\u00e7as e adolescentes em situa\u00e7\u00e3o de risco (carentes, v\u00edtimas de abandono e maus tratos) e ao desenvolvimento social e humano da comunidade local.<\/p>\n\n\n\n<figure class=\"wp-block-gallery columns-1 is-cropped wp-block-gallery-1 is-layout-flex wp-block-gallery-is-layout-flex\"><ul class=\"blocks-gallery-grid\"><li class=\"blocks-gallery-item\"><figure><img decoding=\"async\" loading=\"lazy\" width=\"1024\" height=\"766\" src=\"http:\/\/pedroleopoldo.mg.gov.br\/wp-content\/uploads\/2021\/08\/WhatsApp-Image-2021-08-23-at-15.06.54-1024x766.jpeg\" alt=\"\" data-id=\"17939\" data-full-url=\"http:\/\/pedroleopoldo.mg.gov.br\/wp-content\/uploads\/2021\/08\/WhatsApp-Image-2021-08-23-at-15.06.54.jpeg\" data-link=\"http:\/\/pedroleopoldo.mg.gov.br\/?attachment_id=17939\" class=\"wp-image-17939\" srcset=\"https:\/\/arquivo.pedroleopoldo.mg.gov.br\/wp-content\/uploads\/2021\/08\/WhatsApp-Image-2021-08-23-at-15.06.54-1024x766.jpeg 1024w, https:\/\/arquivo.pedroleopoldo.mg.gov.br\/wp-content\/uploads\/2021\/08\/WhatsApp-Image-2021-08-23-at-15.06.54-300x225.jpeg 300w, https:\/\/arquivo.pedroleopoldo.mg.gov.br\/wp-content\/uploads\/2021\/08\/WhatsApp-Image-2021-08-23-at-15.06.54-768x575.jpeg 768w, https:\/\/arquivo.pedroleopoldo.mg.gov.br\/wp-content\/uploads\/2021\/08\/WhatsApp-Image-2021-08-23-at-15.06.54.jpeg 1280w\" sizes=\"(max-width: 1024px) 100vw, 1024px\" \/><\/figure><\/li><\/ul><figcaption class=\"blocks-gallery-caption\">Prefeita Eloisa, V\u00e2nia Diniz e Mauro Lobato<\/figcaption><\/figure>\n\n\n\n<p><\/p>\n","protected":false},"excerpt":{"rendered":"<p>Na tarde de hoje, 23, a Prefeita Eloisa recebeu em seu gabinete a Sra. V\u00e2nia Diniz, Diretora da FUNJOHS \u2013 Funda\u00e7\u00e3o Jos\u00e9 Hil\u00e1rio de Souza, para, ao lado do Secret\u00e1rio interino de Desenvolvimento Social, Mauro Lobato, assinarem o aditivo do Termo de Colabora\u00e7\u00e3o entre a Prefeitura e a associa\u00e7\u00e3o. O aditivo vale por 12 meses &hellip; <a href=\"https:\/\/arquivo.pedroleopoldo.mg.gov.br\/?p=17937\" class=\"more-link\">Continuar lendo <span class=\"screen-reader-text\">Prefeitura e FUNJOHS assinam termo de colabora\u00e7\u00e3o<\/span><\/a><\/p>\n","protected":false},"author":1,"featured_media":17938,"comment_status":"closed","ping_status":"closed","sticky":false,"template":"","format":"standard","meta":{"footnotes":""},"categories":[4],"tags":[],"_links":{"self":[{"href":"https:\/\/arquivo.pedroleopoldo.mg.gov.br\/index.php?rest_route=\/wp\/v2\/posts\/17937"}],"collection":[{"href":"https:\/\/arquivo.pedroleopoldo.mg.gov.br\/index.php?rest_route=\/wp\/v2\/posts"}],"about":[{"href":"https:\/\/arquivo.pedroleopoldo.mg.gov.br\/index.php?rest_route=\/wp\/v2\/types\/post"}],"author":[{"embeddable":true,"href":"https:\/\/arquivo.pedroleopoldo.mg.gov.br\/index.php?rest_route=\/wp\/v2\/users\/1"}],"replies":[{"embeddable":true,"href":"https:\/\/arquivo.pedroleopoldo.mg.gov.br\/index.php?rest_route=%2Fwp%2Fv2%2Fcomments&post=17937"}],"version-history":[{"count":0,"href":"https:\/\/arquivo.pedroleopoldo.mg.gov.br\/index.php?rest_route=\/wp\/v2\/posts\/17937\/revisions"}],"wp:featuredmedia":[{"embeddable":true,"href":"https:\/\/arquivo.pedroleopoldo.mg.gov.br\/index.php?rest_route=\/wp\/v2\/media\/17938"}],"wp:attachment":[{"href":"https:\/\/arquivo.pedroleopoldo.mg.gov.br\/index.php?rest_route=%2Fwp%2Fv2%2Fmedia&parent=17937"}],"wp:term":[{"taxonomy":"category","embeddable":true,"href":"https:\/\/arquivo.pedroleopoldo.mg.gov.br\/index.php?rest_route=%2Fwp%2Fv2%2Fcategories&post=17937"},{"taxonomy":"post_tag","embeddable":true,"href":"https:\/\/arquivo.pedroleopoldo.mg.gov.br\/index.php?rest_route=%2Fwp%2Fv2%2Ftags&post=17937"}],"curies":[{"name":"wp","href":"https:\/\/api.w.org\/{rel}","templated":true}]}}