{"id":17933,"date":"2021-08-23T16:17:44","date_gmt":"2021-08-23T19:17:44","guid":{"rendered":"http:\/\/pedroleopoldo.mg.gov.br\/?p=17933"},"modified":"2021-08-23T16:17:50","modified_gmt":"2021-08-23T19:17:50","slug":"prefeitura-apoia-a-13a-edicao-do-dia-do-bem-fazer","status":"publish","type":"post","link":"https:\/\/arquivo.pedroleopoldo.mg.gov.br\/?p=17933","title":{"rendered":"Prefeitura apoia a 13\u00aa edi\u00e7\u00e3o do &#8216;Dia do Bem-Fazer&#8217;"},"content":{"rendered":"\n<p>O Instituto Camargo Corr\u00eaa\/Intercement promove, de 28\/08 a 11\/09, a 13\u00aa edi\u00e7\u00e3o do \u2018Dia do Bem-Fazer\u2019. A iniciativa, que tem o apoio da Prefeitura, visa estimular os profissionais da empresa na realiza\u00e7\u00e3o de a\u00e7\u00f5es volunt\u00e1rias em prol das comunidades onde atuam, al\u00e9m de promover e divulgar a cultura do voluntariado. <\/p>\n\n\n\n<p>Na manh\u00e3 de hoje, 23, foi realizada uma grava\u00e7\u00e3o na Secretaria Municipal de Sa\u00fade, com a nutricionista da Prefeitura, D\u00e9bora Gregatti, sobre a import\u00e2ncia do aleitamento materno. Divulgaremos em nossas redes outras iniciativas do Dia do Bem Fazer para que voc\u00ea tenha a oportunidade de participar ajudando a quem precisa!<\/p>\n\n\n\n<figure class=\"wp-block-gallery columns-1 is-cropped wp-block-gallery-1 is-layout-flex wp-block-gallery-is-layout-flex\"><ul class=\"blocks-gallery-grid\"><li class=\"blocks-gallery-item\"><figure><img decoding=\"async\" loading=\"lazy\" width=\"576\" height=\"1024\" src=\"http:\/\/pedroleopoldo.mg.gov.br\/wp-content\/uploads\/2021\/08\/WhatsApp-Image-2021-08-23-at-14.39.59-576x1024.jpeg\" alt=\"\" data-id=\"17935\" data-full-url=\"http:\/\/pedroleopoldo.mg.gov.br\/wp-content\/uploads\/2021\/08\/WhatsApp-Image-2021-08-23-at-14.39.59.jpeg\" data-link=\"http:\/\/pedroleopoldo.mg.gov.br\/?attachment_id=17935\" class=\"wp-image-17935\" srcset=\"https:\/\/arquivo.pedroleopoldo.mg.gov.br\/wp-content\/uploads\/2021\/08\/WhatsApp-Image-2021-08-23-at-14.39.59-576x1024.jpeg 576w, https:\/\/arquivo.pedroleopoldo.mg.gov.br\/wp-content\/uploads\/2021\/08\/WhatsApp-Image-2021-08-23-at-14.39.59-169x300.jpeg 169w, https:\/\/arquivo.pedroleopoldo.mg.gov.br\/wp-content\/uploads\/2021\/08\/WhatsApp-Image-2021-08-23-at-14.39.59-768x1365.jpeg 768w, https:\/\/arquivo.pedroleopoldo.mg.gov.br\/wp-content\/uploads\/2021\/08\/WhatsApp-Image-2021-08-23-at-14.39.59-864x1536.jpeg 864w, https:\/\/arquivo.pedroleopoldo.mg.gov.br\/wp-content\/uploads\/2021\/08\/WhatsApp-Image-2021-08-23-at-14.39.59.jpeg 900w\" sizes=\"(max-width: 576px) 100vw, 576px\" \/><\/figure><\/li><\/ul><figcaption class=\"blocks-gallery-caption\">Diretora de Aten\u00e7\u00e3o \u00e0 Sa\u00fade, Michelli Moreno e a nutricionista, D\u00e9bora Gregatti.<\/figcaption><\/figure>\n","protected":false},"excerpt":{"rendered":"<p>O Instituto Camargo Corr\u00eaa\/Intercement promove, de 28\/08 a 11\/09, a 13\u00aa edi\u00e7\u00e3o do \u2018Dia do Bem-Fazer\u2019. A iniciativa, que tem o apoio da Prefeitura, visa estimular os profissionais da empresa na realiza\u00e7\u00e3o de a\u00e7\u00f5es volunt\u00e1rias em prol das comunidades onde atuam, al\u00e9m de promover e divulgar a cultura do voluntariado. Na manh\u00e3 de hoje, 23, &hellip; <a href=\"https:\/\/arquivo.pedroleopoldo.mg.gov.br\/?p=17933\" class=\"more-link\">Continuar lendo <span class=\"screen-reader-text\">Prefeitura apoia a 13\u00aa edi\u00e7\u00e3o do &#8216;Dia do Bem-Fazer&#8217;<\/span><\/a><\/p>\n","protected":false},"author":1,"featured_media":17934,"comment_status":"closed","ping_status":"closed","sticky":false,"template":"","format":"standard","meta":{"footnotes":""},"categories":[4],"tags":[],"_links":{"self":[{"href":"https:\/\/arquivo.pedroleopoldo.mg.gov.br\/index.php?rest_route=\/wp\/v2\/posts\/17933"}],"collection":[{"href":"https:\/\/arquivo.pedroleopoldo.mg.gov.br\/index.php?rest_route=\/wp\/v2\/posts"}],"about":[{"href":"https:\/\/arquivo.pedroleopoldo.mg.gov.br\/index.php?rest_route=\/wp\/v2\/types\/post"}],"author":[{"embeddable":true,"href":"https:\/\/arquivo.pedroleopoldo.mg.gov.br\/index.php?rest_route=\/wp\/v2\/users\/1"}],"replies":[{"embeddable":true,"href":"https:\/\/arquivo.pedroleopoldo.mg.gov.br\/index.php?rest_route=%2Fwp%2Fv2%2Fcomments&post=17933"}],"version-history":[{"count":0,"href":"https:\/\/arquivo.pedroleopoldo.mg.gov.br\/index.php?rest_route=\/wp\/v2\/posts\/17933\/revisions"}],"wp:featuredmedia":[{"embeddable":true,"href":"https:\/\/arquivo.pedroleopoldo.mg.gov.br\/index.php?rest_route=\/wp\/v2\/media\/17934"}],"wp:attachment":[{"href":"https:\/\/arquivo.pedroleopoldo.mg.gov.br\/index.php?rest_route=%2Fwp%2Fv2%2Fmedia&parent=17933"}],"wp:term":[{"taxonomy":"category","embeddable":true,"href":"https:\/\/arquivo.pedroleopoldo.mg.gov.br\/index.php?rest_route=%2Fwp%2Fv2%2Fcategories&post=17933"},{"taxonomy":"post_tag","embeddable":true,"href":"https:\/\/arquivo.pedroleopoldo.mg.gov.br\/index.php?rest_route=%2Fwp%2Fv2%2Ftags&post=17933"}],"curies":[{"name":"wp","href":"https:\/\/api.w.org\/{rel}","templated":true}]}}