{"id":17837,"date":"2021-08-19T08:05:00","date_gmt":"2021-08-19T11:05:00","guid":{"rendered":"http:\/\/pedroleopoldo.mg.gov.br\/?p=17837"},"modified":"2021-10-07T14:09:08","modified_gmt":"2021-10-07T17:09:08","slug":"prefeita-eloisa-lanca-carteira-do-transtorno-do-espectro-autista","status":"publish","type":"post","link":"https:\/\/arquivo.pedroleopoldo.mg.gov.br\/?p=17837","title":{"rendered":"Prefeitura lan\u00e7a Carteira do Transtorno do Espectro Autista"},"content":{"rendered":"\n<p><em>Pela&nbsp;primeira vez Pedro Leopoldo ir\u00e1 oferecer o documento que garante os direitos destas pessoas<\/em><\/p>\n\n\n\n<p>A Prefeitura de Pedro Leopoldo, por meio da Secretaria Municipal de Desenvolvimento Social, lan\u00e7ou&nbsp;nesta&nbsp;sexta\u2013feria (13), a Carteira da Pessoa com TEA (Transtorno do Espectro Autista). O documento&nbsp;\u00e9 de&nbsp;grande import\u00e2ncia na vida das pessoas autistas e suas fam\u00edlias, j\u00e1 que o Transtorno do Espectro Autista n\u00e3o \u00e9 algo vis\u00edvel. Sendo assim, a carteira vem&nbsp;para identificar e garantir oficialmente os direitos dos&nbsp;autistas&nbsp;e&nbsp;servir\u00e1 para que&nbsp;Estado e&nbsp;Munic\u00edpios consigam ter dados desta&nbsp;popula\u00e7\u00e3o para planejar pol\u00edticas p\u00fablicas para o grupo.<\/p>\n\n\n\n<p>A a\u00e7\u00e3o&nbsp;\u00e9 pioneira na cidade e demonstra toda&nbsp;aten\u00e7\u00e3o da&nbsp;atual gest\u00e3o diante das diferen\u00e7as. \u201cPela primeira vez Pedro Leopoldo ir\u00e1 ofertar&nbsp;a carteirinha do autista. Esta \u00e9 uma&nbsp;iniciativa nossa, via Secretaria de Desenvolvimento Social, que, al\u00e9m de refor\u00e7ar nossa sensibilidade \u00e0 causa, representa um gesto de respeito \u00e0s diferen\u00e7as e uma garantia de oportunidade para todos.&nbsp;Estou muito feliz em estar prefeita e poder oferecer isto a estas fam\u00edlias. Eles sempre tiveram e sempre ter\u00e3o todo meu carinho e respeito\u201d, comemorou a prefeita Eloisa.<\/p>\n\n\n\n<p>A solenidade de lan\u00e7amento das carteirinhas foi realizada no&nbsp;Gabinete da Prefeita Eloisa Helena e contou com a&nbsp;presen\u00e7a&nbsp;da Presidente da APAE\/PL, F\u00e1tima Lana, da Chefe de Divis\u00e3o, do atual e da ex-Secret\u00e1ria de Desenvolvimento Social, Viviane Sena, Mauro Lobato e Cynthia Salom\u00e3o, respectivamente.&nbsp;Tamb\u00e9m estiveram presentes Marina Mesquita e Marcela Bahia, m\u00e3es de autistas, que receberam das m\u00e3os da prefeita&nbsp;as&nbsp;carteirinhas simb\u00f3licas. \u201cEm nome dos&nbsp;pais&nbsp;de autistas agrade\u00e7o imensamente pelo reconhecimento porque o autismo n\u00e3o tem cara e esta carteirinha vai dar a eles a permiss\u00e3o para terem seus direitos realmente respeitados.&nbsp;A&nbsp;Prefeita Eloisa e a vice Ana Paula&nbsp;v\u00eam olhando para todos os segmentos com carinho e aten\u00e7\u00e3o devida\u201d, disse&nbsp;Marina Mesquita.<\/p>\n\n\n\n<p>A&nbsp;Presidente da Apae&nbsp;tamb\u00e9m&nbsp;fez quest\u00e3o de agradecer \u00e0 Prefeita pela iniciativa. \u201cQuero agradecer muito a esta gest\u00e3o.&nbsp;Esta carteirinha \u00e9 uma luta&nbsp;de muitos anos da&nbsp;APAE\/PL e finalmente chegou o dia. Em nome da APAE, deixo meu&nbsp;muito obrigada&nbsp;\u00e0&nbsp;prefeita Eloisa que foi espetacular\u201d, disse&nbsp;F\u00e1tima Lana.<\/p>\n\n\n\n<p>O documento oficial pode ser solicitado a partir&nbsp;de&nbsp;ter\u00e7a-feira, dia 17, na sede da Secretaria de Desenvolvimento Social, das 12 \u00e0s 17 horas. Informa\u00e7\u00f5es sobre quem pode solicitar, onde e como fazer o pedido, documentos necess\u00e1rios, entrega e validade, podem ser obtidas pelo telefone 3662-3859.<\/p>\n\n\n\n<figure class=\"wp-block-gallery aligncenter columns-1 is-cropped wp-block-gallery-1 is-layout-flex wp-block-gallery-is-layout-flex\"><ul class=\"blocks-gallery-grid\"><li class=\"blocks-gallery-item\"><figure><img decoding=\"async\" loading=\"lazy\" width=\"1024\" height=\"766\" src=\"http:\/\/pedroleopoldo.mg.gov.br\/wp-content\/uploads\/2021\/08\/WhatsApp-Image-2021-08-13-at-14.34.35-1-1024x766.jpeg\" alt=\"\" data-id=\"17840\" data-full-url=\"http:\/\/pedroleopoldo.mg.gov.br\/wp-content\/uploads\/2021\/08\/WhatsApp-Image-2021-08-13-at-14.34.35-1.jpeg\" data-link=\"http:\/\/pedroleopoldo.mg.gov.br\/?attachment_id=17840\" class=\"wp-image-17840\" srcset=\"https:\/\/arquivo.pedroleopoldo.mg.gov.br\/wp-content\/uploads\/2021\/08\/WhatsApp-Image-2021-08-13-at-14.34.35-1-1024x766.jpeg 1024w, https:\/\/arquivo.pedroleopoldo.mg.gov.br\/wp-content\/uploads\/2021\/08\/WhatsApp-Image-2021-08-13-at-14.34.35-1-300x225.jpeg 300w, https:\/\/arquivo.pedroleopoldo.mg.gov.br\/wp-content\/uploads\/2021\/08\/WhatsApp-Image-2021-08-13-at-14.34.35-1-768x575.jpeg 768w, https:\/\/arquivo.pedroleopoldo.mg.gov.br\/wp-content\/uploads\/2021\/08\/WhatsApp-Image-2021-08-13-at-14.34.35-1.jpeg 1280w\" sizes=\"(max-width: 1024px) 100vw, 1024px\" \/><\/figure><\/li><\/ul><figcaption class=\"blocks-gallery-caption\">Viviane Sena, F\u00e1tima Lana, Marina Mesquita, Eloisa Helena, Mauro Lobato e Cynthia Salom\u00e3o<\/figcaption><\/figure>\n","protected":false},"excerpt":{"rendered":"<p>Pela&nbsp;primeira vez Pedro Leopoldo ir\u00e1 oferecer o documento que garante os direitos destas pessoas A Prefeitura de Pedro Leopoldo, por meio da Secretaria Municipal de Desenvolvimento Social, lan\u00e7ou&nbsp;nesta&nbsp;sexta\u2013feria (13), a Carteira da Pessoa com TEA (Transtorno do Espectro Autista). O documento&nbsp;\u00e9 de&nbsp;grande import\u00e2ncia na vida das pessoas autistas e suas fam\u00edlias, j\u00e1 que o Transtorno &hellip; <a href=\"https:\/\/arquivo.pedroleopoldo.mg.gov.br\/?p=17837\" class=\"more-link\">Continuar lendo <span class=\"screen-reader-text\">Prefeitura lan\u00e7a Carteira do Transtorno do Espectro Autista<\/span><\/a><\/p>\n","protected":false},"author":1,"featured_media":17838,"comment_status":"closed","ping_status":"closed","sticky":false,"template":"","format":"standard","meta":{"footnotes":""},"categories":[4],"tags":[],"_links":{"self":[{"href":"https:\/\/arquivo.pedroleopoldo.mg.gov.br\/index.php?rest_route=\/wp\/v2\/posts\/17837"}],"collection":[{"href":"https:\/\/arquivo.pedroleopoldo.mg.gov.br\/index.php?rest_route=\/wp\/v2\/posts"}],"about":[{"href":"https:\/\/arquivo.pedroleopoldo.mg.gov.br\/index.php?rest_route=\/wp\/v2\/types\/post"}],"author":[{"embeddable":true,"href":"https:\/\/arquivo.pedroleopoldo.mg.gov.br\/index.php?rest_route=\/wp\/v2\/users\/1"}],"replies":[{"embeddable":true,"href":"https:\/\/arquivo.pedroleopoldo.mg.gov.br\/index.php?rest_route=%2Fwp%2Fv2%2Fcomments&post=17837"}],"version-history":[{"count":0,"href":"https:\/\/arquivo.pedroleopoldo.mg.gov.br\/index.php?rest_route=\/wp\/v2\/posts\/17837\/revisions"}],"wp:featuredmedia":[{"embeddable":true,"href":"https:\/\/arquivo.pedroleopoldo.mg.gov.br\/index.php?rest_route=\/wp\/v2\/media\/17838"}],"wp:attachment":[{"href":"https:\/\/arquivo.pedroleopoldo.mg.gov.br\/index.php?rest_route=%2Fwp%2Fv2%2Fmedia&parent=17837"}],"wp:term":[{"taxonomy":"category","embeddable":true,"href":"https:\/\/arquivo.pedroleopoldo.mg.gov.br\/index.php?rest_route=%2Fwp%2Fv2%2Fcategories&post=17837"},{"taxonomy":"post_tag","embeddable":true,"href":"https:\/\/arquivo.pedroleopoldo.mg.gov.br\/index.php?rest_route=%2Fwp%2Fv2%2Ftags&post=17837"}],"curies":[{"name":"wp","href":"https:\/\/api.w.org\/{rel}","templated":true}]}}