{"id":17833,"date":"2021-08-19T08:00:00","date_gmt":"2021-08-19T11:00:00","guid":{"rendered":"http:\/\/pedroleopoldo.mg.gov.br\/?p=17833"},"modified":"2021-10-07T14:09:56","modified_gmt":"2021-10-07T17:09:56","slug":"prefeita-eloisa-aumenta-repasse-da-prefeitura-ao-laiite-pl","status":"publish","type":"post","link":"https:\/\/arquivo.pedroleopoldo.mg.gov.br\/?p=17833","title":{"rendered":"Administra\u00e7\u00e3o aumenta repasse da Prefeitura ao Laiite\/PL"},"content":{"rendered":"\n<p>Na tarde de quinta-feira, 12 de agosto, a Prefeita Eloisa Helena, atrav\u00e9s da Secretaria de Desenvolvimento Social, representada pelo Secret\u00e1rio Interino Mauro Lobato, assinou o aditivo do Termo de Colabora\u00e7\u00e3o entre a Prefeitura e o Laiite \u2013 Lar para Idosos Irm\u00e3 Teresa, representado pelo seu Presidente, Cristiano Viana. <\/p>\n\n\n\n<p>O novo documento aumenta em 20 mil reais por m\u00eas o repasse \u00e0 institui\u00e7\u00e3o, comparado ao ano passado. Com a assinatura do novo Termo, a verba do governo municipal destinada \u00e0 institui\u00e7\u00e3o fica prorrogada por mais 12 meses (at\u00e9 30\/06\/2022), e passa de menos de 400 mil para cerca de 650 mil reais por ano a partir de agora. <\/p>\n\n\n\n<p>A iniciativa da Prefeita Eloisa refor\u00e7a a sensibilidade, cuidado e compromisso desta gest\u00e3o com todos nossos moradores, da inf\u00e2ncia \u00e0 terceira idade.<\/p>\n\n\n\n<div class=\"wp-block-image\"><figure class=\"aligncenter size-large is-resized\"><img decoding=\"async\" loading=\"lazy\" src=\"http:\/\/pedroleopoldo.mg.gov.br\/wp-content\/uploads\/2021\/08\/WhatsApp-Image-2021-08-12-at-17.52.41-766x1024.jpeg\" alt=\"\" class=\"wp-image-17835\" width=\"473\" height=\"632\" srcset=\"https:\/\/arquivo.pedroleopoldo.mg.gov.br\/wp-content\/uploads\/2021\/08\/WhatsApp-Image-2021-08-12-at-17.52.41-766x1024.jpeg 766w, https:\/\/arquivo.pedroleopoldo.mg.gov.br\/wp-content\/uploads\/2021\/08\/WhatsApp-Image-2021-08-12-at-17.52.41-225x300.jpeg 225w, https:\/\/arquivo.pedroleopoldo.mg.gov.br\/wp-content\/uploads\/2021\/08\/WhatsApp-Image-2021-08-12-at-17.52.41-768x1026.jpeg 768w, https:\/\/arquivo.pedroleopoldo.mg.gov.br\/wp-content\/uploads\/2021\/08\/WhatsApp-Image-2021-08-12-at-17.52.41.jpeg 958w\" sizes=\"(max-width: 473px) 100vw, 473px\" \/><\/figure><\/div>\n","protected":false},"excerpt":{"rendered":"<p>Na tarde de quinta-feira, 12 de agosto, a Prefeita Eloisa Helena, atrav\u00e9s da Secretaria de Desenvolvimento Social, representada pelo Secret\u00e1rio Interino Mauro Lobato, assinou o aditivo do Termo de Colabora\u00e7\u00e3o entre a Prefeitura e o Laiite \u2013 Lar para Idosos Irm\u00e3 Teresa, representado pelo seu Presidente, Cristiano Viana. O novo documento aumenta em 20 mil &hellip; <a href=\"https:\/\/arquivo.pedroleopoldo.mg.gov.br\/?p=17833\" class=\"more-link\">Continuar lendo <span class=\"screen-reader-text\">Administra\u00e7\u00e3o aumenta repasse da Prefeitura ao Laiite\/PL<\/span><\/a><\/p>\n","protected":false},"author":1,"featured_media":17834,"comment_status":"closed","ping_status":"closed","sticky":false,"template":"","format":"standard","meta":{"footnotes":""},"categories":[4],"tags":[],"_links":{"self":[{"href":"https:\/\/arquivo.pedroleopoldo.mg.gov.br\/index.php?rest_route=\/wp\/v2\/posts\/17833"}],"collection":[{"href":"https:\/\/arquivo.pedroleopoldo.mg.gov.br\/index.php?rest_route=\/wp\/v2\/posts"}],"about":[{"href":"https:\/\/arquivo.pedroleopoldo.mg.gov.br\/index.php?rest_route=\/wp\/v2\/types\/post"}],"author":[{"embeddable":true,"href":"https:\/\/arquivo.pedroleopoldo.mg.gov.br\/index.php?rest_route=\/wp\/v2\/users\/1"}],"replies":[{"embeddable":true,"href":"https:\/\/arquivo.pedroleopoldo.mg.gov.br\/index.php?rest_route=%2Fwp%2Fv2%2Fcomments&post=17833"}],"version-history":[{"count":0,"href":"https:\/\/arquivo.pedroleopoldo.mg.gov.br\/index.php?rest_route=\/wp\/v2\/posts\/17833\/revisions"}],"wp:featuredmedia":[{"embeddable":true,"href":"https:\/\/arquivo.pedroleopoldo.mg.gov.br\/index.php?rest_route=\/wp\/v2\/media\/17834"}],"wp:attachment":[{"href":"https:\/\/arquivo.pedroleopoldo.mg.gov.br\/index.php?rest_route=%2Fwp%2Fv2%2Fmedia&parent=17833"}],"wp:term":[{"taxonomy":"category","embeddable":true,"href":"https:\/\/arquivo.pedroleopoldo.mg.gov.br\/index.php?rest_route=%2Fwp%2Fv2%2Fcategories&post=17833"},{"taxonomy":"post_tag","embeddable":true,"href":"https:\/\/arquivo.pedroleopoldo.mg.gov.br\/index.php?rest_route=%2Fwp%2Fv2%2Ftags&post=17833"}],"curies":[{"name":"wp","href":"https:\/\/api.w.org\/{rel}","templated":true}]}}