{"id":17789,"date":"2021-08-12T14:16:28","date_gmt":"2021-08-12T17:16:28","guid":{"rendered":"http:\/\/pedroleopoldo.mg.gov.br\/?p=17789"},"modified":"2021-08-12T14:16:32","modified_gmt":"2021-08-12T17:16:32","slug":"prefeitura-de-pl-abre-inscricoes-para-o-pl-ta-on-na-modalidade-paralimpica","status":"publish","type":"post","link":"https:\/\/arquivo.pedroleopoldo.mg.gov.br\/?p=17789","title":{"rendered":"Prefeitura de PL abre inscri\u00e7\u00f5es para o &#8220;PL T\u00c1 ON&#8221; na modalidade paral\u00edmpica"},"content":{"rendered":"\n<p><em>A competi\u00e7\u00e3o ter\u00e1 por objetivo a inclus\u00e3o de\u00a0pessoas\u00a0com defici\u00eancia\u00a0em pr\u00e1ticas\u00a0esportivas<\/em><\/p>\n\n\n\n<p>Est\u00e3o&nbsp;abertas as inscri\u00e7\u00f5es para o PL T\u00c1 ON Paral\u00edmpico. O campeonato que teve sua 1\u00aa edi\u00e7\u00e3o em fevereiro de 2021, vem agora com a modalidade paral\u00edmpica,&nbsp;promovendo a&nbsp;inclus\u00e3o social das pessoas com defici\u00eancia. \u201cEntendemos que por meio da pr\u00e1tica esportiva \u00e9 poss\u00edvel desenvolver capacidades motoras e cognitivas e fortalecer a autoestima. Al\u00e9m disso,&nbsp;o&nbsp;esporte ajuda as pessoas a melhorarem suas habilidades\u201d, destacou&nbsp;Juliano Alberto, Coordenador de Esportes de Pedro Leopoldo.<\/p>\n\n\n\n<p>As inscri\u00e7\u00f5es acontecem do dia 09 ao dia&nbsp;23 de agosto de 2021 e podem ser feitas para as modalidades Futebol (Embaixadinhas), Basquete (Acerte o alvo), Dan\u00e7a(monte sua coreografia), Ciclismo com apoio, Capoeira e Skate. Ap\u00f3s fazer a inscri\u00e7\u00e3o, o participante dever\u00e1 fazer um v\u00eddeo realizando a modalidade escolhida, de no m\u00e1ximo 01 minuto de dura\u00e7\u00e3o, e envi\u00e1-lo a partir&nbsp;de&nbsp;24\/08 a 10\/09 por meio do WhatsApp no n\u00famero (31) 98814-6903.<\/p>\n\n\n\n<p>O PL T\u00c1 ON Paral\u00edmpico conta com&nbsp;a parceria&nbsp;da APAE-PL.<\/p>\n","protected":false},"excerpt":{"rendered":"<p>A competi\u00e7\u00e3o ter\u00e1 por objetivo a inclus\u00e3o de\u00a0pessoas\u00a0com defici\u00eancia\u00a0em pr\u00e1ticas\u00a0esportivas Est\u00e3o&nbsp;abertas as inscri\u00e7\u00f5es para o PL T\u00c1 ON Paral\u00edmpico. O campeonato que teve sua 1\u00aa edi\u00e7\u00e3o em fevereiro de 2021, vem agora com a modalidade paral\u00edmpica,&nbsp;promovendo a&nbsp;inclus\u00e3o social das pessoas com defici\u00eancia. \u201cEntendemos que por meio da pr\u00e1tica esportiva \u00e9 poss\u00edvel desenvolver capacidades motoras e &hellip; <a href=\"https:\/\/arquivo.pedroleopoldo.mg.gov.br\/?p=17789\" class=\"more-link\">Continuar lendo <span class=\"screen-reader-text\">Prefeitura de PL abre inscri\u00e7\u00f5es para o &#8220;PL T\u00c1 ON&#8221; na modalidade paral\u00edmpica<\/span><\/a><\/p>\n","protected":false},"author":1,"featured_media":17800,"comment_status":"closed","ping_status":"closed","sticky":false,"template":"","format":"standard","meta":{"footnotes":""},"categories":[4],"tags":[],"_links":{"self":[{"href":"https:\/\/arquivo.pedroleopoldo.mg.gov.br\/index.php?rest_route=\/wp\/v2\/posts\/17789"}],"collection":[{"href":"https:\/\/arquivo.pedroleopoldo.mg.gov.br\/index.php?rest_route=\/wp\/v2\/posts"}],"about":[{"href":"https:\/\/arquivo.pedroleopoldo.mg.gov.br\/index.php?rest_route=\/wp\/v2\/types\/post"}],"author":[{"embeddable":true,"href":"https:\/\/arquivo.pedroleopoldo.mg.gov.br\/index.php?rest_route=\/wp\/v2\/users\/1"}],"replies":[{"embeddable":true,"href":"https:\/\/arquivo.pedroleopoldo.mg.gov.br\/index.php?rest_route=%2Fwp%2Fv2%2Fcomments&post=17789"}],"version-history":[{"count":0,"href":"https:\/\/arquivo.pedroleopoldo.mg.gov.br\/index.php?rest_route=\/wp\/v2\/posts\/17789\/revisions"}],"wp:featuredmedia":[{"embeddable":true,"href":"https:\/\/arquivo.pedroleopoldo.mg.gov.br\/index.php?rest_route=\/wp\/v2\/media\/17800"}],"wp:attachment":[{"href":"https:\/\/arquivo.pedroleopoldo.mg.gov.br\/index.php?rest_route=%2Fwp%2Fv2%2Fmedia&parent=17789"}],"wp:term":[{"taxonomy":"category","embeddable":true,"href":"https:\/\/arquivo.pedroleopoldo.mg.gov.br\/index.php?rest_route=%2Fwp%2Fv2%2Fcategories&post=17789"},{"taxonomy":"post_tag","embeddable":true,"href":"https:\/\/arquivo.pedroleopoldo.mg.gov.br\/index.php?rest_route=%2Fwp%2Fv2%2Ftags&post=17789"}],"curies":[{"name":"wp","href":"https:\/\/api.w.org\/{rel}","templated":true}]}}