{"id":17784,"date":"2021-08-11T13:32:49","date_gmt":"2021-08-11T16:32:49","guid":{"rendered":"http:\/\/pedroleopoldo.mg.gov.br\/?p=17784"},"modified":"2021-08-11T13:34:38","modified_gmt":"2021-08-11T16:34:38","slug":"clique-e-confira","status":"publish","type":"post","link":"https:\/\/arquivo.pedroleopoldo.mg.gov.br\/?p=17784","title":{"rendered":"Clique e confira!"},"content":{"rendered":"\n<p>Seguimos avan\u00e7ando!<\/p>\n\n\n\n<p>Nesta quarta-feira, 11 de agosto, al\u00e9m da vacina\u00e7\u00e3o de 2\u00aa dose para as pessoas de 60 anos, tem vacina\u00e7\u00e3o de 1\u00aa dose para as pessoas de 32 anos ou mais. A vacina\u00e7\u00e3o para estas pessoas (32 ou mais) ocorrer\u00e1 somente nos pontos de Estrat\u00e9gia de Sa\u00fade da Fam\u00edlia, os ESF\u00b4s.<\/p>\n\n\n\n<p>Lembre-se da documenta\u00e7\u00e3o descrita na imagem e fique atento aos hor\u00e1rios! Se puder, fa\u00e7a sua doa\u00e7\u00e3o.<\/p>\n\n\n\n<p>Moradores do Centro podem se vacinar em qualquer ESF.<\/p>\n\n\n\n<p>ESF\u2019s:<br>\ud83d\udccdRomero Carvalho<br>\ud83d\udccdSanto Ant\u00f4nio<br>\ud83d\udccdVera Cruz<br>\ud83d\udccdDr. Lund<br>\ud83d\udccdAd\u00e9lia Issa<br>\ud83d\udccdTeot\u00f4nio Batista de Freitas<br>\ud83d\udccdSanta Tereza\/Dom Camilo<br>\ud83d\udccdLagoa de Santo Ant\u00f4nio<br>\ud83d\udccdFidalgo<br>\ud83d\udccdMagalh\u00e3es<br>\ud83d\udccdS\u00e3o Geraldo<br>\ud83d\udccdSanto Ant\u00f4nio da Barra<\/p>\n\n\n\n<figure class=\"wp-block-image size-large\"><img decoding=\"async\" loading=\"lazy\" width=\"1024\" height=\"1024\" src=\"http:\/\/pedroleopoldo.mg.gov.br\/wp-content\/uploads\/2021\/08\/WhatsApp-Image-2021-08-10-at-15.46.33-1024x1024.jpeg\" alt=\"\" class=\"wp-image-17786\" srcset=\"https:\/\/arquivo.pedroleopoldo.mg.gov.br\/wp-content\/uploads\/2021\/08\/WhatsApp-Image-2021-08-10-at-15.46.33-1024x1024.jpeg 1024w, https:\/\/arquivo.pedroleopoldo.mg.gov.br\/wp-content\/uploads\/2021\/08\/WhatsApp-Image-2021-08-10-at-15.46.33-300x300.jpeg 300w, https:\/\/arquivo.pedroleopoldo.mg.gov.br\/wp-content\/uploads\/2021\/08\/WhatsApp-Image-2021-08-10-at-15.46.33-150x150.jpeg 150w, https:\/\/arquivo.pedroleopoldo.mg.gov.br\/wp-content\/uploads\/2021\/08\/WhatsApp-Image-2021-08-10-at-15.46.33-768x768.jpeg 768w, https:\/\/arquivo.pedroleopoldo.mg.gov.br\/wp-content\/uploads\/2021\/08\/WhatsApp-Image-2021-08-10-at-15.46.33.jpeg 1080w\" sizes=\"(max-width: 1024px) 100vw, 1024px\" \/><\/figure>\n\n\n\n<figure class=\"wp-block-image size-large\"><img decoding=\"async\" loading=\"lazy\" width=\"1024\" height=\"1024\" src=\"http:\/\/pedroleopoldo.mg.gov.br\/wp-content\/uploads\/2021\/08\/WhatsApp-Image-2021-08-10-at-15.46.33-1-1024x1024.jpeg\" alt=\"\" class=\"wp-image-17785\" srcset=\"https:\/\/arquivo.pedroleopoldo.mg.gov.br\/wp-content\/uploads\/2021\/08\/WhatsApp-Image-2021-08-10-at-15.46.33-1-1024x1024.jpeg 1024w, https:\/\/arquivo.pedroleopoldo.mg.gov.br\/wp-content\/uploads\/2021\/08\/WhatsApp-Image-2021-08-10-at-15.46.33-1-300x300.jpeg 300w, https:\/\/arquivo.pedroleopoldo.mg.gov.br\/wp-content\/uploads\/2021\/08\/WhatsApp-Image-2021-08-10-at-15.46.33-1-150x150.jpeg 150w, https:\/\/arquivo.pedroleopoldo.mg.gov.br\/wp-content\/uploads\/2021\/08\/WhatsApp-Image-2021-08-10-at-15.46.33-1-768x768.jpeg 768w, https:\/\/arquivo.pedroleopoldo.mg.gov.br\/wp-content\/uploads\/2021\/08\/WhatsApp-Image-2021-08-10-at-15.46.33-1.jpeg 1080w\" sizes=\"(max-width: 1024px) 100vw, 1024px\" \/><\/figure>\n","protected":false},"excerpt":{"rendered":"<p>Seguimos avan\u00e7ando! Nesta quarta-feira, 11 de agosto, al\u00e9m da vacina\u00e7\u00e3o de 2\u00aa dose para as pessoas de 60 anos, tem vacina\u00e7\u00e3o de 1\u00aa dose para as pessoas de 32 anos ou mais. A vacina\u00e7\u00e3o para estas pessoas (32 ou mais) ocorrer\u00e1 somente nos pontos de Estrat\u00e9gia de Sa\u00fade da Fam\u00edlia, os ESF\u00b4s. Lembre-se da documenta\u00e7\u00e3o &hellip; <a href=\"https:\/\/arquivo.pedroleopoldo.mg.gov.br\/?p=17784\" class=\"more-link\">Continuar lendo <span class=\"screen-reader-text\">Clique e confira!<\/span><\/a><\/p>\n","protected":false},"author":1,"featured_media":17664,"comment_status":"closed","ping_status":"closed","sticky":false,"template":"","format":"standard","meta":{"footnotes":""},"categories":[4],"tags":[],"_links":{"self":[{"href":"https:\/\/arquivo.pedroleopoldo.mg.gov.br\/index.php?rest_route=\/wp\/v2\/posts\/17784"}],"collection":[{"href":"https:\/\/arquivo.pedroleopoldo.mg.gov.br\/index.php?rest_route=\/wp\/v2\/posts"}],"about":[{"href":"https:\/\/arquivo.pedroleopoldo.mg.gov.br\/index.php?rest_route=\/wp\/v2\/types\/post"}],"author":[{"embeddable":true,"href":"https:\/\/arquivo.pedroleopoldo.mg.gov.br\/index.php?rest_route=\/wp\/v2\/users\/1"}],"replies":[{"embeddable":true,"href":"https:\/\/arquivo.pedroleopoldo.mg.gov.br\/index.php?rest_route=%2Fwp%2Fv2%2Fcomments&post=17784"}],"version-history":[{"count":0,"href":"https:\/\/arquivo.pedroleopoldo.mg.gov.br\/index.php?rest_route=\/wp\/v2\/posts\/17784\/revisions"}],"wp:featuredmedia":[{"embeddable":true,"href":"https:\/\/arquivo.pedroleopoldo.mg.gov.br\/index.php?rest_route=\/wp\/v2\/media\/17664"}],"wp:attachment":[{"href":"https:\/\/arquivo.pedroleopoldo.mg.gov.br\/index.php?rest_route=%2Fwp%2Fv2%2Fmedia&parent=17784"}],"wp:term":[{"taxonomy":"category","embeddable":true,"href":"https:\/\/arquivo.pedroleopoldo.mg.gov.br\/index.php?rest_route=%2Fwp%2Fv2%2Fcategories&post=17784"},{"taxonomy":"post_tag","embeddable":true,"href":"https:\/\/arquivo.pedroleopoldo.mg.gov.br\/index.php?rest_route=%2Fwp%2Fv2%2Ftags&post=17784"}],"curies":[{"name":"wp","href":"https:\/\/api.w.org\/{rel}","templated":true}]}}