{"id":17712,"date":"2021-08-09T14:11:57","date_gmt":"2021-08-09T17:11:57","guid":{"rendered":"http:\/\/pedroleopoldo.mg.gov.br\/?p=17712"},"modified":"2021-08-09T14:13:21","modified_gmt":"2021-08-09T17:13:21","slug":"obras-e-servicos-publicos-clique-e-confira","status":"publish","type":"post","link":"https:\/\/arquivo.pedroleopoldo.mg.gov.br\/?p=17712","title":{"rendered":"Servi\u00e7os P\u00fablicos, clique e confira!"},"content":{"rendered":"\n<p>Pedro Leopoldo bem cuidada!<\/p>\n\n\n\n<p>Na \u00faltima semana a Prefeitura de Pedro Leopoldo, por meio da Secretaria Municipal de Obras e Servi\u00e7os P\u00fablicos, deu aten\u00e7\u00e3o aos bairros Magalh\u00e3es, Centro e Santa Maria. Os locais passaram por capina e ro\u00e7ada do mato alto, recolhimento de entulhos, varri\u00e7\u00e3o e pintura de meios fios.<\/p>\n\n\n\n<p>Outro local que tamb\u00e9m recebeu manuten\u00e7\u00e3o foi o CREAS do bairro Centro. Al\u00e9m da capina a equipe da Secretaria de Obras realizou o despraguejamento, plantio de grama e jardinagem.<\/p>\n\n\n\n<figure class=\"wp-block-gallery columns-1 is-cropped wp-block-gallery-1 is-layout-flex wp-block-gallery-is-layout-flex\"><ul class=\"blocks-gallery-grid\"><li class=\"blocks-gallery-item\"><figure><img decoding=\"async\" loading=\"lazy\" width=\"1024\" height=\"576\" src=\"http:\/\/pedroleopoldo.mg.gov.br\/wp-content\/uploads\/2021\/08\/WhatsApp-Image-2021-08-09-at-12.46.01-1024x576.jpeg\" alt=\"\" data-id=\"17714\" data-full-url=\"http:\/\/pedroleopoldo.mg.gov.br\/wp-content\/uploads\/2021\/08\/WhatsApp-Image-2021-08-09-at-12.46.01.jpeg\" data-link=\"http:\/\/pedroleopoldo.mg.gov.br\/?attachment_id=17714\" class=\"wp-image-17714\" srcset=\"https:\/\/arquivo.pedroleopoldo.mg.gov.br\/wp-content\/uploads\/2021\/08\/WhatsApp-Image-2021-08-09-at-12.46.01-1024x576.jpeg 1024w, https:\/\/arquivo.pedroleopoldo.mg.gov.br\/wp-content\/uploads\/2021\/08\/WhatsApp-Image-2021-08-09-at-12.46.01-300x169.jpeg 300w, https:\/\/arquivo.pedroleopoldo.mg.gov.br\/wp-content\/uploads\/2021\/08\/WhatsApp-Image-2021-08-09-at-12.46.01-768x432.jpeg 768w, https:\/\/arquivo.pedroleopoldo.mg.gov.br\/wp-content\/uploads\/2021\/08\/WhatsApp-Image-2021-08-09-at-12.46.01.jpeg 1032w\" sizes=\"(max-width: 1024px) 100vw, 1024px\" \/><figcaption class=\"blocks-gallery-item__caption\">Bairro Santa Maria, Lagoa de Santo Ant\u00f4nio<\/figcaption><\/figure><\/li><li class=\"blocks-gallery-item\"><figure><img decoding=\"async\" loading=\"lazy\" width=\"1024\" height=\"576\" src=\"http:\/\/pedroleopoldo.mg.gov.br\/wp-content\/uploads\/2021\/08\/WhatsApp-Image-2021-08-09-at-12.46.00-1024x576.jpeg\" alt=\"\" data-id=\"17715\" data-full-url=\"http:\/\/pedroleopoldo.mg.gov.br\/wp-content\/uploads\/2021\/08\/WhatsApp-Image-2021-08-09-at-12.46.00.jpeg\" data-link=\"http:\/\/pedroleopoldo.mg.gov.br\/?attachment_id=17715\" class=\"wp-image-17715\" srcset=\"https:\/\/arquivo.pedroleopoldo.mg.gov.br\/wp-content\/uploads\/2021\/08\/WhatsApp-Image-2021-08-09-at-12.46.00-1024x576.jpeg 1024w, https:\/\/arquivo.pedroleopoldo.mg.gov.br\/wp-content\/uploads\/2021\/08\/WhatsApp-Image-2021-08-09-at-12.46.00-300x169.jpeg 300w, https:\/\/arquivo.pedroleopoldo.mg.gov.br\/wp-content\/uploads\/2021\/08\/WhatsApp-Image-2021-08-09-at-12.46.00-768x432.jpeg 768w, https:\/\/arquivo.pedroleopoldo.mg.gov.br\/wp-content\/uploads\/2021\/08\/WhatsApp-Image-2021-08-09-at-12.46.00.jpeg 1032w\" sizes=\"(max-width: 1024px) 100vw, 1024px\" \/><figcaption class=\"blocks-gallery-item__caption\">Bairro Santa Maria, Lagoa de Santo Ant\u00f4nio<\/figcaption><\/figure><\/li><li class=\"blocks-gallery-item\"><figure><img decoding=\"async\" loading=\"lazy\" width=\"1024\" height=\"576\" src=\"http:\/\/pedroleopoldo.mg.gov.br\/wp-content\/uploads\/2021\/08\/WhatsApp-Image-2021-08-09-at-12.45.59-1024x576.jpeg\" alt=\"\" data-id=\"17716\" data-full-url=\"http:\/\/pedroleopoldo.mg.gov.br\/wp-content\/uploads\/2021\/08\/WhatsApp-Image-2021-08-09-at-12.45.59.jpeg\" data-link=\"http:\/\/pedroleopoldo.mg.gov.br\/?attachment_id=17716\" class=\"wp-image-17716\" srcset=\"https:\/\/arquivo.pedroleopoldo.mg.gov.br\/wp-content\/uploads\/2021\/08\/WhatsApp-Image-2021-08-09-at-12.45.59-1024x576.jpeg 1024w, https:\/\/arquivo.pedroleopoldo.mg.gov.br\/wp-content\/uploads\/2021\/08\/WhatsApp-Image-2021-08-09-at-12.45.59-300x169.jpeg 300w, https:\/\/arquivo.pedroleopoldo.mg.gov.br\/wp-content\/uploads\/2021\/08\/WhatsApp-Image-2021-08-09-at-12.45.59-768x432.jpeg 768w, https:\/\/arquivo.pedroleopoldo.mg.gov.br\/wp-content\/uploads\/2021\/08\/WhatsApp-Image-2021-08-09-at-12.45.59.jpeg 1032w\" sizes=\"(max-width: 1024px) 100vw, 1024px\" \/><figcaption class=\"blocks-gallery-item__caption\">CREAS bairro Centro<\/figcaption><\/figure><\/li><li class=\"blocks-gallery-item\"><figure><img decoding=\"async\" loading=\"lazy\" width=\"1024\" height=\"576\" src=\"http:\/\/pedroleopoldo.mg.gov.br\/wp-content\/uploads\/2021\/08\/WhatsApp-Image-2021-08-09-at-12.45.58-1024x576.jpeg\" alt=\"\" data-id=\"17717\" data-full-url=\"http:\/\/pedroleopoldo.mg.gov.br\/wp-content\/uploads\/2021\/08\/WhatsApp-Image-2021-08-09-at-12.45.58.jpeg\" data-link=\"http:\/\/pedroleopoldo.mg.gov.br\/?attachment_id=17717\" class=\"wp-image-17717\" srcset=\"https:\/\/arquivo.pedroleopoldo.mg.gov.br\/wp-content\/uploads\/2021\/08\/WhatsApp-Image-2021-08-09-at-12.45.58-1024x576.jpeg 1024w, https:\/\/arquivo.pedroleopoldo.mg.gov.br\/wp-content\/uploads\/2021\/08\/WhatsApp-Image-2021-08-09-at-12.45.58-300x169.jpeg 300w, https:\/\/arquivo.pedroleopoldo.mg.gov.br\/wp-content\/uploads\/2021\/08\/WhatsApp-Image-2021-08-09-at-12.45.58-768x432.jpeg 768w, https:\/\/arquivo.pedroleopoldo.mg.gov.br\/wp-content\/uploads\/2021\/08\/WhatsApp-Image-2021-08-09-at-12.45.58.jpeg 1032w\" sizes=\"(max-width: 1024px) 100vw, 1024px\" \/><figcaption class=\"blocks-gallery-item__caption\">CREAS bairro Centro<\/figcaption><\/figure><\/li><li class=\"blocks-gallery-item\"><figure><img decoding=\"async\" loading=\"lazy\" width=\"1024\" height=\"576\" src=\"http:\/\/pedroleopoldo.mg.gov.br\/wp-content\/uploads\/2021\/08\/WhatsApp-Image-2021-08-09-at-12.45.55-1024x576.jpeg\" alt=\"\" data-id=\"17718\" data-full-url=\"http:\/\/pedroleopoldo.mg.gov.br\/wp-content\/uploads\/2021\/08\/WhatsApp-Image-2021-08-09-at-12.45.55.jpeg\" data-link=\"http:\/\/pedroleopoldo.mg.gov.br\/?attachment_id=17718\" class=\"wp-image-17718\" srcset=\"https:\/\/arquivo.pedroleopoldo.mg.gov.br\/wp-content\/uploads\/2021\/08\/WhatsApp-Image-2021-08-09-at-12.45.55-1024x576.jpeg 1024w, https:\/\/arquivo.pedroleopoldo.mg.gov.br\/wp-content\/uploads\/2021\/08\/WhatsApp-Image-2021-08-09-at-12.45.55-300x169.jpeg 300w, https:\/\/arquivo.pedroleopoldo.mg.gov.br\/wp-content\/uploads\/2021\/08\/WhatsApp-Image-2021-08-09-at-12.45.55-768x432.jpeg 768w, https:\/\/arquivo.pedroleopoldo.mg.gov.br\/wp-content\/uploads\/2021\/08\/WhatsApp-Image-2021-08-09-at-12.45.55.jpeg 1032w\" sizes=\"(max-width: 1024px) 100vw, 1024px\" \/><figcaption class=\"blocks-gallery-item__caption\">Bairro Magalh\u00e3es<\/figcaption><\/figure><\/li><li class=\"blocks-gallery-item\"><figure><img decoding=\"async\" loading=\"lazy\" width=\"1024\" height=\"364\" src=\"http:\/\/pedroleopoldo.mg.gov.br\/wp-content\/uploads\/2021\/08\/WhatsApp-Image-2021-08-09-at-12.45.53-1024x364.jpeg\" alt=\"\" data-id=\"17719\" data-full-url=\"http:\/\/pedroleopoldo.mg.gov.br\/wp-content\/uploads\/2021\/08\/WhatsApp-Image-2021-08-09-at-12.45.53.jpeg\" data-link=\"http:\/\/pedroleopoldo.mg.gov.br\/?attachment_id=17719\" class=\"wp-image-17719\" srcset=\"https:\/\/arquivo.pedroleopoldo.mg.gov.br\/wp-content\/uploads\/2021\/08\/WhatsApp-Image-2021-08-09-at-12.45.53-1024x364.jpeg 1024w, https:\/\/arquivo.pedroleopoldo.mg.gov.br\/wp-content\/uploads\/2021\/08\/WhatsApp-Image-2021-08-09-at-12.45.53-300x107.jpeg 300w, https:\/\/arquivo.pedroleopoldo.mg.gov.br\/wp-content\/uploads\/2021\/08\/WhatsApp-Image-2021-08-09-at-12.45.53-768x273.jpeg 768w, https:\/\/arquivo.pedroleopoldo.mg.gov.br\/wp-content\/uploads\/2021\/08\/WhatsApp-Image-2021-08-09-at-12.45.53.jpeg 1280w\" sizes=\"(max-width: 1024px) 100vw, 1024px\" \/><figcaption class=\"blocks-gallery-item__caption\">Bairro Magalh\u00e3es<\/figcaption><\/figure><\/li><li class=\"blocks-gallery-item\"><figure><img decoding=\"async\" loading=\"lazy\" width=\"1024\" height=\"576\" src=\"http:\/\/pedroleopoldo.mg.gov.br\/wp-content\/uploads\/2021\/08\/WhatsApp-Image-2021-08-09-at-12.45.56-1024x576.jpeg\" alt=\"\" data-id=\"17720\" data-full-url=\"http:\/\/pedroleopoldo.mg.gov.br\/wp-content\/uploads\/2021\/08\/WhatsApp-Image-2021-08-09-at-12.45.56.jpeg\" data-link=\"http:\/\/pedroleopoldo.mg.gov.br\/?attachment_id=17720\" class=\"wp-image-17720\" srcset=\"https:\/\/arquivo.pedroleopoldo.mg.gov.br\/wp-content\/uploads\/2021\/08\/WhatsApp-Image-2021-08-09-at-12.45.56-1024x576.jpeg 1024w, https:\/\/arquivo.pedroleopoldo.mg.gov.br\/wp-content\/uploads\/2021\/08\/WhatsApp-Image-2021-08-09-at-12.45.56-300x169.jpeg 300w, https:\/\/arquivo.pedroleopoldo.mg.gov.br\/wp-content\/uploads\/2021\/08\/WhatsApp-Image-2021-08-09-at-12.45.56-768x432.jpeg 768w, https:\/\/arquivo.pedroleopoldo.mg.gov.br\/wp-content\/uploads\/2021\/08\/WhatsApp-Image-2021-08-09-at-12.45.56.jpeg 1032w\" sizes=\"(max-width: 1024px) 100vw, 1024px\" \/><figcaption class=\"blocks-gallery-item__caption\">Bairro Magalh\u00e3es<\/figcaption><\/figure><\/li><\/ul><\/figure>\n","protected":false},"excerpt":{"rendered":"<p>Pedro Leopoldo bem cuidada! Na \u00faltima semana a Prefeitura de Pedro Leopoldo, por meio da Secretaria Municipal de Obras e Servi\u00e7os P\u00fablicos, deu aten\u00e7\u00e3o aos bairros Magalh\u00e3es, Centro e Santa Maria. Os locais passaram por capina e ro\u00e7ada do mato alto, recolhimento de entulhos, varri\u00e7\u00e3o e pintura de meios fios. Outro local que tamb\u00e9m recebeu &hellip; <a href=\"https:\/\/arquivo.pedroleopoldo.mg.gov.br\/?p=17712\" class=\"more-link\">Continuar lendo <span class=\"screen-reader-text\">Servi\u00e7os P\u00fablicos, clique e confira!<\/span><\/a><\/p>\n","protected":false},"author":1,"featured_media":17713,"comment_status":"closed","ping_status":"closed","sticky":false,"template":"","format":"standard","meta":{"footnotes":""},"categories":[4],"tags":[],"_links":{"self":[{"href":"https:\/\/arquivo.pedroleopoldo.mg.gov.br\/index.php?rest_route=\/wp\/v2\/posts\/17712"}],"collection":[{"href":"https:\/\/arquivo.pedroleopoldo.mg.gov.br\/index.php?rest_route=\/wp\/v2\/posts"}],"about":[{"href":"https:\/\/arquivo.pedroleopoldo.mg.gov.br\/index.php?rest_route=\/wp\/v2\/types\/post"}],"author":[{"embeddable":true,"href":"https:\/\/arquivo.pedroleopoldo.mg.gov.br\/index.php?rest_route=\/wp\/v2\/users\/1"}],"replies":[{"embeddable":true,"href":"https:\/\/arquivo.pedroleopoldo.mg.gov.br\/index.php?rest_route=%2Fwp%2Fv2%2Fcomments&post=17712"}],"version-history":[{"count":0,"href":"https:\/\/arquivo.pedroleopoldo.mg.gov.br\/index.php?rest_route=\/wp\/v2\/posts\/17712\/revisions"}],"wp:featuredmedia":[{"embeddable":true,"href":"https:\/\/arquivo.pedroleopoldo.mg.gov.br\/index.php?rest_route=\/wp\/v2\/media\/17713"}],"wp:attachment":[{"href":"https:\/\/arquivo.pedroleopoldo.mg.gov.br\/index.php?rest_route=%2Fwp%2Fv2%2Fmedia&parent=17712"}],"wp:term":[{"taxonomy":"category","embeddable":true,"href":"https:\/\/arquivo.pedroleopoldo.mg.gov.br\/index.php?rest_route=%2Fwp%2Fv2%2Fcategories&post=17712"},{"taxonomy":"post_tag","embeddable":true,"href":"https:\/\/arquivo.pedroleopoldo.mg.gov.br\/index.php?rest_route=%2Fwp%2Fv2%2Ftags&post=17712"}],"curies":[{"name":"wp","href":"https:\/\/api.w.org\/{rel}","templated":true}]}}