{"id":17688,"date":"2021-08-06T13:19:11","date_gmt":"2021-08-06T16:19:11","guid":{"rendered":"http:\/\/pedroleopoldo.mg.gov.br\/?p=17688"},"modified":"2021-08-06T13:21:15","modified_gmt":"2021-08-06T16:21:15","slug":"biblioteca-municipal-recebe-nova-bibliotecaria","status":"publish","type":"post","link":"https:\/\/arquivo.pedroleopoldo.mg.gov.br\/?p=17688","title":{"rendered":"Biblioteca Municipal recebe nova bibliotec\u00e1ria"},"content":{"rendered":"\n<p>A Secretaria Municipal de Cultura recebeu esta semana a nova bibliotec\u00e1ria, Renata Moreira Vinhal, que ir\u00e1 somar ao trabalho de melhoria, valoriza\u00e7\u00e3o e desenvolvimento da nossa Biblioteca Municipal. A Secret\u00e1ria de Cultura, Patr\u00edcia Rafael, e a nova bibliotec\u00e1ria, Renata, j\u00e1 se reuniram para tra\u00e7ar v\u00e1rios projetos para incentivar ainda mais a leitura em nosso munic\u00edpio. Renata possui vasta experi\u00eancia em projetos junto ao IPHAN (Instituto do Patrim\u00f4nio Hist\u00f3rico e Art\u00edstico Nacional), Sebrae e em outras bibliotecas e, junto \u00e0 equipe da Secretaria de Cultura, ir\u00e1 atuar para trazer muitas novidades para todo o espa\u00e7o da Biblioteca P\u00fablica, a biblioteca que \u00e9 de todos n\u00f3s!&nbsp;<\/p>\n","protected":false},"excerpt":{"rendered":"<p>A Secretaria Municipal de Cultura recebeu esta semana a nova bibliotec\u00e1ria, Renata Moreira Vinhal, que ir\u00e1 somar ao trabalho de melhoria, valoriza\u00e7\u00e3o e desenvolvimento da nossa Biblioteca Municipal. A Secret\u00e1ria de Cultura, Patr\u00edcia Rafael, e a nova bibliotec\u00e1ria, Renata, j\u00e1 se reuniram para tra\u00e7ar v\u00e1rios projetos para incentivar ainda mais a leitura em nosso munic\u00edpio. &hellip; <a href=\"https:\/\/arquivo.pedroleopoldo.mg.gov.br\/?p=17688\" class=\"more-link\">Continuar lendo <span class=\"screen-reader-text\">Biblioteca Municipal recebe nova bibliotec\u00e1ria<\/span><\/a><\/p>\n","protected":false},"author":1,"featured_media":17689,"comment_status":"closed","ping_status":"closed","sticky":false,"template":"","format":"standard","meta":{"footnotes":""},"categories":[4],"tags":[],"_links":{"self":[{"href":"https:\/\/arquivo.pedroleopoldo.mg.gov.br\/index.php?rest_route=\/wp\/v2\/posts\/17688"}],"collection":[{"href":"https:\/\/arquivo.pedroleopoldo.mg.gov.br\/index.php?rest_route=\/wp\/v2\/posts"}],"about":[{"href":"https:\/\/arquivo.pedroleopoldo.mg.gov.br\/index.php?rest_route=\/wp\/v2\/types\/post"}],"author":[{"embeddable":true,"href":"https:\/\/arquivo.pedroleopoldo.mg.gov.br\/index.php?rest_route=\/wp\/v2\/users\/1"}],"replies":[{"embeddable":true,"href":"https:\/\/arquivo.pedroleopoldo.mg.gov.br\/index.php?rest_route=%2Fwp%2Fv2%2Fcomments&post=17688"}],"version-history":[{"count":0,"href":"https:\/\/arquivo.pedroleopoldo.mg.gov.br\/index.php?rest_route=\/wp\/v2\/posts\/17688\/revisions"}],"wp:featuredmedia":[{"embeddable":true,"href":"https:\/\/arquivo.pedroleopoldo.mg.gov.br\/index.php?rest_route=\/wp\/v2\/media\/17689"}],"wp:attachment":[{"href":"https:\/\/arquivo.pedroleopoldo.mg.gov.br\/index.php?rest_route=%2Fwp%2Fv2%2Fmedia&parent=17688"}],"wp:term":[{"taxonomy":"category","embeddable":true,"href":"https:\/\/arquivo.pedroleopoldo.mg.gov.br\/index.php?rest_route=%2Fwp%2Fv2%2Fcategories&post=17688"},{"taxonomy":"post_tag","embeddable":true,"href":"https:\/\/arquivo.pedroleopoldo.mg.gov.br\/index.php?rest_route=%2Fwp%2Fv2%2Ftags&post=17688"}],"curies":[{"name":"wp","href":"https:\/\/api.w.org\/{rel}","templated":true}]}}