{"id":17673,"date":"2021-08-05T12:25:51","date_gmt":"2021-08-05T15:25:51","guid":{"rendered":"http:\/\/pedroleopoldo.mg.gov.br\/?p=17673"},"modified":"2021-08-05T12:25:55","modified_gmt":"2021-08-05T15:25:55","slug":"prefeitura-promove-capacitacao-para-a-rede-privada-de-ensino-para-o-retorno-das-aulas-presenciais","status":"publish","type":"post","link":"https:\/\/arquivo.pedroleopoldo.mg.gov.br\/?p=17673","title":{"rendered":"Prefeitura promove capacita\u00e7\u00e3o para a rede privada de ensino para o retorno das aulas presenciais"},"content":{"rendered":"\n<p>A&nbsp;Prefeitura de Pedro Leopoldo, atrav\u00e9s da Secretaria&nbsp;Municipal&nbsp;de Educa\u00e7\u00e3o,&nbsp;realizou nesta&nbsp;quarta-feira (04), a capacita\u00e7\u00e3o dos auxiliares da rede privada de educa\u00e7\u00e3o. O curso contou com a presen\u00e7a da&nbsp;Secret\u00e1ria de Educa\u00e7\u00e3o,&nbsp;Cl\u00e1udia Resende,&nbsp;e foi&nbsp;ministrado&nbsp;pelas nutricionistas da rede municipal de educa\u00e7\u00e3o.<\/p>\n\n\n\n<p>Na ocasi\u00e3o&nbsp;foi abordada&nbsp;a execu\u00e7\u00e3o do PNAE (Programa&nbsp;Nacional de&nbsp;Alimenta\u00e7\u00e3o&nbsp;Escolar) durante a pandemia. \u201cO objetivo do treinamento foi informar aos colaboradores da educa\u00e7\u00e3o, sendo estes gestores, diretores e funcion\u00e1rios, sobre o bom e ideal funcionamento das escolas neste&nbsp;per\u00edodo em que vivemos\u201d, destacou a nutricionista Nat\u00e1lia Costa.&nbsp;A nutricionista ainda&nbsp;cita que a capacita\u00e7\u00e3o tem como foco, al\u00e9m da alimenta\u00e7\u00e3o e&nbsp;das normas a serem executadas nos refeit\u00f3rios e cozinhas, aumentar a seguran\u00e7a dos alunos e servidores das escolas.<\/p>\n\n\n\n<p>O curso recebeu elogios&nbsp;dos participantes.&nbsp;Isabel Cristina,&nbsp;que trabalha&nbsp;no Col\u00e9gio M2,&nbsp;refor\u00e7a&nbsp;a relev\u00e2ncia dos m\u00e9todos&nbsp;utilizados. \u201cAchei muito importante e muito eficiente a maneira de tentar preservar os alunos e colaboradores do v\u00edrus. Foi de grande&nbsp;relev\u00e2ncia para mim&nbsp;e, com certeza, para&nbsp;toda&nbsp;equipe&nbsp;do col\u00e9gio em que trabalho\u201d, afirma.<\/p>\n\n\n\n<p>O treinamento foi feito de forma virtual.&nbsp;Este&nbsp;\u00e9 mais um passo&nbsp;importante&nbsp;para a volta das aulas&nbsp;presenciais&nbsp;na pr\u00f3xima segunda (09).&nbsp;Vale lembrar que a&nbsp;Prefeitura j\u00e1 disponibilizou treinamentos para todos os setores da rede municipal de educa\u00e7\u00e3o&nbsp;da cidade.<\/p>\n","protected":false},"excerpt":{"rendered":"<p>A&nbsp;Prefeitura de Pedro Leopoldo, atrav\u00e9s da Secretaria&nbsp;Municipal&nbsp;de Educa\u00e7\u00e3o,&nbsp;realizou nesta&nbsp;quarta-feira (04), a capacita\u00e7\u00e3o dos auxiliares da rede privada de educa\u00e7\u00e3o. O curso contou com a presen\u00e7a da&nbsp;Secret\u00e1ria de Educa\u00e7\u00e3o,&nbsp;Cl\u00e1udia Resende,&nbsp;e foi&nbsp;ministrado&nbsp;pelas nutricionistas da rede municipal de educa\u00e7\u00e3o. Na ocasi\u00e3o&nbsp;foi abordada&nbsp;a execu\u00e7\u00e3o do PNAE (Programa&nbsp;Nacional de&nbsp;Alimenta\u00e7\u00e3o&nbsp;Escolar) durante a pandemia. \u201cO objetivo do treinamento foi informar aos colaboradores &hellip; <a href=\"https:\/\/arquivo.pedroleopoldo.mg.gov.br\/?p=17673\" class=\"more-link\">Continuar lendo <span class=\"screen-reader-text\">Prefeitura promove capacita\u00e7\u00e3o para a rede privada de ensino para o retorno das aulas presenciais<\/span><\/a><\/p>\n","protected":false},"author":1,"featured_media":17674,"comment_status":"closed","ping_status":"closed","sticky":false,"template":"","format":"standard","meta":{"footnotes":""},"categories":[4],"tags":[],"_links":{"self":[{"href":"https:\/\/arquivo.pedroleopoldo.mg.gov.br\/index.php?rest_route=\/wp\/v2\/posts\/17673"}],"collection":[{"href":"https:\/\/arquivo.pedroleopoldo.mg.gov.br\/index.php?rest_route=\/wp\/v2\/posts"}],"about":[{"href":"https:\/\/arquivo.pedroleopoldo.mg.gov.br\/index.php?rest_route=\/wp\/v2\/types\/post"}],"author":[{"embeddable":true,"href":"https:\/\/arquivo.pedroleopoldo.mg.gov.br\/index.php?rest_route=\/wp\/v2\/users\/1"}],"replies":[{"embeddable":true,"href":"https:\/\/arquivo.pedroleopoldo.mg.gov.br\/index.php?rest_route=%2Fwp%2Fv2%2Fcomments&post=17673"}],"version-history":[{"count":0,"href":"https:\/\/arquivo.pedroleopoldo.mg.gov.br\/index.php?rest_route=\/wp\/v2\/posts\/17673\/revisions"}],"wp:featuredmedia":[{"embeddable":true,"href":"https:\/\/arquivo.pedroleopoldo.mg.gov.br\/index.php?rest_route=\/wp\/v2\/media\/17674"}],"wp:attachment":[{"href":"https:\/\/arquivo.pedroleopoldo.mg.gov.br\/index.php?rest_route=%2Fwp%2Fv2%2Fmedia&parent=17673"}],"wp:term":[{"taxonomy":"category","embeddable":true,"href":"https:\/\/arquivo.pedroleopoldo.mg.gov.br\/index.php?rest_route=%2Fwp%2Fv2%2Fcategories&post=17673"},{"taxonomy":"post_tag","embeddable":true,"href":"https:\/\/arquivo.pedroleopoldo.mg.gov.br\/index.php?rest_route=%2Fwp%2Fv2%2Ftags&post=17673"}],"curies":[{"name":"wp","href":"https:\/\/api.w.org\/{rel}","templated":true}]}}