{"id":17671,"date":"2021-08-04T17:30:18","date_gmt":"2021-08-04T20:30:18","guid":{"rendered":"http:\/\/pedroleopoldo.mg.gov.br\/?p=17671"},"modified":"2021-08-05T12:33:32","modified_gmt":"2021-08-05T15:33:32","slug":"autonomos-poderao-emitir-as-proprias-notas-fiscais","status":"publish","type":"post","link":"https:\/\/arquivo.pedroleopoldo.mg.gov.br\/?p=17671","title":{"rendered":"Aut\u00f4nomos poder\u00e3o emitir as pr\u00f3prias notas fiscais"},"content":{"rendered":"\n<p>A partir de agora os aut\u00f4nomos que possuem cadastro permanente e recolhem o ISSQN fixo anual poder\u00e3o emitir as pr\u00f3prias Notas Fiscais Eletr\u00f4nicas por meio do sistema NFe-cidades, sem a necessidade de abertura de protocolo.<\/p>\n\n\n\n<p>Al\u00e9m disso, n\u00e3o ser\u00e1 cobrada a taxa pela Nota Fiscal Avulsa dos aut\u00f4nomos que optarem por emitir a pr\u00f3pria nota.<\/p>\n\n\n\n<p>Acesse o link e baixe o manual:<br><a href=\"https:\/\/bitly.com\/nfeplmanual\">https:\/\/bit.ly\/manualnotasfe<\/a><\/p>\n","protected":false},"excerpt":{"rendered":"<p>A partir de agora os aut\u00f4nomos que possuem cadastro permanente e recolhem o ISSQN fixo anual poder\u00e3o emitir as pr\u00f3prias Notas Fiscais Eletr\u00f4nicas por meio do sistema NFe-cidades, sem a necessidade de abertura de protocolo. Al\u00e9m disso, n\u00e3o ser\u00e1 cobrada a taxa pela Nota Fiscal Avulsa dos aut\u00f4nomos que optarem por emitir a pr\u00f3pria nota. &hellip; <a href=\"https:\/\/arquivo.pedroleopoldo.mg.gov.br\/?p=17671\" class=\"more-link\">Continuar lendo <span class=\"screen-reader-text\">Aut\u00f4nomos poder\u00e3o emitir as pr\u00f3prias notas fiscais<\/span><\/a><\/p>\n","protected":false},"author":1,"featured_media":0,"comment_status":"closed","ping_status":"closed","sticky":false,"template":"","format":"standard","meta":{"footnotes":""},"categories":[1],"tags":[],"_links":{"self":[{"href":"https:\/\/arquivo.pedroleopoldo.mg.gov.br\/index.php?rest_route=\/wp\/v2\/posts\/17671"}],"collection":[{"href":"https:\/\/arquivo.pedroleopoldo.mg.gov.br\/index.php?rest_route=\/wp\/v2\/posts"}],"about":[{"href":"https:\/\/arquivo.pedroleopoldo.mg.gov.br\/index.php?rest_route=\/wp\/v2\/types\/post"}],"author":[{"embeddable":true,"href":"https:\/\/arquivo.pedroleopoldo.mg.gov.br\/index.php?rest_route=\/wp\/v2\/users\/1"}],"replies":[{"embeddable":true,"href":"https:\/\/arquivo.pedroleopoldo.mg.gov.br\/index.php?rest_route=%2Fwp%2Fv2%2Fcomments&post=17671"}],"version-history":[{"count":0,"href":"https:\/\/arquivo.pedroleopoldo.mg.gov.br\/index.php?rest_route=\/wp\/v2\/posts\/17671\/revisions"}],"wp:attachment":[{"href":"https:\/\/arquivo.pedroleopoldo.mg.gov.br\/index.php?rest_route=%2Fwp%2Fv2%2Fmedia&parent=17671"}],"wp:term":[{"taxonomy":"category","embeddable":true,"href":"https:\/\/arquivo.pedroleopoldo.mg.gov.br\/index.php?rest_route=%2Fwp%2Fv2%2Fcategories&post=17671"},{"taxonomy":"post_tag","embeddable":true,"href":"https:\/\/arquivo.pedroleopoldo.mg.gov.br\/index.php?rest_route=%2Fwp%2Fv2%2Ftags&post=17671"}],"curies":[{"name":"wp","href":"https:\/\/api.w.org\/{rel}","templated":true}]}}