{"id":17667,"date":"2021-08-04T16:24:59","date_gmt":"2021-08-04T19:24:59","guid":{"rendered":"http:\/\/pedroleopoldo.mg.gov.br\/?p=17667"},"modified":"2021-10-07T14:25:51","modified_gmt":"2021-10-07T17:25:51","slug":"eloisa-e-ana-paula-renovam-termo-de-colaboracao-com-a-apae","status":"publish","type":"post","link":"https:\/\/arquivo.pedroleopoldo.mg.gov.br\/?p=17667","title":{"rendered":"Prefeitura renova termo de colabora\u00e7\u00e3o com a APAE"},"content":{"rendered":"\n<p>Na tarde desta quarta-feira, 04, a Prefeita Eloisa Helena e a vice Ana Paula receberam no gabinete a presidente da Apae\/PL \u2013 Associa\u00e7\u00e3o de Pais e Amigos Excepcionais de Pedro Leopoldo, F\u00e1tima Lana, e o Gerente Geral da institui\u00e7\u00e3o, J\u00falio Bahia, para a renova\u00e7\u00e3o do Termo de Colabora\u00e7\u00e3o entre a Prefeitura e a associa\u00e7\u00e3o. Para Eloisa e Ana Paula, a parceria com a APAE \u00e9 uma forma de reconhecimento e manuten\u00e7\u00e3o da qualidade do trabalho desenvolvido pela institui\u00e7\u00e3o e garante o apoio \u00e0 pessoa com defici\u00eancia e suas fam\u00edlias. O valor total do aditamento \u00e9 de R$ 174.960,00 e fica vigente at\u00e9 o dia 30\/11\/21.<\/p>\n","protected":false},"excerpt":{"rendered":"<p>Na tarde desta quarta-feira, 04, a Prefeita Eloisa Helena e a vice Ana Paula receberam no gabinete a presidente da Apae\/PL \u2013 Associa\u00e7\u00e3o de Pais e Amigos Excepcionais de Pedro Leopoldo, F\u00e1tima Lana, e o Gerente Geral da institui\u00e7\u00e3o, J\u00falio Bahia, para a renova\u00e7\u00e3o do Termo de Colabora\u00e7\u00e3o entre a Prefeitura e a associa\u00e7\u00e3o. Para &hellip; <a href=\"https:\/\/arquivo.pedroleopoldo.mg.gov.br\/?p=17667\" class=\"more-link\">Continuar lendo <span class=\"screen-reader-text\">Prefeitura renova termo de colabora\u00e7\u00e3o com a APAE<\/span><\/a><\/p>\n","protected":false},"author":1,"featured_media":17668,"comment_status":"closed","ping_status":"closed","sticky":false,"template":"","format":"standard","meta":{"footnotes":""},"categories":[4],"tags":[],"_links":{"self":[{"href":"https:\/\/arquivo.pedroleopoldo.mg.gov.br\/index.php?rest_route=\/wp\/v2\/posts\/17667"}],"collection":[{"href":"https:\/\/arquivo.pedroleopoldo.mg.gov.br\/index.php?rest_route=\/wp\/v2\/posts"}],"about":[{"href":"https:\/\/arquivo.pedroleopoldo.mg.gov.br\/index.php?rest_route=\/wp\/v2\/types\/post"}],"author":[{"embeddable":true,"href":"https:\/\/arquivo.pedroleopoldo.mg.gov.br\/index.php?rest_route=\/wp\/v2\/users\/1"}],"replies":[{"embeddable":true,"href":"https:\/\/arquivo.pedroleopoldo.mg.gov.br\/index.php?rest_route=%2Fwp%2Fv2%2Fcomments&post=17667"}],"version-history":[{"count":0,"href":"https:\/\/arquivo.pedroleopoldo.mg.gov.br\/index.php?rest_route=\/wp\/v2\/posts\/17667\/revisions"}],"wp:featuredmedia":[{"embeddable":true,"href":"https:\/\/arquivo.pedroleopoldo.mg.gov.br\/index.php?rest_route=\/wp\/v2\/media\/17668"}],"wp:attachment":[{"href":"https:\/\/arquivo.pedroleopoldo.mg.gov.br\/index.php?rest_route=%2Fwp%2Fv2%2Fmedia&parent=17667"}],"wp:term":[{"taxonomy":"category","embeddable":true,"href":"https:\/\/arquivo.pedroleopoldo.mg.gov.br\/index.php?rest_route=%2Fwp%2Fv2%2Fcategories&post=17667"},{"taxonomy":"post_tag","embeddable":true,"href":"https:\/\/arquivo.pedroleopoldo.mg.gov.br\/index.php?rest_route=%2Fwp%2Fv2%2Ftags&post=17667"}],"curies":[{"name":"wp","href":"https:\/\/api.w.org\/{rel}","templated":true}]}}