{"id":17590,"date":"2021-08-04T12:45:44","date_gmt":"2021-08-04T15:45:44","guid":{"rendered":"http:\/\/pedroleopoldo.mg.gov.br\/?p=17590"},"modified":"2021-08-04T12:45:50","modified_gmt":"2021-08-04T15:45:50","slug":"defesa-civil-de-pl-se-reune-com-a-equipe-da-maternidade","status":"publish","type":"post","link":"https:\/\/arquivo.pedroleopoldo.mg.gov.br\/?p=17590","title":{"rendered":"Defesa Civil de PL se re\u00fane com a equipe da maternidade"},"content":{"rendered":"\n<p><em>O objetivo do encontro foi tratar sobre a parceria entre as institui\u00e7\u00f5es, relativa ao plano de conting\u00eancia do munic\u00edpio.<\/em><\/p>\n\n\n\n<p>Nesta segunda e ter\u00e7a-feira, 02 e 03, Jordana de F\u00e1tima, Coordenadora da Defesa Civil de Pedro Leopoldo, se reuniu com a Diretora Executiva do Hospital e Maternidade Dr. Eug\u00eanio Gomes de Carvalho, Cl\u00e1udia Silva, e com os membros do Conselhos Tutelar de Pedro Leopoldo, para tratar sobre a parceria entre as institui\u00e7\u00f5es, relativa ao plano de conting\u00eancia do munic\u00edpio. <\/p>\n\n\n\n<p>O Plano de Conting\u00eancia (PLANCON) estabelece as a\u00e7\u00f5es de prote\u00e7\u00e3o e defesa civil. O documento \u00e9 elaborado a partir de uma determinada hip\u00f3tese de cat\u00e1strofes e organiza as a\u00e7\u00f5es de prepara\u00e7\u00e3o e resposta, envolvendo assim, os \u00f3rg\u00e3os que podem contribuir em casos de desastres.<\/p>\n\n\n\n<figure class=\"wp-block-gallery columns-1 is-cropped wp-block-gallery-1 is-layout-flex wp-block-gallery-is-layout-flex\"><ul class=\"blocks-gallery-grid\"><li class=\"blocks-gallery-item\"><figure><img decoding=\"async\" loading=\"lazy\" width=\"768\" height=\"1024\" src=\"http:\/\/pedroleopoldo.mg.gov.br\/wp-content\/uploads\/2021\/08\/WhatsApp-Image-2021-08-03-at-17.16.30.jpeg\" alt=\"\" data-id=\"17592\" data-full-url=\"http:\/\/pedroleopoldo.mg.gov.br\/wp-content\/uploads\/2021\/08\/WhatsApp-Image-2021-08-03-at-17.16.30.jpeg\" data-link=\"http:\/\/pedroleopoldo.mg.gov.br\/?attachment_id=17592\" class=\"wp-image-17592\" srcset=\"https:\/\/arquivo.pedroleopoldo.mg.gov.br\/wp-content\/uploads\/2021\/08\/WhatsApp-Image-2021-08-03-at-17.16.30.jpeg 768w, https:\/\/arquivo.pedroleopoldo.mg.gov.br\/wp-content\/uploads\/2021\/08\/WhatsApp-Image-2021-08-03-at-17.16.30-225x300.jpeg 225w\" sizes=\"(max-width: 768px) 100vw, 768px\" \/><\/figure><\/li><\/ul><\/figure>\n","protected":false},"excerpt":{"rendered":"<p>O objetivo do encontro foi tratar sobre a parceria entre as institui\u00e7\u00f5es, relativa ao plano de conting\u00eancia do munic\u00edpio. Nesta segunda e ter\u00e7a-feira, 02 e 03, Jordana de F\u00e1tima, Coordenadora da Defesa Civil de Pedro Leopoldo, se reuniu com a Diretora Executiva do Hospital e Maternidade Dr. Eug\u00eanio Gomes de Carvalho, Cl\u00e1udia Silva, e com &hellip; <a href=\"https:\/\/arquivo.pedroleopoldo.mg.gov.br\/?p=17590\" class=\"more-link\">Continuar lendo <span class=\"screen-reader-text\">Defesa Civil de PL se re\u00fane com a equipe da maternidade<\/span><\/a><\/p>\n","protected":false},"author":1,"featured_media":17591,"comment_status":"closed","ping_status":"closed","sticky":false,"template":"","format":"standard","meta":{"footnotes":""},"categories":[4],"tags":[],"_links":{"self":[{"href":"https:\/\/arquivo.pedroleopoldo.mg.gov.br\/index.php?rest_route=\/wp\/v2\/posts\/17590"}],"collection":[{"href":"https:\/\/arquivo.pedroleopoldo.mg.gov.br\/index.php?rest_route=\/wp\/v2\/posts"}],"about":[{"href":"https:\/\/arquivo.pedroleopoldo.mg.gov.br\/index.php?rest_route=\/wp\/v2\/types\/post"}],"author":[{"embeddable":true,"href":"https:\/\/arquivo.pedroleopoldo.mg.gov.br\/index.php?rest_route=\/wp\/v2\/users\/1"}],"replies":[{"embeddable":true,"href":"https:\/\/arquivo.pedroleopoldo.mg.gov.br\/index.php?rest_route=%2Fwp%2Fv2%2Fcomments&post=17590"}],"version-history":[{"count":0,"href":"https:\/\/arquivo.pedroleopoldo.mg.gov.br\/index.php?rest_route=\/wp\/v2\/posts\/17590\/revisions"}],"wp:featuredmedia":[{"embeddable":true,"href":"https:\/\/arquivo.pedroleopoldo.mg.gov.br\/index.php?rest_route=\/wp\/v2\/media\/17591"}],"wp:attachment":[{"href":"https:\/\/arquivo.pedroleopoldo.mg.gov.br\/index.php?rest_route=%2Fwp%2Fv2%2Fmedia&parent=17590"}],"wp:term":[{"taxonomy":"category","embeddable":true,"href":"https:\/\/arquivo.pedroleopoldo.mg.gov.br\/index.php?rest_route=%2Fwp%2Fv2%2Fcategories&post=17590"},{"taxonomy":"post_tag","embeddable":true,"href":"https:\/\/arquivo.pedroleopoldo.mg.gov.br\/index.php?rest_route=%2Fwp%2Fv2%2Ftags&post=17590"}],"curies":[{"name":"wp","href":"https:\/\/api.w.org\/{rel}","templated":true}]}}