{"id":17328,"date":"2021-07-15T13:00:03","date_gmt":"2021-07-15T16:00:03","guid":{"rendered":"http:\/\/pedroleopoldo.mg.gov.br\/?p=17328"},"modified":"2021-07-15T13:00:09","modified_gmt":"2021-07-15T16:00:09","slug":"hospital-sofia-feldman-passa-a-ser-referencia-para-partos-de-alto-risco-de-pedro-leopoldo","status":"publish","type":"post","link":"https:\/\/arquivo.pedroleopoldo.mg.gov.br\/?p=17328","title":{"rendered":"Hospital Sofia Feldman passa a ser refer\u00eancia para partos de alto risco de Pedro Leopoldo"},"content":{"rendered":"\n<p><em>Parceria entre a institui\u00e7\u00e3o hospitalar e o Munic\u00edpio foi firmada na \u00faltima semana<\/em><\/p>\n\n\n\n<p>Pedro Leopoldo agora tem uma refer\u00eancia em parto habitual e de alto risco quando necess\u00e1ria a transfer\u00eancia do paciente. Na manh\u00e3 de sexta feira, 09, representantes da Secretaria Municipal de Sa\u00fade, incluindo o Secret\u00e1rio, Dr. H\u00e9lio Neri, receberam parte da equipe do Hospital Sofia Feldman na Prefeitura de Pedro Leopoldo, entre eles, Erika Dittz, da linha de ensino e pesquisa, e Tatiana Coelho, gestora hospitalar. <\/p>\n\n\n\n<p>Durante a reuni\u00e3o foi apresentada ao Munic\u00edpio a nova grade de refer\u00eancia e o mapa de vincula\u00e7\u00e3o do neonatal de alto risco, parto e nascimento, para os territ\u00f3rios da Regi\u00e3o Ampliada do Sofia. <\/p>\n\n\n\n<p>Na ocasi\u00e3o foi feita uma pactua\u00e7\u00e3o entre as partes e a partir de agora o Hospital Sofia Feldman passa a ser refer\u00eancia em partos de risco habitual e alto risco neonatal de pacientes transferidos de Pedro Leopoldo. Ou seja, as pacientes que necessitarem de transfer\u00eancia, ser\u00e3o acolhidas no Sofia Feldman. &#8220;\u00c9 um ganho muito grande para a popula\u00e7\u00e3o de Pedro Leopoldo esta pactua\u00e7\u00e3o, pois o Hospital Sofia Feldman conta com uma grande estrutura e uma equipe extremamente qualificada que ir\u00e1 proporcionar aos pacientes que necessitarem de transfer\u00eancia, seguran\u00e7a, tranquilidade e todo suporte \u00e0 sa\u00fade da m\u00e3e e do beb\u00ea&#8221;, destacou Deijiane Mendes, Diretora de Planejamento e Gest\u00e3o em Sa\u00fade de Pedro Leopoldo.<\/p>\n\n\n\n<p><br>O Hospital Sofia Feldman (HSF) \u00e9 a maternidade de refer\u00eancia dos Distritos Sanit\u00e1rios Norte e Nordeste. Sua assist\u00eancia visa garantir aos usu\u00e1rios do SUS \u2013 Sistema \u00danico de Sa\u00fade &#8211; o acesso aos servi\u00e7os de sa\u00fade, \u00e0 humaniza\u00e7\u00e3o no atendimento e sua consequente satisfa\u00e7\u00e3o. A Neonatologia \u00e9 um espa\u00e7o de assist\u00eancia multiprofissional com incentivo ao aleitamento materno e desenvolvimento de estrat\u00e9gias de humaniza\u00e7\u00e3o.<\/p>\n","protected":false},"excerpt":{"rendered":"<p>Parceria entre a institui\u00e7\u00e3o hospitalar e o Munic\u00edpio foi firmada na \u00faltima semana Pedro Leopoldo agora tem uma refer\u00eancia em parto habitual e de alto risco quando necess\u00e1ria a transfer\u00eancia do paciente. Na manh\u00e3 de sexta feira, 09, representantes da Secretaria Municipal de Sa\u00fade, incluindo o Secret\u00e1rio, Dr. H\u00e9lio Neri, receberam parte da equipe do &hellip; <a href=\"https:\/\/arquivo.pedroleopoldo.mg.gov.br\/?p=17328\" class=\"more-link\">Continuar lendo <span class=\"screen-reader-text\">Hospital Sofia Feldman passa a ser refer\u00eancia para partos de alto risco de Pedro Leopoldo<\/span><\/a><\/p>\n","protected":false},"author":1,"featured_media":17329,"comment_status":"closed","ping_status":"closed","sticky":false,"template":"","format":"standard","meta":{"footnotes":""},"categories":[4],"tags":[],"_links":{"self":[{"href":"https:\/\/arquivo.pedroleopoldo.mg.gov.br\/index.php?rest_route=\/wp\/v2\/posts\/17328"}],"collection":[{"href":"https:\/\/arquivo.pedroleopoldo.mg.gov.br\/index.php?rest_route=\/wp\/v2\/posts"}],"about":[{"href":"https:\/\/arquivo.pedroleopoldo.mg.gov.br\/index.php?rest_route=\/wp\/v2\/types\/post"}],"author":[{"embeddable":true,"href":"https:\/\/arquivo.pedroleopoldo.mg.gov.br\/index.php?rest_route=\/wp\/v2\/users\/1"}],"replies":[{"embeddable":true,"href":"https:\/\/arquivo.pedroleopoldo.mg.gov.br\/index.php?rest_route=%2Fwp%2Fv2%2Fcomments&post=17328"}],"version-history":[{"count":0,"href":"https:\/\/arquivo.pedroleopoldo.mg.gov.br\/index.php?rest_route=\/wp\/v2\/posts\/17328\/revisions"}],"wp:featuredmedia":[{"embeddable":true,"href":"https:\/\/arquivo.pedroleopoldo.mg.gov.br\/index.php?rest_route=\/wp\/v2\/media\/17329"}],"wp:attachment":[{"href":"https:\/\/arquivo.pedroleopoldo.mg.gov.br\/index.php?rest_route=%2Fwp%2Fv2%2Fmedia&parent=17328"}],"wp:term":[{"taxonomy":"category","embeddable":true,"href":"https:\/\/arquivo.pedroleopoldo.mg.gov.br\/index.php?rest_route=%2Fwp%2Fv2%2Fcategories&post=17328"},{"taxonomy":"post_tag","embeddable":true,"href":"https:\/\/arquivo.pedroleopoldo.mg.gov.br\/index.php?rest_route=%2Fwp%2Fv2%2Ftags&post=17328"}],"curies":[{"name":"wp","href":"https:\/\/api.w.org\/{rel}","templated":true}]}}