{"id":17253,"date":"2021-07-08T10:05:00","date_gmt":"2021-07-08T13:05:00","guid":{"rendered":"http:\/\/pedroleopoldo.mg.gov.br\/?p=17253"},"modified":"2021-07-08T11:21:49","modified_gmt":"2021-07-08T14:21:49","slug":"cemiterio-do-bairro-sao-geraldo-passa-por-ampla-reforma","status":"publish","type":"post","link":"https:\/\/arquivo.pedroleopoldo.mg.gov.br\/?p=17253","title":{"rendered":"Cemit\u00e9rio do bairro S\u00e3o Geraldo passa por ampla reforma"},"content":{"rendered":"\n<p><em>O local foi encontrado sem as devidas manuten\u00e7\u00f5es e agora, com as melhorias feitas pela atual gest\u00e3o, recebeu elogios de moradores<\/em><\/p>\n\n\n\n<p>A Prefeitura de Pedro Leopoldo deu in\u00edcio a uma s\u00e9rie de manuten\u00e7\u00f5es na Capela Vel\u00f3rio que fica localizada no bairro S\u00e3o Geraldo, o cemit\u00e9rio central.<\/p>\n\n\n\n<p>De acordo com a Secretaria Municipal de Obras e Servi\u00e7os P\u00fablicos, uma das principais a\u00e7\u00f5es foi a reforma do telhado da capelinha que fica dentro do cemit\u00e9rio e estava h\u00e1 tempos sem a devida aten\u00e7\u00e3o. \u00c9 o que relata a Dona Gl\u00f3ria Alves, 76 anos, moradora do bairro S\u00e3o Geraldo e que voluntariamente cuida da capelinha. \u201cO dia em que vi a equipe come\u00e7ando a trabalhar aqui, meu cora\u00e7\u00e3o ficou cheio de alegria. Eu venho pedindo isso h\u00e1 anos, pois h\u00e1 muito tempo o cemit\u00e9rio estava precisando de uma reforma. A\u00e7\u00f5es assim nos fazem sentir valorizados. Toda a cidade precisa de cuidado e aten\u00e7\u00e3o, e com este local n\u00e3o poderia ser diferente. Fica aqui meu agradecimento a Prefeita Eloisa e toda sua equipe\u201d, disse Dona Gl\u00f3ria.<\/p>\n\n\n\n<p>O local come\u00e7ou as reformas na segunda quinzena do m\u00eas de maio e j\u00e1 est\u00e1 na fase final. Al\u00e9m do telhado da capelinha, est\u00e1 sendo feita a reforma no telhado dos jazigos em gavetas, dos canteiros, pintura interna e externa e melhoria da drenagem pluvial.<\/p>\n","protected":false},"excerpt":{"rendered":"<p>O local foi encontrado sem as devidas manuten\u00e7\u00f5es e agora, com as melhorias feitas pela atual gest\u00e3o, recebeu elogios de moradores A Prefeitura de Pedro Leopoldo deu in\u00edcio a uma s\u00e9rie de manuten\u00e7\u00f5es na Capela Vel\u00f3rio que fica localizada no bairro S\u00e3o Geraldo, o cemit\u00e9rio central. De acordo com a Secretaria Municipal de Obras e &hellip; <a href=\"https:\/\/arquivo.pedroleopoldo.mg.gov.br\/?p=17253\" class=\"more-link\">Continuar lendo <span class=\"screen-reader-text\">Cemit\u00e9rio do bairro S\u00e3o Geraldo passa por ampla reforma<\/span><\/a><\/p>\n","protected":false},"author":1,"featured_media":17254,"comment_status":"closed","ping_status":"closed","sticky":false,"template":"","format":"standard","meta":{"footnotes":""},"categories":[4],"tags":[],"_links":{"self":[{"href":"https:\/\/arquivo.pedroleopoldo.mg.gov.br\/index.php?rest_route=\/wp\/v2\/posts\/17253"}],"collection":[{"href":"https:\/\/arquivo.pedroleopoldo.mg.gov.br\/index.php?rest_route=\/wp\/v2\/posts"}],"about":[{"href":"https:\/\/arquivo.pedroleopoldo.mg.gov.br\/index.php?rest_route=\/wp\/v2\/types\/post"}],"author":[{"embeddable":true,"href":"https:\/\/arquivo.pedroleopoldo.mg.gov.br\/index.php?rest_route=\/wp\/v2\/users\/1"}],"replies":[{"embeddable":true,"href":"https:\/\/arquivo.pedroleopoldo.mg.gov.br\/index.php?rest_route=%2Fwp%2Fv2%2Fcomments&post=17253"}],"version-history":[{"count":0,"href":"https:\/\/arquivo.pedroleopoldo.mg.gov.br\/index.php?rest_route=\/wp\/v2\/posts\/17253\/revisions"}],"wp:featuredmedia":[{"embeddable":true,"href":"https:\/\/arquivo.pedroleopoldo.mg.gov.br\/index.php?rest_route=\/wp\/v2\/media\/17254"}],"wp:attachment":[{"href":"https:\/\/arquivo.pedroleopoldo.mg.gov.br\/index.php?rest_route=%2Fwp%2Fv2%2Fmedia&parent=17253"}],"wp:term":[{"taxonomy":"category","embeddable":true,"href":"https:\/\/arquivo.pedroleopoldo.mg.gov.br\/index.php?rest_route=%2Fwp%2Fv2%2Fcategories&post=17253"},{"taxonomy":"post_tag","embeddable":true,"href":"https:\/\/arquivo.pedroleopoldo.mg.gov.br\/index.php?rest_route=%2Fwp%2Fv2%2Ftags&post=17253"}],"curies":[{"name":"wp","href":"https:\/\/api.w.org\/{rel}","templated":true}]}}