{"id":17213,"date":"2021-07-02T13:44:09","date_gmt":"2021-07-02T16:44:09","guid":{"rendered":"http:\/\/pedroleopoldo.mg.gov.br\/?p=17213"},"modified":"2021-07-02T13:44:14","modified_gmt":"2021-07-02T16:44:14","slug":"alunos-da-rede-municipal-de-pedro-leopoldo-se-formam-em-programa-contra-o-uso-de-drogas","status":"publish","type":"post","link":"https:\/\/arquivo.pedroleopoldo.mg.gov.br\/?p=17213","title":{"rendered":"Alunos da rede municipal de Pedro Leopoldo se formam em programa contra o uso de drogas"},"content":{"rendered":"\n<p>Aconteceu na \u00faltima sexta feira, 25, a formatura dos alunos do PROERD &#8211; Programa Educacional de Resist\u00eancia \u00e0s Drogas. A cerim\u00f4nia foi transmitida atrav\u00e9s de uma live no canal da 11\u00aa Companhia da Pol\u00edcia Militar. Participaram da solenidade apenas 12 alunos, respeitando o distanciamento social e os protocolos sanit\u00e1rios. A iniciativa tem como objetivo trabalhar a tomada de decis\u00e3o respons\u00e1vel dos alunos do 5\u00b0 e 7\u00b0 ano do ensino fundamental, no combate ao uso de drogas.<\/p>\n\n\n\n<p>Cerca de 850 alunos das redes municipal e estadual de educa\u00e7\u00e3o de Pedro Leopoldo participaram do programa As escolas municipais de Pedro Leopoldo que participaram foram E. M. Jos\u00e9 Elias da Costa, E. M. Dona Nhazinha Carvalho, E. M. Raimundo Salvador, E. M. Alice Lobato, E. M. Jos\u00e9 Pedro Filho, E. M. Heitor Cl\u00e1udio de Sales, E. M. Izabel Gomes e E. M. Carmem Barroso.<\/p>\n\n\n\n<p>Durante a cerim\u00f4nia, participaram, representando a rede municipal de Pedro Leopoldo, os alunos Pedro Henrique de Souza da E. M. Jos\u00e9 Elias da Costa e Ayumi Camille e Agnes de F\u00e1tima, do Nhazinha, que receberam os certificados das m\u00e3os da prefeita Eloisa Helena. \u201cEstes meninos deram um show! \u00c9 uma honra participar deste evento que aponta caminhos seguros para estes jovens e crian\u00e7as. Torcemos e trabalhamos para um futuro com pessoas respons\u00e1veis, bem encaminhadas e, sobretudo, felizes\u201d, disse a prefeita.<\/p>\n\n\n\n<p>As institui\u00e7\u00f5es que n\u00e3o foram contempladas neste 1\u00b0 semestre participar\u00e3o na pr\u00f3xima etapa.<\/p>\n\n\n\n<figure class=\"wp-block-gallery columns-2 is-cropped wp-block-gallery-1 is-layout-flex wp-block-gallery-is-layout-flex\"><ul class=\"blocks-gallery-grid\"><li class=\"blocks-gallery-item\"><figure><img decoding=\"async\" loading=\"lazy\" width=\"1024\" height=\"683\" src=\"http:\/\/pedroleopoldo.mg.gov.br\/wp-content\/uploads\/2021\/07\/WhatsApp-Image-2021-07-02-at-13.27.21-1-1024x683.jpeg\" alt=\"\" data-id=\"17217\" data-full-url=\"http:\/\/pedroleopoldo.mg.gov.br\/wp-content\/uploads\/2021\/07\/WhatsApp-Image-2021-07-02-at-13.27.21-1.jpeg\" data-link=\"http:\/\/pedroleopoldo.mg.gov.br\/?attachment_id=17217\" class=\"wp-image-17217\" srcset=\"https:\/\/arquivo.pedroleopoldo.mg.gov.br\/wp-content\/uploads\/2021\/07\/WhatsApp-Image-2021-07-02-at-13.27.21-1-1024x683.jpeg 1024w, https:\/\/arquivo.pedroleopoldo.mg.gov.br\/wp-content\/uploads\/2021\/07\/WhatsApp-Image-2021-07-02-at-13.27.21-1-300x200.jpeg 300w, https:\/\/arquivo.pedroleopoldo.mg.gov.br\/wp-content\/uploads\/2021\/07\/WhatsApp-Image-2021-07-02-at-13.27.21-1-768x512.jpeg 768w, https:\/\/arquivo.pedroleopoldo.mg.gov.br\/wp-content\/uploads\/2021\/07\/WhatsApp-Image-2021-07-02-at-13.27.21-1.jpeg 1050w\" sizes=\"(max-width: 1024px) 100vw, 1024px\" \/><\/figure><\/li><li class=\"blocks-gallery-item\"><figure><img decoding=\"async\" loading=\"lazy\" width=\"1024\" height=\"768\" src=\"http:\/\/pedroleopoldo.mg.gov.br\/wp-content\/uploads\/2021\/07\/WhatsApp-Image-2021-07-02-at-13.27.22-1-1024x768.jpeg\" alt=\"\" data-id=\"17218\" data-full-url=\"http:\/\/pedroleopoldo.mg.gov.br\/wp-content\/uploads\/2021\/07\/WhatsApp-Image-2021-07-02-at-13.27.22-1.jpeg\" data-link=\"http:\/\/pedroleopoldo.mg.gov.br\/?attachment_id=17218\" class=\"wp-image-17218\" srcset=\"https:\/\/arquivo.pedroleopoldo.mg.gov.br\/wp-content\/uploads\/2021\/07\/WhatsApp-Image-2021-07-02-at-13.27.22-1-1024x768.jpeg 1024w, https:\/\/arquivo.pedroleopoldo.mg.gov.br\/wp-content\/uploads\/2021\/07\/WhatsApp-Image-2021-07-02-at-13.27.22-1-300x225.jpeg 300w, https:\/\/arquivo.pedroleopoldo.mg.gov.br\/wp-content\/uploads\/2021\/07\/WhatsApp-Image-2021-07-02-at-13.27.22-1-768x576.jpeg 768w, https:\/\/arquivo.pedroleopoldo.mg.gov.br\/wp-content\/uploads\/2021\/07\/WhatsApp-Image-2021-07-02-at-13.27.22-1.jpeg 1152w\" sizes=\"(max-width: 1024px) 100vw, 1024px\" \/><\/figure><\/li><\/ul><\/figure>\n","protected":false},"excerpt":{"rendered":"<p>Aconteceu na \u00faltima sexta feira, 25, a formatura dos alunos do PROERD &#8211; Programa Educacional de Resist\u00eancia \u00e0s Drogas. A cerim\u00f4nia foi transmitida atrav\u00e9s de uma live no canal da 11\u00aa Companhia da Pol\u00edcia Militar. Participaram da solenidade apenas 12 alunos, respeitando o distanciamento social e os protocolos sanit\u00e1rios. A iniciativa tem como objetivo trabalhar &hellip; <a href=\"https:\/\/arquivo.pedroleopoldo.mg.gov.br\/?p=17213\" class=\"more-link\">Continuar lendo <span class=\"screen-reader-text\">Alunos da rede municipal de Pedro Leopoldo se formam em programa contra o uso de drogas<\/span><\/a><\/p>\n","protected":false},"author":1,"featured_media":17216,"comment_status":"closed","ping_status":"closed","sticky":false,"template":"","format":"standard","meta":{"footnotes":""},"categories":[4],"tags":[],"_links":{"self":[{"href":"https:\/\/arquivo.pedroleopoldo.mg.gov.br\/index.php?rest_route=\/wp\/v2\/posts\/17213"}],"collection":[{"href":"https:\/\/arquivo.pedroleopoldo.mg.gov.br\/index.php?rest_route=\/wp\/v2\/posts"}],"about":[{"href":"https:\/\/arquivo.pedroleopoldo.mg.gov.br\/index.php?rest_route=\/wp\/v2\/types\/post"}],"author":[{"embeddable":true,"href":"https:\/\/arquivo.pedroleopoldo.mg.gov.br\/index.php?rest_route=\/wp\/v2\/users\/1"}],"replies":[{"embeddable":true,"href":"https:\/\/arquivo.pedroleopoldo.mg.gov.br\/index.php?rest_route=%2Fwp%2Fv2%2Fcomments&post=17213"}],"version-history":[{"count":0,"href":"https:\/\/arquivo.pedroleopoldo.mg.gov.br\/index.php?rest_route=\/wp\/v2\/posts\/17213\/revisions"}],"wp:featuredmedia":[{"embeddable":true,"href":"https:\/\/arquivo.pedroleopoldo.mg.gov.br\/index.php?rest_route=\/wp\/v2\/media\/17216"}],"wp:attachment":[{"href":"https:\/\/arquivo.pedroleopoldo.mg.gov.br\/index.php?rest_route=%2Fwp%2Fv2%2Fmedia&parent=17213"}],"wp:term":[{"taxonomy":"category","embeddable":true,"href":"https:\/\/arquivo.pedroleopoldo.mg.gov.br\/index.php?rest_route=%2Fwp%2Fv2%2Fcategories&post=17213"},{"taxonomy":"post_tag","embeddable":true,"href":"https:\/\/arquivo.pedroleopoldo.mg.gov.br\/index.php?rest_route=%2Fwp%2Fv2%2Ftags&post=17213"}],"curies":[{"name":"wp","href":"https:\/\/api.w.org\/{rel}","templated":true}]}}