{"id":17184,"date":"2021-06-28T13:07:36","date_gmt":"2021-06-28T16:07:36","guid":{"rendered":"http:\/\/pedroleopoldo.mg.gov.br\/?p=17184"},"modified":"2021-06-28T13:07:41","modified_gmt":"2021-06-28T16:07:41","slug":"prefeitura-presta-homenagem-ao-dia-internacional-do-orgulho-lgbtqia","status":"publish","type":"post","link":"https:\/\/arquivo.pedroleopoldo.mg.gov.br\/?p=17184","title":{"rendered":"Prefeitura presta homenagem ao Dia Internacional do Orgulho LGBTQIA+"},"content":{"rendered":"\n<p>\u00c9 comemorado nesta segunda-feira, 28 de junho, o Dia Internacional do Orgulho LGBTQIA+.<\/p>\n\n\n\n<p>Como forma de homenagem, a Prefeitura de Pedro Leopoldo iluminou na noite de s\u00e1bado, 26, o pr\u00e9dio do governo municipal com as cores que representam o movimento.<\/p>\n\n\n\n<p>\u00c9 com muito respeito e amor que acolhemos as pessoas que fazem parte da classe e reafirmamos o respeito a todos e todas!<\/p>\n\n\n\n<p>Importante frisar que para esta homenagem n\u00e3o houve gastos com dinheiro p\u00fablico. A a\u00e7\u00e3o foi totalmente feita atrav\u00e9s de uma colabora\u00e7\u00e3o de alguns servidores.<\/p>\n\n\n\n<p>Agradecemos \u00e0 vereadora Cynthia Salom\u00e3o que tamb\u00e9m apoia esta causa!<\/p>\n\n\n\n<p>Clique no link abaixo e confirma a homenagem feita.<\/p>\n\n\n\n<figure class=\"wp-block-embed-instagram wp-block-embed is-type-rich is-provider-instagram\"><div class=\"wp-block-embed__wrapper\">\nhttps:\/\/www.instagram.com\/tv\/CQqvvKIDqot\/?utm_source=ig_web_copy_link\n<\/div><\/figure>\n","protected":false},"excerpt":{"rendered":"<p>\u00c9 comemorado nesta segunda-feira, 28 de junho, o Dia Internacional do Orgulho LGBTQIA+. Como forma de homenagem, a Prefeitura de Pedro Leopoldo iluminou na noite de s\u00e1bado, 26, o pr\u00e9dio do governo municipal com as cores que representam o movimento. \u00c9 com muito respeito e amor que acolhemos as pessoas que fazem parte da classe &hellip; <a href=\"https:\/\/arquivo.pedroleopoldo.mg.gov.br\/?p=17184\" class=\"more-link\">Continuar lendo <span class=\"screen-reader-text\">Prefeitura presta homenagem ao Dia Internacional do Orgulho LGBTQIA+<\/span><\/a><\/p>\n","protected":false},"author":1,"featured_media":17185,"comment_status":"closed","ping_status":"closed","sticky":false,"template":"","format":"standard","meta":{"footnotes":""},"categories":[4],"tags":[],"_links":{"self":[{"href":"https:\/\/arquivo.pedroleopoldo.mg.gov.br\/index.php?rest_route=\/wp\/v2\/posts\/17184"}],"collection":[{"href":"https:\/\/arquivo.pedroleopoldo.mg.gov.br\/index.php?rest_route=\/wp\/v2\/posts"}],"about":[{"href":"https:\/\/arquivo.pedroleopoldo.mg.gov.br\/index.php?rest_route=\/wp\/v2\/types\/post"}],"author":[{"embeddable":true,"href":"https:\/\/arquivo.pedroleopoldo.mg.gov.br\/index.php?rest_route=\/wp\/v2\/users\/1"}],"replies":[{"embeddable":true,"href":"https:\/\/arquivo.pedroleopoldo.mg.gov.br\/index.php?rest_route=%2Fwp%2Fv2%2Fcomments&post=17184"}],"version-history":[{"count":0,"href":"https:\/\/arquivo.pedroleopoldo.mg.gov.br\/index.php?rest_route=\/wp\/v2\/posts\/17184\/revisions"}],"wp:featuredmedia":[{"embeddable":true,"href":"https:\/\/arquivo.pedroleopoldo.mg.gov.br\/index.php?rest_route=\/wp\/v2\/media\/17185"}],"wp:attachment":[{"href":"https:\/\/arquivo.pedroleopoldo.mg.gov.br\/index.php?rest_route=%2Fwp%2Fv2%2Fmedia&parent=17184"}],"wp:term":[{"taxonomy":"category","embeddable":true,"href":"https:\/\/arquivo.pedroleopoldo.mg.gov.br\/index.php?rest_route=%2Fwp%2Fv2%2Fcategories&post=17184"},{"taxonomy":"post_tag","embeddable":true,"href":"https:\/\/arquivo.pedroleopoldo.mg.gov.br\/index.php?rest_route=%2Fwp%2Fv2%2Ftags&post=17184"}],"curies":[{"name":"wp","href":"https:\/\/api.w.org\/{rel}","templated":true}]}}