{"id":17064,"date":"2021-06-24T09:00:00","date_gmt":"2021-06-24T12:00:00","guid":{"rendered":"http:\/\/pedroleopoldo.mg.gov.br\/?p=17064"},"modified":"2021-06-23T14:21:47","modified_gmt":"2021-06-23T17:21:47","slug":"prefeitura-amplia-produtos-do-kit-merenda","status":"publish","type":"post","link":"https:\/\/arquivo.pedroleopoldo.mg.gov.br\/?p=17064","title":{"rendered":"Prefeitura amplia produtos do Kit Merenda"},"content":{"rendered":"\n<p><em>A pedido da Prefeita Eloisa Helena, a Secretaria Municipal de Educa\u00e7\u00e3o acrescenta \u00f3leo e dobra a quantidade do extrato de tomate, macarr\u00e3o e biscoito do kit para o m\u00eas de Julho<\/em><\/p>\n\n\n\n<p>A Prefeitura de Pedro Leopoldo, atrav\u00e9s da Secretaria Municipal de Educa\u00e7\u00e3o, conseguiu deixar o Kit Merenda escolar mais completo. No m\u00eas de julho o Kit contar\u00e1 com o acr\u00e9scimo de \u00f3leo e com o dobro da quantidade de macarr\u00e3o, extrato de tomate e biscoito. A entrega est\u00e1 prevista para o dia 5 de julho, em todas as escolas da rede p\u00fablica municipal de Pedro Leopoldo.<\/p>\n\n\n\n<p>O complemento dos alimentos vai ajudar ainda mais na nutri\u00e7\u00e3o das crian\u00e7as. Segundo La\u00eds Marques, nutricionista da Secretaria de Educa\u00e7\u00e3o de Pedro Leopoldo, o kit \u00e9 entregue mensalmente e segue os crit\u00e9rios do Programa Nacional de Alimenta\u00e7\u00e3o Escolas (PNAE). Os alimentos que o comp\u00f5em visam a contribui\u00e7\u00e3o nutricional estimada para atender, no prazo de um m\u00eas, as necessidades b\u00e1sicas de um dia de merenda escolar dos alunos. \u201cO acr\u00e9scimo dos alimentos refor\u00e7a a import\u00e2ncia de proporcionar seguran\u00e7a alimentar e nutricional para todos os alunos\u201d, afirma La\u00eds.<\/p>\n\n\n\n<p>O objetivo \u00e9 conseguir a amplia\u00e7\u00e3o dos produtos do kit para outros meses, mas isto est\u00e1 sendo devidamente avaliado de acordo com as possibilidades financeiras do Munic\u00edpio. De acordo com Viviane Alves, m\u00e3e da aluna Maria Marta do CEMAI Cescopel, o kit tem ajudado n\u00e3o s\u00f3 a ela, mas muitos outros pais, que, devido ao momento dif\u00edcil em fun\u00e7\u00e3o da pandemia, est\u00e3o sem trabalhar, \u201cO kit vem ajudando muito, principalmente neste momento. Com o complemento no m\u00eas de julho, ir\u00e1 ajudar ainda mais\u201d, comemorou.<\/p>\n\n\n\n<p>J\u00e1 foram entregues pela Prefeitura aproximadamente 30 mil kits este ano, junto aos blocos de atividade EducaEmCasa-PL. Todos os alunos matriculados na rede p\u00fablica municipal de Pedro Leopoldo t\u00eam direito a um Kit por m\u00eas. A entrega para o m\u00eas de Julho est\u00e1 prevista para o dia 5 e acontecer\u00e1 em todas as escolas da rede Municipal.<\/p>\n\n\n\n<figure class=\"wp-block-gallery columns-3 is-cropped wp-block-gallery-1 is-layout-flex wp-block-gallery-is-layout-flex\"><ul class=\"blocks-gallery-grid\"><li class=\"blocks-gallery-item\"><figure><img decoding=\"async\" loading=\"lazy\" width=\"766\" height=\"1024\" src=\"http:\/\/pedroleopoldo.mg.gov.br\/wp-content\/uploads\/2021\/06\/WhatsApp-Image-2021-06-22-at-10.20.08-1-766x1024.jpeg\" alt=\"\" data-id=\"17066\" data-full-url=\"http:\/\/pedroleopoldo.mg.gov.br\/wp-content\/uploads\/2021\/06\/WhatsApp-Image-2021-06-22-at-10.20.08-1.jpeg\" data-link=\"http:\/\/pedroleopoldo.mg.gov.br\/?attachment_id=17066\" class=\"wp-image-17066\" srcset=\"https:\/\/arquivo.pedroleopoldo.mg.gov.br\/wp-content\/uploads\/2021\/06\/WhatsApp-Image-2021-06-22-at-10.20.08-1-766x1024.jpeg 766w, https:\/\/arquivo.pedroleopoldo.mg.gov.br\/wp-content\/uploads\/2021\/06\/WhatsApp-Image-2021-06-22-at-10.20.08-1-225x300.jpeg 225w, https:\/\/arquivo.pedroleopoldo.mg.gov.br\/wp-content\/uploads\/2021\/06\/WhatsApp-Image-2021-06-22-at-10.20.08-1-768x1026.jpeg 768w, https:\/\/arquivo.pedroleopoldo.mg.gov.br\/wp-content\/uploads\/2021\/06\/WhatsApp-Image-2021-06-22-at-10.20.08-1.jpeg 958w\" sizes=\"(max-width: 766px) 100vw, 766px\" \/><\/figure><\/li><li class=\"blocks-gallery-item\"><figure><img decoding=\"async\" loading=\"lazy\" width=\"766\" height=\"1024\" src=\"http:\/\/pedroleopoldo.mg.gov.br\/wp-content\/uploads\/2021\/06\/WhatsApp-Image-2021-06-22-at-10.20.09-1-766x1024.jpeg\" alt=\"\" data-id=\"17068\" data-full-url=\"http:\/\/pedroleopoldo.mg.gov.br\/wp-content\/uploads\/2021\/06\/WhatsApp-Image-2021-06-22-at-10.20.09-1.jpeg\" data-link=\"http:\/\/pedroleopoldo.mg.gov.br\/?attachment_id=17068\" class=\"wp-image-17068\" srcset=\"https:\/\/arquivo.pedroleopoldo.mg.gov.br\/wp-content\/uploads\/2021\/06\/WhatsApp-Image-2021-06-22-at-10.20.09-1-766x1024.jpeg 766w, https:\/\/arquivo.pedroleopoldo.mg.gov.br\/wp-content\/uploads\/2021\/06\/WhatsApp-Image-2021-06-22-at-10.20.09-1-225x300.jpeg 225w, https:\/\/arquivo.pedroleopoldo.mg.gov.br\/wp-content\/uploads\/2021\/06\/WhatsApp-Image-2021-06-22-at-10.20.09-1-768x1026.jpeg 768w, https:\/\/arquivo.pedroleopoldo.mg.gov.br\/wp-content\/uploads\/2021\/06\/WhatsApp-Image-2021-06-22-at-10.20.09-1.jpeg 958w\" sizes=\"(max-width: 766px) 100vw, 766px\" \/><\/figure><\/li><li class=\"blocks-gallery-item\"><figure><img decoding=\"async\" loading=\"lazy\" width=\"766\" height=\"1024\" src=\"http:\/\/pedroleopoldo.mg.gov.br\/wp-content\/uploads\/2021\/06\/WhatsApp-Image-2021-06-22-at-10.20.23-766x1024.jpeg\" alt=\"\" data-id=\"17075\" data-full-url=\"http:\/\/pedroleopoldo.mg.gov.br\/wp-content\/uploads\/2021\/06\/WhatsApp-Image-2021-06-22-at-10.20.23.jpeg\" data-link=\"http:\/\/pedroleopoldo.mg.gov.br\/?attachment_id=17075\" class=\"wp-image-17075\" srcset=\"https:\/\/arquivo.pedroleopoldo.mg.gov.br\/wp-content\/uploads\/2021\/06\/WhatsApp-Image-2021-06-22-at-10.20.23-766x1024.jpeg 766w, https:\/\/arquivo.pedroleopoldo.mg.gov.br\/wp-content\/uploads\/2021\/06\/WhatsApp-Image-2021-06-22-at-10.20.23-225x300.jpeg 225w, https:\/\/arquivo.pedroleopoldo.mg.gov.br\/wp-content\/uploads\/2021\/06\/WhatsApp-Image-2021-06-22-at-10.20.23-768x1026.jpeg 768w, https:\/\/arquivo.pedroleopoldo.mg.gov.br\/wp-content\/uploads\/2021\/06\/WhatsApp-Image-2021-06-22-at-10.20.23.jpeg 958w\" sizes=\"(max-width: 766px) 100vw, 766px\" \/><\/figure><\/li><li class=\"blocks-gallery-item\"><figure><img decoding=\"async\" loading=\"lazy\" width=\"766\" height=\"1024\" src=\"http:\/\/pedroleopoldo.mg.gov.br\/wp-content\/uploads\/2021\/06\/WhatsApp-Image-2021-06-22-at-10.30.18-1-766x1024.jpeg\" alt=\"\" data-id=\"17081\" data-full-url=\"http:\/\/pedroleopoldo.mg.gov.br\/wp-content\/uploads\/2021\/06\/WhatsApp-Image-2021-06-22-at-10.30.18-1.jpeg\" data-link=\"http:\/\/pedroleopoldo.mg.gov.br\/?attachment_id=17081\" class=\"wp-image-17081\" srcset=\"https:\/\/arquivo.pedroleopoldo.mg.gov.br\/wp-content\/uploads\/2021\/06\/WhatsApp-Image-2021-06-22-at-10.30.18-1-766x1024.jpeg 766w, https:\/\/arquivo.pedroleopoldo.mg.gov.br\/wp-content\/uploads\/2021\/06\/WhatsApp-Image-2021-06-22-at-10.30.18-1-225x300.jpeg 225w, https:\/\/arquivo.pedroleopoldo.mg.gov.br\/wp-content\/uploads\/2021\/06\/WhatsApp-Image-2021-06-22-at-10.30.18-1-768x1026.jpeg 768w, https:\/\/arquivo.pedroleopoldo.mg.gov.br\/wp-content\/uploads\/2021\/06\/WhatsApp-Image-2021-06-22-at-10.30.18-1.jpeg 958w\" sizes=\"(max-width: 766px) 100vw, 766px\" \/><\/figure><\/li><li class=\"blocks-gallery-item\"><figure><img decoding=\"async\" loading=\"lazy\" width=\"1024\" height=\"766\" src=\"http:\/\/pedroleopoldo.mg.gov.br\/wp-content\/uploads\/2021\/06\/WhatsApp-Image-2021-06-22-at-10.30.18-1024x766.jpeg\" alt=\"\" data-id=\"17083\" data-full-url=\"http:\/\/pedroleopoldo.mg.gov.br\/wp-content\/uploads\/2021\/06\/WhatsApp-Image-2021-06-22-at-10.30.18.jpeg\" data-link=\"http:\/\/pedroleopoldo.mg.gov.br\/?attachment_id=17083\" class=\"wp-image-17083\" srcset=\"https:\/\/arquivo.pedroleopoldo.mg.gov.br\/wp-content\/uploads\/2021\/06\/WhatsApp-Image-2021-06-22-at-10.30.18-1024x766.jpeg 1024w, https:\/\/arquivo.pedroleopoldo.mg.gov.br\/wp-content\/uploads\/2021\/06\/WhatsApp-Image-2021-06-22-at-10.30.18-300x225.jpeg 300w, https:\/\/arquivo.pedroleopoldo.mg.gov.br\/wp-content\/uploads\/2021\/06\/WhatsApp-Image-2021-06-22-at-10.30.18-768x575.jpeg 768w, https:\/\/arquivo.pedroleopoldo.mg.gov.br\/wp-content\/uploads\/2021\/06\/WhatsApp-Image-2021-06-22-at-10.30.18.jpeg 1280w\" sizes=\"(max-width: 1024px) 100vw, 1024px\" \/><\/figure><\/li><\/ul><\/figure>\n","protected":false},"excerpt":{"rendered":"<p>A pedido da Prefeita Eloisa Helena, a Secretaria Municipal de Educa\u00e7\u00e3o acrescenta \u00f3leo e dobra a quantidade do extrato de tomate, macarr\u00e3o e biscoito do kit para o m\u00eas de Julho A Prefeitura de Pedro Leopoldo, atrav\u00e9s da Secretaria Municipal de Educa\u00e7\u00e3o, conseguiu deixar o Kit Merenda escolar mais completo. No m\u00eas de julho o &hellip; <a href=\"https:\/\/arquivo.pedroleopoldo.mg.gov.br\/?p=17064\" class=\"more-link\">Continuar lendo <span class=\"screen-reader-text\">Prefeitura amplia produtos do Kit Merenda<\/span><\/a><\/p>\n","protected":false},"author":1,"featured_media":17065,"comment_status":"closed","ping_status":"closed","sticky":false,"template":"","format":"standard","meta":{"footnotes":""},"categories":[4],"tags":[],"_links":{"self":[{"href":"https:\/\/arquivo.pedroleopoldo.mg.gov.br\/index.php?rest_route=\/wp\/v2\/posts\/17064"}],"collection":[{"href":"https:\/\/arquivo.pedroleopoldo.mg.gov.br\/index.php?rest_route=\/wp\/v2\/posts"}],"about":[{"href":"https:\/\/arquivo.pedroleopoldo.mg.gov.br\/index.php?rest_route=\/wp\/v2\/types\/post"}],"author":[{"embeddable":true,"href":"https:\/\/arquivo.pedroleopoldo.mg.gov.br\/index.php?rest_route=\/wp\/v2\/users\/1"}],"replies":[{"embeddable":true,"href":"https:\/\/arquivo.pedroleopoldo.mg.gov.br\/index.php?rest_route=%2Fwp%2Fv2%2Fcomments&post=17064"}],"version-history":[{"count":0,"href":"https:\/\/arquivo.pedroleopoldo.mg.gov.br\/index.php?rest_route=\/wp\/v2\/posts\/17064\/revisions"}],"wp:featuredmedia":[{"embeddable":true,"href":"https:\/\/arquivo.pedroleopoldo.mg.gov.br\/index.php?rest_route=\/wp\/v2\/media\/17065"}],"wp:attachment":[{"href":"https:\/\/arquivo.pedroleopoldo.mg.gov.br\/index.php?rest_route=%2Fwp%2Fv2%2Fmedia&parent=17064"}],"wp:term":[{"taxonomy":"category","embeddable":true,"href":"https:\/\/arquivo.pedroleopoldo.mg.gov.br\/index.php?rest_route=%2Fwp%2Fv2%2Fcategories&post=17064"},{"taxonomy":"post_tag","embeddable":true,"href":"https:\/\/arquivo.pedroleopoldo.mg.gov.br\/index.php?rest_route=%2Fwp%2Fv2%2Ftags&post=17064"}],"curies":[{"name":"wp","href":"https:\/\/api.w.org\/{rel}","templated":true}]}}