{"id":16983,"date":"2021-06-17T17:07:04","date_gmt":"2021-06-17T20:07:04","guid":{"rendered":"http:\/\/pedroleopoldo.mg.gov.br\/?p=16983"},"modified":"2021-06-17T17:09:51","modified_gmt":"2021-06-17T20:09:51","slug":"eloisa-e-ana-paula-participam-da-semana-lund-2021","status":"publish","type":"post","link":"https:\/\/arquivo.pedroleopoldo.mg.gov.br\/?p=16983","title":{"rendered":"Eloisa e Ana Paula participam da Semana Lund 2021"},"content":{"rendered":"\n<p><em>A prefeita e a vice estiveram no Museu da PUC, em uma das a\u00e7\u00f5es da Semana Lund, que este ano comemora o 220\u00b0 anivers\u00e1rio de Peter Lund<\/em><em><\/em><\/p>\n\n\n\n<p>A Prefeitura de Pedro Leopoldo e a Prefeitura de Lagoa Santa, junto \u00e0s suas respectivas Secretarias de Cultura, deram in\u00edcio \u00e0s atividades para as comemora\u00e7\u00f5es do \u201c220\u00b0 Anivers\u00e1rio de Peter Wilhelm Lund\u201d, que acontecem entre os dias 14 e 18 de junho. A semana est\u00e1 sendo marcada por uma s\u00e9rie de eventos como <em>lives<\/em>&nbsp;e apresenta\u00e7\u00f5es de v\u00eddeos culturais pelos canais oficiais das prefeituras.<\/p>\n\n\n\n<p>Nesta ter\u00e7a-feira (15\/06), a prefeita Eloisa, a vice Ana Paula Santos e a Secret\u00e1ria de Cultura de Pedro Leopoldo, Patr\u00edcia Rafael, entregaram o T\u00edtulo de Cidad\u00e3o Honor\u00e1rio ao professor C\u00e1stor Cartelle. A solenidade aconteceu no Museu de Ci\u00eancia Naturais da PUC Minas, que contou ainda com participa\u00e7\u00e3o do diretor do Museu, Bonif\u00e1cio Jos\u00e9 Teixeira, e do Reitor do campus, Dom Joaquim Giovani Mol Guimar\u00e3es.<\/p>\n\n\n\n<figure class=\"wp-block-image size-large\"><img decoding=\"async\" loading=\"lazy\" width=\"1024\" height=\"578\" src=\"http:\/\/pedroleopoldo.mg.gov.br\/wp-content\/uploads\/2021\/06\/WhatsApp-Image-2021-06-15-at-16.47.04-1-1-1024x578.jpeg\" alt=\"\" class=\"wp-image-17024\" srcset=\"https:\/\/arquivo.pedroleopoldo.mg.gov.br\/wp-content\/uploads\/2021\/06\/WhatsApp-Image-2021-06-15-at-16.47.04-1-1-1024x578.jpeg 1024w, https:\/\/arquivo.pedroleopoldo.mg.gov.br\/wp-content\/uploads\/2021\/06\/WhatsApp-Image-2021-06-15-at-16.47.04-1-1-300x169.jpeg 300w, https:\/\/arquivo.pedroleopoldo.mg.gov.br\/wp-content\/uploads\/2021\/06\/WhatsApp-Image-2021-06-15-at-16.47.04-1-1-768x433.jpeg 768w, https:\/\/arquivo.pedroleopoldo.mg.gov.br\/wp-content\/uploads\/2021\/06\/WhatsApp-Image-2021-06-15-at-16.47.04-1-1.jpeg 1280w\" sizes=\"(max-width: 1024px) 100vw, 1024px\" \/><\/figure>\n\n\n\n<p>Cartelle \u00e9 respons\u00e1vel pela not\u00f3ria visibilidade de Pedro Leopoldo ao incluir \u00e0 Rota Lund, idealizada por ele, a Gruta do Ba\u00fa e o Parque Estadual do Sumidouro. Al\u00e9m disso, Cartelle tem auxiliado o munic\u00edpio com sugest\u00f5es para cria\u00e7\u00e3o de um espa\u00e7o voltado para esta ci\u00eancia, que estuda as formas de vida existentes em per\u00edodos geol\u00f3gicos, a partir dos seus f\u00f3sseis.<\/p>\n\n\n\n<p>A prefeita Eloisa Helena falou da emo\u00e7\u00e3o de visitar o museu. \u201c\u00c9 simplesmente um trabalho espetacular. Fiquei muito admirada e nada mais justo que estarmos aqui para entregar este t\u00edtulo em forma de reconhecimento ao Sr. Cartelle\u201d, destacou.<\/p>\n\n\n\n<p>Emocionado, Cartelle relatou a import\u00e2ncia da regi\u00e3o para o mundo. \u201cTive a sorte de trabalhar com esta hist\u00f3ria t\u00e3o bela e me d\u00f3i isso ser t\u00e3o pouco valorizado. Por esta raz\u00e3o, criei a Rota Lund e com isso podemos reviver um patrim\u00f4nio da humanidade. Na Rota Lund temos as tr\u00eas catedrais do passado da nossa cidade, Pedro Leopoldo\u201d, disse em tom de felicidade, ap\u00f3s receber o t\u00edtulo de cidad\u00e3o honor\u00e1rio do munic\u00edpio.<\/p>\n\n\n\n<p>A vice-prefeita, Ana Paula Santos, agradeceu e tamb\u00e9m destacou a import\u00e2ncia do trabalho do professor. \u201cEsse t\u00edtulo \u00e9 uma forma do munic\u00edpio agradecer ao Sr. Cartelle por tudo que contribuiu com a gente, enriquecendo nossa hist\u00f3ria, cultura e conhecimento. N\u00f3s que moramos em Pedro Leopoldo, \u00e0s vezes, nem temos tanto conhecimento de tanta riqueza que nossa terra tem. Atrav\u00e9s do Sr. Cartelle, tivemos a oportunidade de ter conhecido v\u00e1rias\u201d, diz.<\/p>\n\n\n\n<p>A Secret\u00e1ria de Cultura de Pedro Leopoldo, Patr\u00edcia Rafael, falou da satisfa\u00e7\u00e3o que \u00e9 festejar este momento com a cidade e outros munic\u00edpios. \u201cPedro Leopoldo \u00e9 uma cidade privilegiada. Desta forma, com muita orgulho e em parceria com as cidades do nosso entorno, festejamos o nascimento do naturalista dinamarqu\u00eas Peter Lund, considerado o pai da paleontologia e arqueologia no Brasil, que escolheu nossa regi\u00e3o para viver e levar suas descobertas daqui para o mundo. \u00c9 muito gratificante\u201d, observou.<\/p>\n\n\n\n<p>A programa\u00e7\u00e3o completa da Semana Lund 2021 pode ser visualizada no site <a href=\"https:\/\/arquivo.pedroleopoldo.mg.gov.br\/?p=16909\">https:\/\/arquivo.pedroleopoldo.mg.gov.br\/?p=16909<\/a>. Todo o material est\u00e1 dispon\u00edvel no site e, ainda, na p\u00e1gina do YouTube da Prefeitura de Lagoa Santa e nas redes sociais @prefeituradepedroleopoldo.<\/p>\n\n\n\n<figure class=\"wp-block-gallery columns-3 is-cropped wp-block-gallery-1 is-layout-flex wp-block-gallery-is-layout-flex\"><ul class=\"blocks-gallery-grid\"><li class=\"blocks-gallery-item\"><figure><img decoding=\"async\" loading=\"lazy\" width=\"1024\" height=\"682\" src=\"http:\/\/pedroleopoldo.mg.gov.br\/wp-content\/uploads\/2021\/06\/WhatsApp-Image-2021-06-15-at-16.46.45-1024x682.jpeg\" alt=\"\" data-id=\"16986\" data-full-url=\"http:\/\/pedroleopoldo.mg.gov.br\/wp-content\/uploads\/2021\/06\/WhatsApp-Image-2021-06-15-at-16.46.45.jpeg\" data-link=\"http:\/\/pedroleopoldo.mg.gov.br\/?attachment_id=16986\" class=\"wp-image-16986\" srcset=\"https:\/\/arquivo.pedroleopoldo.mg.gov.br\/wp-content\/uploads\/2021\/06\/WhatsApp-Image-2021-06-15-at-16.46.45-1024x682.jpeg 1024w, https:\/\/arquivo.pedroleopoldo.mg.gov.br\/wp-content\/uploads\/2021\/06\/WhatsApp-Image-2021-06-15-at-16.46.45-300x200.jpeg 300w, https:\/\/arquivo.pedroleopoldo.mg.gov.br\/wp-content\/uploads\/2021\/06\/WhatsApp-Image-2021-06-15-at-16.46.45-768x511.jpeg 768w, https:\/\/arquivo.pedroleopoldo.mg.gov.br\/wp-content\/uploads\/2021\/06\/WhatsApp-Image-2021-06-15-at-16.46.45.jpeg 1280w\" sizes=\"(max-width: 1024px) 100vw, 1024px\" \/><\/figure><\/li><li class=\"blocks-gallery-item\"><figure><img decoding=\"async\" loading=\"lazy\" width=\"1024\" height=\"682\" src=\"http:\/\/pedroleopoldo.mg.gov.br\/wp-content\/uploads\/2021\/06\/WhatsApp-Image-2021-06-15-at-16.46.46-1024x682.jpeg\" alt=\"\" data-id=\"16988\" data-full-url=\"http:\/\/pedroleopoldo.mg.gov.br\/wp-content\/uploads\/2021\/06\/WhatsApp-Image-2021-06-15-at-16.46.46.jpeg\" data-link=\"http:\/\/pedroleopoldo.mg.gov.br\/?attachment_id=16988\" class=\"wp-image-16988\" srcset=\"https:\/\/arquivo.pedroleopoldo.mg.gov.br\/wp-content\/uploads\/2021\/06\/WhatsApp-Image-2021-06-15-at-16.46.46-1024x682.jpeg 1024w, https:\/\/arquivo.pedroleopoldo.mg.gov.br\/wp-content\/uploads\/2021\/06\/WhatsApp-Image-2021-06-15-at-16.46.46-300x200.jpeg 300w, https:\/\/arquivo.pedroleopoldo.mg.gov.br\/wp-content\/uploads\/2021\/06\/WhatsApp-Image-2021-06-15-at-16.46.46-768x511.jpeg 768w, https:\/\/arquivo.pedroleopoldo.mg.gov.br\/wp-content\/uploads\/2021\/06\/WhatsApp-Image-2021-06-15-at-16.46.46.jpeg 1280w\" sizes=\"(max-width: 1024px) 100vw, 1024px\" \/><\/figure><\/li><li class=\"blocks-gallery-item\"><figure><img decoding=\"async\" loading=\"lazy\" width=\"1024\" height=\"682\" src=\"http:\/\/pedroleopoldo.mg.gov.br\/wp-content\/uploads\/2021\/06\/WhatsApp-Image-2021-06-15-at-16.46.47-1-1024x682.jpeg\" alt=\"\" data-id=\"16989\" data-full-url=\"http:\/\/pedroleopoldo.mg.gov.br\/wp-content\/uploads\/2021\/06\/WhatsApp-Image-2021-06-15-at-16.46.47-1.jpeg\" data-link=\"http:\/\/pedroleopoldo.mg.gov.br\/?attachment_id=16989\" class=\"wp-image-16989\" srcset=\"https:\/\/arquivo.pedroleopoldo.mg.gov.br\/wp-content\/uploads\/2021\/06\/WhatsApp-Image-2021-06-15-at-16.46.47-1-1024x682.jpeg 1024w, https:\/\/arquivo.pedroleopoldo.mg.gov.br\/wp-content\/uploads\/2021\/06\/WhatsApp-Image-2021-06-15-at-16.46.47-1-300x200.jpeg 300w, https:\/\/arquivo.pedroleopoldo.mg.gov.br\/wp-content\/uploads\/2021\/06\/WhatsApp-Image-2021-06-15-at-16.46.47-1-768x511.jpeg 768w, https:\/\/arquivo.pedroleopoldo.mg.gov.br\/wp-content\/uploads\/2021\/06\/WhatsApp-Image-2021-06-15-at-16.46.47-1.jpeg 1280w\" sizes=\"(max-width: 1024px) 100vw, 1024px\" \/><\/figure><\/li><li class=\"blocks-gallery-item\"><figure><img decoding=\"async\" loading=\"lazy\" width=\"1024\" height=\"682\" src=\"http:\/\/pedroleopoldo.mg.gov.br\/wp-content\/uploads\/2021\/06\/WhatsApp-Image-2021-06-15-at-16.46.47-1024x682.jpeg\" alt=\"\" data-id=\"16990\" data-full-url=\"http:\/\/pedroleopoldo.mg.gov.br\/wp-content\/uploads\/2021\/06\/WhatsApp-Image-2021-06-15-at-16.46.47.jpeg\" data-link=\"http:\/\/pedroleopoldo.mg.gov.br\/?attachment_id=16990\" class=\"wp-image-16990\" srcset=\"https:\/\/arquivo.pedroleopoldo.mg.gov.br\/wp-content\/uploads\/2021\/06\/WhatsApp-Image-2021-06-15-at-16.46.47-1024x682.jpeg 1024w, https:\/\/arquivo.pedroleopoldo.mg.gov.br\/wp-content\/uploads\/2021\/06\/WhatsApp-Image-2021-06-15-at-16.46.47-300x200.jpeg 300w, https:\/\/arquivo.pedroleopoldo.mg.gov.br\/wp-content\/uploads\/2021\/06\/WhatsApp-Image-2021-06-15-at-16.46.47-768x511.jpeg 768w, https:\/\/arquivo.pedroleopoldo.mg.gov.br\/wp-content\/uploads\/2021\/06\/WhatsApp-Image-2021-06-15-at-16.46.47.jpeg 1280w\" sizes=\"(max-width: 1024px) 100vw, 1024px\" \/><\/figure><\/li><li class=\"blocks-gallery-item\"><figure><img decoding=\"async\" loading=\"lazy\" width=\"1024\" height=\"682\" src=\"http:\/\/pedroleopoldo.mg.gov.br\/wp-content\/uploads\/2021\/06\/WhatsApp-Image-2021-06-15-at-16.46.48-1024x682.jpeg\" alt=\"\" data-id=\"16991\" data-full-url=\"http:\/\/pedroleopoldo.mg.gov.br\/wp-content\/uploads\/2021\/06\/WhatsApp-Image-2021-06-15-at-16.46.48.jpeg\" data-link=\"http:\/\/pedroleopoldo.mg.gov.br\/?attachment_id=16991\" class=\"wp-image-16991\" srcset=\"https:\/\/arquivo.pedroleopoldo.mg.gov.br\/wp-content\/uploads\/2021\/06\/WhatsApp-Image-2021-06-15-at-16.46.48-1024x682.jpeg 1024w, https:\/\/arquivo.pedroleopoldo.mg.gov.br\/wp-content\/uploads\/2021\/06\/WhatsApp-Image-2021-06-15-at-16.46.48-300x200.jpeg 300w, https:\/\/arquivo.pedroleopoldo.mg.gov.br\/wp-content\/uploads\/2021\/06\/WhatsApp-Image-2021-06-15-at-16.46.48-768x511.jpeg 768w, https:\/\/arquivo.pedroleopoldo.mg.gov.br\/wp-content\/uploads\/2021\/06\/WhatsApp-Image-2021-06-15-at-16.46.48.jpeg 1280w\" sizes=\"(max-width: 1024px) 100vw, 1024px\" \/><\/figure><\/li><li class=\"blocks-gallery-item\"><figure><img decoding=\"async\" loading=\"lazy\" width=\"1024\" height=\"682\" src=\"http:\/\/pedroleopoldo.mg.gov.br\/wp-content\/uploads\/2021\/06\/WhatsApp-Image-2021-06-15-at-16.46.51-1024x682.jpeg\" alt=\"\" data-id=\"16997\" data-full-url=\"http:\/\/pedroleopoldo.mg.gov.br\/wp-content\/uploads\/2021\/06\/WhatsApp-Image-2021-06-15-at-16.46.51.jpeg\" data-link=\"http:\/\/pedroleopoldo.mg.gov.br\/?attachment_id=16997\" class=\"wp-image-16997\" srcset=\"https:\/\/arquivo.pedroleopoldo.mg.gov.br\/wp-content\/uploads\/2021\/06\/WhatsApp-Image-2021-06-15-at-16.46.51-1024x682.jpeg 1024w, https:\/\/arquivo.pedroleopoldo.mg.gov.br\/wp-content\/uploads\/2021\/06\/WhatsApp-Image-2021-06-15-at-16.46.51-300x200.jpeg 300w, https:\/\/arquivo.pedroleopoldo.mg.gov.br\/wp-content\/uploads\/2021\/06\/WhatsApp-Image-2021-06-15-at-16.46.51-768x511.jpeg 768w, https:\/\/arquivo.pedroleopoldo.mg.gov.br\/wp-content\/uploads\/2021\/06\/WhatsApp-Image-2021-06-15-at-16.46.51.jpeg 1280w\" sizes=\"(max-width: 1024px) 100vw, 1024px\" \/><\/figure><\/li><li class=\"blocks-gallery-item\"><figure><img decoding=\"async\" loading=\"lazy\" width=\"1024\" height=\"682\" src=\"http:\/\/pedroleopoldo.mg.gov.br\/wp-content\/uploads\/2021\/06\/WhatsApp-Image-2021-06-15-at-16.46.52-1-1024x682.jpeg\" alt=\"\" data-id=\"16998\" data-full-url=\"http:\/\/pedroleopoldo.mg.gov.br\/wp-content\/uploads\/2021\/06\/WhatsApp-Image-2021-06-15-at-16.46.52-1.jpeg\" data-link=\"http:\/\/pedroleopoldo.mg.gov.br\/?attachment_id=16998\" class=\"wp-image-16998\" srcset=\"https:\/\/arquivo.pedroleopoldo.mg.gov.br\/wp-content\/uploads\/2021\/06\/WhatsApp-Image-2021-06-15-at-16.46.52-1-1024x682.jpeg 1024w, https:\/\/arquivo.pedroleopoldo.mg.gov.br\/wp-content\/uploads\/2021\/06\/WhatsApp-Image-2021-06-15-at-16.46.52-1-300x200.jpeg 300w, https:\/\/arquivo.pedroleopoldo.mg.gov.br\/wp-content\/uploads\/2021\/06\/WhatsApp-Image-2021-06-15-at-16.46.52-1-768x511.jpeg 768w, https:\/\/arquivo.pedroleopoldo.mg.gov.br\/wp-content\/uploads\/2021\/06\/WhatsApp-Image-2021-06-15-at-16.46.52-1.jpeg 1280w\" sizes=\"(max-width: 1024px) 100vw, 1024px\" \/><\/figure><\/li><li class=\"blocks-gallery-item\"><figure><img decoding=\"async\" loading=\"lazy\" width=\"682\" height=\"1024\" src=\"http:\/\/pedroleopoldo.mg.gov.br\/wp-content\/uploads\/2021\/06\/WhatsApp-Image-2021-06-15-at-16.46.55-1-682x1024.jpeg\" alt=\"\" data-id=\"17004\" data-full-url=\"http:\/\/pedroleopoldo.mg.gov.br\/wp-content\/uploads\/2021\/06\/WhatsApp-Image-2021-06-15-at-16.46.55-1.jpeg\" data-link=\"http:\/\/pedroleopoldo.mg.gov.br\/?attachment_id=17004\" class=\"wp-image-17004\" srcset=\"https:\/\/arquivo.pedroleopoldo.mg.gov.br\/wp-content\/uploads\/2021\/06\/WhatsApp-Image-2021-06-15-at-16.46.55-1-682x1024.jpeg 682w, https:\/\/arquivo.pedroleopoldo.mg.gov.br\/wp-content\/uploads\/2021\/06\/WhatsApp-Image-2021-06-15-at-16.46.55-1-200x300.jpeg 200w, https:\/\/arquivo.pedroleopoldo.mg.gov.br\/wp-content\/uploads\/2021\/06\/WhatsApp-Image-2021-06-15-at-16.46.55-1-768x1154.jpeg 768w, https:\/\/arquivo.pedroleopoldo.mg.gov.br\/wp-content\/uploads\/2021\/06\/WhatsApp-Image-2021-06-15-at-16.46.55-1.jpeg 852w\" sizes=\"(max-width: 682px) 100vw, 682px\" \/><\/figure><\/li><li class=\"blocks-gallery-item\"><figure><img decoding=\"async\" loading=\"lazy\" width=\"1024\" height=\"682\" src=\"http:\/\/pedroleopoldo.mg.gov.br\/wp-content\/uploads\/2021\/06\/WhatsApp-Image-2021-06-15-at-16.46.57-1-1024x682.jpeg\" alt=\"\" data-id=\"17008\" data-full-url=\"http:\/\/pedroleopoldo.mg.gov.br\/wp-content\/uploads\/2021\/06\/WhatsApp-Image-2021-06-15-at-16.46.57-1.jpeg\" data-link=\"http:\/\/pedroleopoldo.mg.gov.br\/?attachment_id=17008\" class=\"wp-image-17008\" srcset=\"https:\/\/arquivo.pedroleopoldo.mg.gov.br\/wp-content\/uploads\/2021\/06\/WhatsApp-Image-2021-06-15-at-16.46.57-1-1024x682.jpeg 1024w, https:\/\/arquivo.pedroleopoldo.mg.gov.br\/wp-content\/uploads\/2021\/06\/WhatsApp-Image-2021-06-15-at-16.46.57-1-300x200.jpeg 300w, https:\/\/arquivo.pedroleopoldo.mg.gov.br\/wp-content\/uploads\/2021\/06\/WhatsApp-Image-2021-06-15-at-16.46.57-1-768x511.jpeg 768w, https:\/\/arquivo.pedroleopoldo.mg.gov.br\/wp-content\/uploads\/2021\/06\/WhatsApp-Image-2021-06-15-at-16.46.57-1.jpeg 1280w\" sizes=\"(max-width: 1024px) 100vw, 1024px\" \/><\/figure><\/li><li class=\"blocks-gallery-item\"><figure><img decoding=\"async\" loading=\"lazy\" width=\"1024\" height=\"682\" src=\"http:\/\/pedroleopoldo.mg.gov.br\/wp-content\/uploads\/2021\/06\/WhatsApp-Image-2021-06-15-at-16.46.58-1-1024x682.jpeg\" alt=\"\" data-id=\"17010\" data-full-url=\"http:\/\/pedroleopoldo.mg.gov.br\/wp-content\/uploads\/2021\/06\/WhatsApp-Image-2021-06-15-at-16.46.58-1.jpeg\" data-link=\"http:\/\/pedroleopoldo.mg.gov.br\/?attachment_id=17010\" class=\"wp-image-17010\" srcset=\"https:\/\/arquivo.pedroleopoldo.mg.gov.br\/wp-content\/uploads\/2021\/06\/WhatsApp-Image-2021-06-15-at-16.46.58-1-1024x682.jpeg 1024w, https:\/\/arquivo.pedroleopoldo.mg.gov.br\/wp-content\/uploads\/2021\/06\/WhatsApp-Image-2021-06-15-at-16.46.58-1-300x200.jpeg 300w, https:\/\/arquivo.pedroleopoldo.mg.gov.br\/wp-content\/uploads\/2021\/06\/WhatsApp-Image-2021-06-15-at-16.46.58-1-768x511.jpeg 768w, https:\/\/arquivo.pedroleopoldo.mg.gov.br\/wp-content\/uploads\/2021\/06\/WhatsApp-Image-2021-06-15-at-16.46.58-1.jpeg 1280w\" sizes=\"(max-width: 1024px) 100vw, 1024px\" \/><\/figure><\/li><li class=\"blocks-gallery-item\"><figure><img decoding=\"async\" loading=\"lazy\" width=\"1024\" height=\"768\" src=\"http:\/\/pedroleopoldo.mg.gov.br\/wp-content\/uploads\/2021\/06\/WhatsApp-Image-2021-06-15-at-16.47.03-1-1024x768.jpeg\" alt=\"\" data-id=\"17020\" data-full-url=\"http:\/\/pedroleopoldo.mg.gov.br\/wp-content\/uploads\/2021\/06\/WhatsApp-Image-2021-06-15-at-16.47.03-1.jpeg\" data-link=\"http:\/\/pedroleopoldo.mg.gov.br\/?attachment_id=17020\" class=\"wp-image-17020\" srcset=\"https:\/\/arquivo.pedroleopoldo.mg.gov.br\/wp-content\/uploads\/2021\/06\/WhatsApp-Image-2021-06-15-at-16.47.03-1-1024x768.jpeg 1024w, https:\/\/arquivo.pedroleopoldo.mg.gov.br\/wp-content\/uploads\/2021\/06\/WhatsApp-Image-2021-06-15-at-16.47.03-1-300x225.jpeg 300w, https:\/\/arquivo.pedroleopoldo.mg.gov.br\/wp-content\/uploads\/2021\/06\/WhatsApp-Image-2021-06-15-at-16.47.03-1-768x576.jpeg 768w, https:\/\/arquivo.pedroleopoldo.mg.gov.br\/wp-content\/uploads\/2021\/06\/WhatsApp-Image-2021-06-15-at-16.47.03-1.jpeg 1280w\" sizes=\"(max-width: 1024px) 100vw, 1024px\" \/><\/figure><\/li><li class=\"blocks-gallery-item\"><figure><img decoding=\"async\" loading=\"lazy\" width=\"1024\" height=\"768\" src=\"http:\/\/pedroleopoldo.mg.gov.br\/wp-content\/uploads\/2021\/06\/WhatsApp-Image-2021-06-15-at-16.47.03-1024x768.jpeg\" alt=\"\" data-id=\"17021\" data-full-url=\"http:\/\/pedroleopoldo.mg.gov.br\/wp-content\/uploads\/2021\/06\/WhatsApp-Image-2021-06-15-at-16.47.03.jpeg\" data-link=\"http:\/\/pedroleopoldo.mg.gov.br\/?attachment_id=17021\" class=\"wp-image-17021\" srcset=\"https:\/\/arquivo.pedroleopoldo.mg.gov.br\/wp-content\/uploads\/2021\/06\/WhatsApp-Image-2021-06-15-at-16.47.03-1024x768.jpeg 1024w, https:\/\/arquivo.pedroleopoldo.mg.gov.br\/wp-content\/uploads\/2021\/06\/WhatsApp-Image-2021-06-15-at-16.47.03-300x225.jpeg 300w, https:\/\/arquivo.pedroleopoldo.mg.gov.br\/wp-content\/uploads\/2021\/06\/WhatsApp-Image-2021-06-15-at-16.47.03-768x576.jpeg 768w, https:\/\/arquivo.pedroleopoldo.mg.gov.br\/wp-content\/uploads\/2021\/06\/WhatsApp-Image-2021-06-15-at-16.47.03.jpeg 1280w\" sizes=\"(max-width: 1024px) 100vw, 1024px\" \/><\/figure><\/li><\/ul><\/figure>\n","protected":false},"excerpt":{"rendered":"<p>A prefeita e a vice estiveram no Museu da PUC, em uma das a\u00e7\u00f5es da Semana Lund, que este ano comemora o 220\u00b0 anivers\u00e1rio de Peter Lund A Prefeitura de Pedro Leopoldo e a Prefeitura de Lagoa Santa, junto \u00e0s suas respectivas Secretarias de Cultura, deram in\u00edcio \u00e0s atividades para as comemora\u00e7\u00f5es do \u201c220\u00b0 Anivers\u00e1rio &hellip; <a href=\"https:\/\/arquivo.pedroleopoldo.mg.gov.br\/?p=16983\" class=\"more-link\">Continuar lendo <span class=\"screen-reader-text\">Eloisa e Ana Paula participam da Semana Lund 2021<\/span><\/a><\/p>\n","protected":false},"author":1,"featured_media":16984,"comment_status":"closed","ping_status":"closed","sticky":false,"template":"","format":"standard","meta":{"footnotes":""},"categories":[4],"tags":[],"_links":{"self":[{"href":"https:\/\/arquivo.pedroleopoldo.mg.gov.br\/index.php?rest_route=\/wp\/v2\/posts\/16983"}],"collection":[{"href":"https:\/\/arquivo.pedroleopoldo.mg.gov.br\/index.php?rest_route=\/wp\/v2\/posts"}],"about":[{"href":"https:\/\/arquivo.pedroleopoldo.mg.gov.br\/index.php?rest_route=\/wp\/v2\/types\/post"}],"author":[{"embeddable":true,"href":"https:\/\/arquivo.pedroleopoldo.mg.gov.br\/index.php?rest_route=\/wp\/v2\/users\/1"}],"replies":[{"embeddable":true,"href":"https:\/\/arquivo.pedroleopoldo.mg.gov.br\/index.php?rest_route=%2Fwp%2Fv2%2Fcomments&post=16983"}],"version-history":[{"count":0,"href":"https:\/\/arquivo.pedroleopoldo.mg.gov.br\/index.php?rest_route=\/wp\/v2\/posts\/16983\/revisions"}],"wp:featuredmedia":[{"embeddable":true,"href":"https:\/\/arquivo.pedroleopoldo.mg.gov.br\/index.php?rest_route=\/wp\/v2\/media\/16984"}],"wp:attachment":[{"href":"https:\/\/arquivo.pedroleopoldo.mg.gov.br\/index.php?rest_route=%2Fwp%2Fv2%2Fmedia&parent=16983"}],"wp:term":[{"taxonomy":"category","embeddable":true,"href":"https:\/\/arquivo.pedroleopoldo.mg.gov.br\/index.php?rest_route=%2Fwp%2Fv2%2Fcategories&post=16983"},{"taxonomy":"post_tag","embeddable":true,"href":"https:\/\/arquivo.pedroleopoldo.mg.gov.br\/index.php?rest_route=%2Fwp%2Fv2%2Ftags&post=16983"}],"curies":[{"name":"wp","href":"https:\/\/api.w.org\/{rel}","templated":true}]}}