{"id":16909,"date":"2021-06-14T15:28:09","date_gmt":"2021-06-14T18:28:09","guid":{"rendered":"http:\/\/pedroleopoldo.mg.gov.br\/?p=16909"},"modified":"2021-06-14T17:44:09","modified_gmt":"2021-06-14T20:44:09","slug":"semana-lund-2021","status":"publish","type":"post","link":"https:\/\/arquivo.pedroleopoldo.mg.gov.br\/?p=16909","title":{"rendered":"Programa\u00e7\u00e3o &#8211; Semana Lund 2021"},"content":{"rendered":"\n<p>A Prefeitura de Pedro Leopoldo juntamente  com a Prefeitura de Lagoa Santa e suas respectivas Secretarias de Cultura, convidam para as comemora\u00e7\u00f5es do 220\u00b0 Anivers\u00e1rio de Peter W. Lund, que acontecem no per\u00edodo de 14 a 18 de junho de 2021.<\/p>\n\n\n\n<p>A semana ser\u00e1 marcada por uma s\u00e9rie de eventos como a tradicional visita ao t\u00famulo, Medalha Lund, IV Simp\u00f3sio Arqueologia de Lagoa Santa, lives e apresenta\u00e7\u00e3o de v\u00eddeos culturais pelo nosso canal oficial no Youtube.<\/p>\n\n\n\n<p>Confira a programa\u00e7\u00e3o e prestigie!<\/p>\n\n\n\n<p><strong>PROGRAMA\u00c7\u00c3O<\/strong><\/p>\n\n\n\n<figure class=\"wp-block-table\"><table><tbody><tr><td><strong>14\/06\/21 (segunda-feira)<\/strong><\/td><td><strong>V\u00eddeos dispon\u00edveis em nosso canal do YouTube <\/strong><br><strong>9h<\/strong>&#8211; V\u00eddeo Teatro Infantil &#8211; &#8220;A duvidosa hist\u00f3ria de Luzia &#8211; A primeira mulher do Brasil&#8221; por C\u00e1ssia Macieira.<br><strong>10h<\/strong>&#8211; V\u00eddeo Infantil &#8211; Ossos do Of\u00edcio &#8211; Conta\u00e7\u00e3o de Hist\u00f3rias por Carluty Ferreira<br><strong>11h<\/strong>&#8211; Mesa Redonda &#8220;Origens &#8211; A relev\u00e2ncia do Carste como produto tur\u00edstico da regi\u00e3o do Circuito das Grutas&#8221;<br><strong>12h<\/strong>&#8211;&nbsp;V\u00eddeo infantil &#8211; &#8220;A on\u00e7a e o bode&#8221; por Irmandade dos Atores da P\u00e2ndega.<br><strong>16h<\/strong>&nbsp;&#8211; Visita presencial ao t\u00famulo do Peter W. Lund e entrega do Pr\u00eamio CAALE<br><strong>19h<\/strong>&nbsp;&#8211; V\u00eddeo visita ao Museu de Ci\u00eancias Naturais da PUC &#8211; Marco Zero da Rota Lund &#8211; Prefeitura de Pedro Leopoldo&nbsp;&nbsp;<\/td><\/tr><tr><td><strong><\/strong><strong>15\/06 (ter\u00e7a-feira)<\/strong><\/td><td>&nbsp;<strong>19h<\/strong>&nbsp;&#8211; V\u00eddeo da Mega Fauna encontrada por Peter Lund nas Grutas de Pedro Leopoldo&nbsp;<\/td><\/tr><tr><td><strong>&nbsp;17\/06 (quinta-feira)<\/strong><\/td><td><strong>&nbsp;10h<\/strong>&nbsp;&#8211;&nbsp;Entrega de T\u00edtulo de Cidad\u00e3o Honor\u00e1rio de Pedro Leopoldo ao Prof. C\u00e1stor Cartelle Guerra (PUC Minas)<\/td><\/tr><tr><td><strong><\/strong><strong>13 a 17\/06 (domingo a quinta-feira)<\/strong><\/td><td><strong>&nbsp;IV Simp\u00f3sio de arqueologia<\/strong>&nbsp;&#8211; Lives ter\u00e7a, quarta e quinta a partir das 19h- Canal do Youtube<br><br>Abaixo a programa\u00e7\u00e3o completa e palestrantes&nbsp;&nbsp;<\/td><\/tr><tr><td><strong><\/strong><strong>18\/06\/21 (sexta-feira)<\/strong>&nbsp;<\/td><td>&nbsp;<strong>19h<\/strong>&nbsp;&#8211; Cerim\u00f4nia de entrega da Medalha Lund (honraria municipal)&nbsp;<\/td><\/tr><\/tbody><\/table><\/figure>\n\n\n\n<p>&nbsp;<strong>IV SIMP\u00d3SIO ARQUEOLOGIA DO CARSTE DE LAGOA SANTA&nbsp;<\/strong><\/p>\n\n\n\n<p><strong>Tema:Peter Wilhelm Lund para al\u00e9m da Paleontologia : Ci\u00eancia e Sociedade no S\u00e9culo XIX<\/strong><\/p>\n\n\n\n<figure class=\"wp-block-table\"><table><tbody><tr><td><strong>Inscri\u00e7\u00f5es para o Simp\u00f3sio &#8211;&nbsp;<\/strong>Haver\u00e1 certificados para isso, fa\u00e7a sua inscri\u00e7\u00e3o&nbsp; pelo formul\u00e1rio<\/td><td>&nbsp;Acesse :&nbsp; &nbsp;<a href=\"https:\/\/tinyurl.com\/5h8bjmt5\">https:\/\/tinyurl.com\/5h8bjmt5<\/a><\/td><\/tr><\/tbody><\/table><\/figure>\n\n\n\n<p><strong>13\/06\/21 (domingo)<\/strong><\/p>\n\n\n\n<p><strong>A partir das 9h:<\/strong>&nbsp;Publica\u00e7\u00e3o dos V\u00eddeos do IV Simp\u00f3sio de Arqueologia<\/p>\n\n\n\n<p><strong>15\/06\/21 (ter\u00e7a-feira)<\/strong><\/p>\n\n\n\n<p><strong>19h &#8211; Live:<\/strong>&nbsp;<strong>Peter Wilhelm Lund e a Ci\u00eancia no S\u00e9culo XIX<\/strong><\/p>\n\n\n\n<p><strong>Palestrante:<\/strong>&nbsp;<strong>Ana Paula Marchesotti<\/strong><\/p>\n\n\n\n<p>Graduada e Mestre em Hist\u00f3ria pela Universidade Federal de Minas Gerais, na linha de pesquisa Cultura e Ci\u00eancia na Hist\u00f3ria . Especialista em Hist\u00f3ria do Brasil, Gest\u00e3o de Projetos Culturais e Educa\u00e7\u00e3o Especial Inclusiva. Atualmente comp\u00f5e a Equipe T\u00e9cnica da Secretaria Municipal de Educa\u00e7\u00e3o da Prefeitura Municipal de Belo Horizonte. Tem experi\u00eancia na \u00e1rea de Hist\u00f3ria, com \u00eanfase em Hist\u00f3ria das Ci\u00eancias. Atua principalmente nos seguintes temas: Peter Lund, Hist\u00f3ria Natural,, Lagoa Santa, Paleontologia e Hist\u00f3ria das Ci\u00eancias.<\/p>\n\n\n\n<p><strong>20h &#8211; Live:<\/strong>&nbsp;Peter Wilhelm Lund al\u00e9m da paleontologia: contribui\u00e7\u00f5es \u00e0s ci\u00eancias naturais e \u00e0 sociedade brasileira<\/p>\n\n\n\n<p><strong>Palestrante:<\/strong>&nbsp;Augusto Auler<\/p>\n\n\n\n<p>Ge\u00f3logo e pesquisador do carste, doutor pela Universidade de Bristol (Inglaterra). Atua em \u00e1reas como mudan\u00e7as clim\u00e1ticas, espeleologia, hidrogeologia e geomorfologia, nutrindo interesse pelos naturalistas que percorreram o Brasil no passado, em particular Peter W. Lund. Foi fundador de ONGs de cunho espeleol\u00f3gico, como o Grupo Bambu\u00ed de Pesquisas Espeleol\u00f3gicas, onde atua at\u00e9 hoje. Publicou 10 livros e centenas de artigos t\u00e9cnicos e cient\u00edficos. \u00c9 membro do corpo editorial de importantes revistas cient\u00edficas, como&nbsp;<em>Geomorphology<\/em>&nbsp;e&nbsp;<em>International Journal of Speleology<\/em>, e colabora com diversos grupos de pesquisa tanto do exterior quanto do Brasil.<\/p>\n\n\n\n<p><strong>16\/06\/21 (quarta-feira)<\/strong><\/p>\n\n\n\n<p><strong>19h &#8211; Live: Mantendo vivo o legado de Lund: a aplica\u00e7\u00e3o das Geotecnologias nas pesquisas do Carste de Lagoa Santa<\/strong><\/p>\n\n\n\n<p><strong>Palestrante: Bruno Dur\u00e3o Rodrigues<\/strong><\/p>\n\n\n\n<p>Doutor e Mestre em Geografia pela Pontif\u00edcia Universidade Cat\u00f3lica de Minas Gerais, Especialista em An\u00e1lise e Planejamento Ambiental pelo Centro Universit\u00e1rio de Belo Horizonte, Graduado em Geografia Licenciatura pelo Centro Universit\u00e1rio Newton Paiva e Bacharel em Geografia com \u00eanfase em Geoprocessamento pela Pontif\u00edcia Universidade Cat\u00f3lica de Minas Gerais &#8211; Contagem. Professor da Pontif\u00edcia Universidade Cat\u00f3lica de Minas Gerais (PUC Minas Virtual e Instituto de Educa\u00e7\u00e3o Continuada &#8211; IEC). H\u00e1 20 anos atua como Professor de Geografia da Rede Estadual de Ensino de Minas Gerais &#8211; Educa\u00e7\u00e3o B\u00e1sica. Ainda, na gradua\u00e7\u00e3o em Geografia, em 1999, come\u00e7ou a ter contato com a Espeleologia atrav\u00e9s do grupo Guano Speleo IGC\/UFMG, permanecendo no mesmo at\u00e9 2009. Na PUC Minas, participa do Grupo de Estudos em Carstologia, e tem interesse nas tem\u00e1ticas relacionadas \u00e0s Matas Secas Carbon\u00e1ticas e a aplica\u00e7\u00e3o das Geotecnologias associadas \u00e0s paisagens c\u00e1rsticas. Possui experi\u00eancia em trabalhos de campo no carste mineiro, paraense e uma rica oportunidade no carste esloveno, al\u00e9m de trabalhos apresentados em eventos da \u00e1rea e publica\u00e7\u00f5es em alguns peri\u00f3dicos.<\/p>\n\n\n\n<p><strong>20h &#8211; Live: A rede dos invis\u00edveis: sociedade e circula\u00e7\u00e3o em expedi\u00e7\u00f5es cient\u00edficas Oitocentistas.<\/strong><\/p>\n\n\n\n<p><strong>Palestrante: Anderson Antunes<\/strong><\/p>\n\n\n\n<p>Doutor em Hist\u00f3ria das Ci\u00eancias e da Sa\u00fade e especialista em Divulga\u00e7\u00e3o Cient\u00edfica pela Casa de Oswaldo Cruz da Funda\u00e7\u00e3o Oswaldo Cruz, com a defesa da tese &#8220;Um naturalista e seus colaboradores na Amaz\u00f4nia: a expedi\u00e7\u00e3o de Henry Walter Bates ao Brasil (1848-1859)&#8221;. Anderson Antunes tem como foco a pesquisa das rela\u00e7\u00f5es entre naturalistas viajantes e habitantes locais no Brasil do s\u00e9culo XIX, analisando a import\u00e2ncia da sociabilidade do trabalho de campo para a Hist\u00f3ria Natural. Atua, atualmente, na Coordena\u00e7\u00e3o de Pesquisa e Arquivo do Museu de Astronomia e Ci\u00eancias Afins no Rio de Janeiro.<\/p>\n\n\n\n<p><strong>17\/06\/21 (quinta-feira)<\/strong><\/p>\n\n\n\n<p><strong>18h &#8211; Live:<\/strong>&nbsp;Mesa Redonda<\/p>\n\n\n\n<p><strong>Os caminhos do Patrim\u00f4nio:<\/strong>&nbsp;a implanta\u00e7\u00e3o de um projeto de Educa\u00e7\u00e3o Patrimonial na Rede Municipal de Educa\u00e7\u00e3o de Lagoa Santa &#8211; MG<\/p>\n\n\n\n<p><strong>Palestrante:<\/strong>&nbsp;<strong>Luiz Avelar<\/strong><\/p>\n\n\n\n<p>Licenciado em Hist\u00f3ria pela Uni-BH, leciona a 15 anos na Rede Municipal de Educa\u00e7\u00e3o de Lagoa Santa\/MG, atualmente atua com coordenador do Projeto de Educa\u00e7\u00e3o Patrimonial da Secretaria Municipal de Educa\u00e7\u00e3o de Lagoa Santa\/MG.<\/p>\n\n\n\n<p><strong>19h &#8211; Live: Evolu\u00e7\u00e3o para todes<\/strong><\/p>\n\n\n\n<p><strong>Palestrantes: Mariana Inglez, Lisiane M\u00fcller e Eliane Chim<\/strong><\/p>\n\n\n\n<p><strong>Mariana Inglez<\/strong>&nbsp;\u00e9 Licenciada e Bacharela em Ci\u00eancias Biol\u00f3gicas pela Universidade Presbiteriana Mackenzie e mestra em Ci\u00eancias Biol\u00f3gicas (Biologia \/ Gen\u00e9tica) pela Universidade de S\u00e3o Paulo. Foi professora de Ci\u00eancias e Biologia no Ensino Fundamental e M\u00e9dio da rede estadual de ensino no ano de 2011. Entre 2013 e 2014 atuou no m\u00e9dio Xingu, para registro e resgate de s\u00edtios arqueol\u00f3gicos impactados por obras na regi\u00e3o. Entre 2014 e 2018 trabalhou no \u00e2mbito da Antropologia Forense, como consultora da Comiss\u00e3o Especial sobre Mortos e Desaparecidos Pol\u00edticos da Presid\u00eancia da Rep\u00fablica, via PNUD, realizando a an\u00e1lise bioantropol\u00f3gica de remanescentes esqueletais humanos na busca e tentativa de identifica\u00e7\u00e3o de desaparecidos pol\u00edticos. \u00c9 perita forense colaboradora na Equipe de Identifica\u00e7\u00e3o de Mortos e Desaparecidos Pol\u00edticos (EIMDP\/PR). Atualmente \u00e9 doutoranda no Laborat\u00f3rio de Arqueologia e Antropologia Ambiental e Evolutiva (LAAAE) &#8211; Departamento de Gen\u00e9tica e Biologia Evolutiva, IB\/USP. \u00c9 co-fundadora do projeto Evolu\u00e7\u00e3o para Todes, aonde tem se dedicado \u00e0 atividades de divulga\u00e7\u00e3o cient\u00edfica.<\/p>\n\n\n\n<p><strong>Lisiane M\u00fcller<\/strong>&nbsp;\u00e9 graduada em Ci\u00eancias Biol\u00f3gicas pela Universidade Federal do Estado do Rio de Janeiro (2014). Atualmente \u00e9 mestranda do Laborat\u00f3rio de Arqueologia e Antropologia Ambiental e Evolutiva do Instituto de Bioci\u00eancias da Universidade de S\u00e3o Paulo, onde desenvolve pesquisa com estudos isot\u00f3picos para caracterizar padr\u00f5es de mobilidade em grupos humanos encontrados no Brasil Central durante o Holoceno inicial; e consultora em bioarqueologia, analisando e identificando remanescentes esquel\u00e9ticos humanos de origem arqueol\u00f3gica. Seus interesses englobam as \u00e1reas de Antropologia evolutiva, Gen\u00e9tica e Arqueologia pr\u00e9-hist\u00f3rica. \u00c9 co-fundadora do projeto Evolu\u00e7\u00e3o para Todes, aonde tem se dedicado \u00e0 atividades de divulga\u00e7\u00e3o cient\u00edfica.<\/p>\n\n\n\n<p><strong>Eliane Chim<\/strong>&nbsp;\u00e9 Doutoranda em Ci\u00eancias pelo Programa de P\u00f3s-Gradua\u00e7\u00e3o em Arqueologia do Museu de Arqueologia e Etnologia da Universidade de S\u00e3o Paulo, possui mestrado pela mesma institui\u00e7\u00e3o e gradua\u00e7\u00e3o em Bacharelado em Arqueologia pela Universidade Federal do Rio Grande.Trabalhou como arque\u00f3loga no Instituto do Patrim\u00f4nio Hist\u00f3rico e Art\u00edstico Nacional (IPHAN) na Superintend\u00eancia em Santa Catarina, em Florian\u00f3polis. Em sua disserta\u00e7\u00e3o de mestrado caracterizou a economia dos grupos humanos que viveram na regi\u00e3o de Lagoa Santa no Holoceno Inicial e prop\u00f4s um protocolo para recupera\u00e7\u00e3o de vest\u00edgios faun\u00edsticos em s\u00edtios arqueol\u00f3gicos abrigados. \u00c9 integrante do Laborat\u00f3rio de Arqueologia e Antropologia Ambiental e Evolutiva LAAAE). \u00c9 co-fundadora do projeto Evolu\u00e7\u00e3o para Todes, aonde tem se dedicado \u00e0 atividades de divulga\u00e7\u00e3o cient\u00edfica.<\/p>\n\n\n\n<p><strong>20h &#8211; Live: Arqueologia para crian\u00e7as: uma forma eficiente de ensinar os adultos<\/strong><\/p>\n\n\n\n<p><strong>Palestrante: Rodrigo Elias Oliveira<\/strong><\/p>\n\n\n\n<p>Graduado em Odontologia pela Universidade de S\u00e3o Paulo\/FOUSP, com mestrado pelo Depto. De Cirurgia, Pr\u00f3tese e Traumatologia Maxilofaciais da FOUSP, Doutorado pelo Depto. de Gen\u00e9tica e Biologia Evolutiva do Instituto de Bioci\u00eancias da USP e P\u00f3s-Doutorado em Periodontia, pela FOUSP. Rodrigo Elias de Oliveira \u00e9 Coordenador do Projeto Salivar, junto ao Depto. de Estomatologia\/Disciplina de Periodontia da FOUSP e Pesquisador Colaborador do Laborat\u00f3rio de Arqueologia, Antropologia Ambiental e Evolutiva (LAAAE) do Instituto de Bioci\u00eancia da USP. \u00c9 respons\u00e1vel pela curadoria do material esquel\u00e9tico dos s\u00edtios Lapa do Santo (Matozinhos, desde 2009) e Caixa d\u2019\u00c1gua (Buritizeiros, desde 2011).<\/p>\n","protected":false},"excerpt":{"rendered":"<p>A Prefeitura de Pedro Leopoldo juntamente com a Prefeitura de Lagoa Santa e suas respectivas Secretarias de Cultura, convidam para as comemora\u00e7\u00f5es do 220\u00b0 Anivers\u00e1rio de Peter W. Lund, que acontecem no per\u00edodo de 14 a 18 de junho de 2021. A semana ser\u00e1 marcada por uma s\u00e9rie de eventos como a tradicional visita ao &hellip; <a href=\"https:\/\/arquivo.pedroleopoldo.mg.gov.br\/?p=16909\" class=\"more-link\">Continuar lendo <span class=\"screen-reader-text\">Programa\u00e7\u00e3o &#8211; Semana Lund 2021<\/span><\/a><\/p>\n","protected":false},"author":1,"featured_media":16914,"comment_status":"closed","ping_status":"closed","sticky":false,"template":"","format":"standard","meta":{"footnotes":""},"categories":[4],"tags":[],"_links":{"self":[{"href":"https:\/\/arquivo.pedroleopoldo.mg.gov.br\/index.php?rest_route=\/wp\/v2\/posts\/16909"}],"collection":[{"href":"https:\/\/arquivo.pedroleopoldo.mg.gov.br\/index.php?rest_route=\/wp\/v2\/posts"}],"about":[{"href":"https:\/\/arquivo.pedroleopoldo.mg.gov.br\/index.php?rest_route=\/wp\/v2\/types\/post"}],"author":[{"embeddable":true,"href":"https:\/\/arquivo.pedroleopoldo.mg.gov.br\/index.php?rest_route=\/wp\/v2\/users\/1"}],"replies":[{"embeddable":true,"href":"https:\/\/arquivo.pedroleopoldo.mg.gov.br\/index.php?rest_route=%2Fwp%2Fv2%2Fcomments&post=16909"}],"version-history":[{"count":0,"href":"https:\/\/arquivo.pedroleopoldo.mg.gov.br\/index.php?rest_route=\/wp\/v2\/posts\/16909\/revisions"}],"wp:featuredmedia":[{"embeddable":true,"href":"https:\/\/arquivo.pedroleopoldo.mg.gov.br\/index.php?rest_route=\/wp\/v2\/media\/16914"}],"wp:attachment":[{"href":"https:\/\/arquivo.pedroleopoldo.mg.gov.br\/index.php?rest_route=%2Fwp%2Fv2%2Fmedia&parent=16909"}],"wp:term":[{"taxonomy":"category","embeddable":true,"href":"https:\/\/arquivo.pedroleopoldo.mg.gov.br\/index.php?rest_route=%2Fwp%2Fv2%2Fcategories&post=16909"},{"taxonomy":"post_tag","embeddable":true,"href":"https:\/\/arquivo.pedroleopoldo.mg.gov.br\/index.php?rest_route=%2Fwp%2Fv2%2Ftags&post=16909"}],"curies":[{"name":"wp","href":"https:\/\/api.w.org\/{rel}","templated":true}]}}