{"id":16863,"date":"2021-06-08T14:46:48","date_gmt":"2021-06-08T17:46:48","guid":{"rendered":"http:\/\/pedroleopoldo.mg.gov.br\/?p=16863"},"modified":"2021-06-08T14:47:44","modified_gmt":"2021-06-08T17:47:44","slug":"prefeitura-realiza-poda-e-capina-na-regiao-norte","status":"publish","type":"post","link":"https:\/\/arquivo.pedroleopoldo.mg.gov.br\/?p=16863","title":{"rendered":"Prefeitura realiza poda e capina na regi\u00e3o norte"},"content":{"rendered":"\n<p>Cidade cada vez mais bem cuidada! Os servi\u00e7os da Prefeitura de Pedro Leopoldo, por meio da Secretaria de Obras e Servi\u00e7os P\u00fablicos, n\u00e3o param. Desta vez, atendendo a pedidos da popula\u00e7\u00e3o, a Rua Joaquim Batista de Azevedo, Bairro Lagoa de Santo Ant\u00f4nio, passou por uma opera\u00e7\u00e3o de ro\u00e7ada e capina que deixou o local mais seguro e transit\u00e1vel.<\/p>\n\n\n\n<div class=\"wp-block-image\"><figure class=\"aligncenter size-large is-resized\"><img decoding=\"async\" loading=\"lazy\" src=\"http:\/\/pedroleopoldo.mg.gov.br\/wp-content\/uploads\/2021\/06\/WhatsApp-Image-2021-06-08-at-12.38.13-1024x1024.jpeg\" alt=\"\" class=\"wp-image-16865\" width=\"554\" height=\"554\" srcset=\"https:\/\/arquivo.pedroleopoldo.mg.gov.br\/wp-content\/uploads\/2021\/06\/WhatsApp-Image-2021-06-08-at-12.38.13-1024x1024.jpeg 1024w, https:\/\/arquivo.pedroleopoldo.mg.gov.br\/wp-content\/uploads\/2021\/06\/WhatsApp-Image-2021-06-08-at-12.38.13-300x300.jpeg 300w, https:\/\/arquivo.pedroleopoldo.mg.gov.br\/wp-content\/uploads\/2021\/06\/WhatsApp-Image-2021-06-08-at-12.38.13-150x150.jpeg 150w, https:\/\/arquivo.pedroleopoldo.mg.gov.br\/wp-content\/uploads\/2021\/06\/WhatsApp-Image-2021-06-08-at-12.38.13-768x768.jpeg 768w, https:\/\/arquivo.pedroleopoldo.mg.gov.br\/wp-content\/uploads\/2021\/06\/WhatsApp-Image-2021-06-08-at-12.38.13.jpeg 1080w\" sizes=\"(max-width: 554px) 100vw, 554px\" \/><\/figure><\/div>\n","protected":false},"excerpt":{"rendered":"<p>Cidade cada vez mais bem cuidada! Os servi\u00e7os da Prefeitura de Pedro Leopoldo, por meio da Secretaria de Obras e Servi\u00e7os P\u00fablicos, n\u00e3o param. Desta vez, atendendo a pedidos da popula\u00e7\u00e3o, a Rua Joaquim Batista de Azevedo, Bairro Lagoa de Santo Ant\u00f4nio, passou por uma opera\u00e7\u00e3o de ro\u00e7ada e capina que deixou o local mais &hellip; <a href=\"https:\/\/arquivo.pedroleopoldo.mg.gov.br\/?p=16863\" class=\"more-link\">Continuar lendo <span class=\"screen-reader-text\">Prefeitura realiza poda e capina na regi\u00e3o norte<\/span><\/a><\/p>\n","protected":false},"author":1,"featured_media":16864,"comment_status":"closed","ping_status":"closed","sticky":false,"template":"","format":"standard","meta":{"footnotes":""},"categories":[4],"tags":[],"_links":{"self":[{"href":"https:\/\/arquivo.pedroleopoldo.mg.gov.br\/index.php?rest_route=\/wp\/v2\/posts\/16863"}],"collection":[{"href":"https:\/\/arquivo.pedroleopoldo.mg.gov.br\/index.php?rest_route=\/wp\/v2\/posts"}],"about":[{"href":"https:\/\/arquivo.pedroleopoldo.mg.gov.br\/index.php?rest_route=\/wp\/v2\/types\/post"}],"author":[{"embeddable":true,"href":"https:\/\/arquivo.pedroleopoldo.mg.gov.br\/index.php?rest_route=\/wp\/v2\/users\/1"}],"replies":[{"embeddable":true,"href":"https:\/\/arquivo.pedroleopoldo.mg.gov.br\/index.php?rest_route=%2Fwp%2Fv2%2Fcomments&post=16863"}],"version-history":[{"count":0,"href":"https:\/\/arquivo.pedroleopoldo.mg.gov.br\/index.php?rest_route=\/wp\/v2\/posts\/16863\/revisions"}],"wp:featuredmedia":[{"embeddable":true,"href":"https:\/\/arquivo.pedroleopoldo.mg.gov.br\/index.php?rest_route=\/wp\/v2\/media\/16864"}],"wp:attachment":[{"href":"https:\/\/arquivo.pedroleopoldo.mg.gov.br\/index.php?rest_route=%2Fwp%2Fv2%2Fmedia&parent=16863"}],"wp:term":[{"taxonomy":"category","embeddable":true,"href":"https:\/\/arquivo.pedroleopoldo.mg.gov.br\/index.php?rest_route=%2Fwp%2Fv2%2Fcategories&post=16863"},{"taxonomy":"post_tag","embeddable":true,"href":"https:\/\/arquivo.pedroleopoldo.mg.gov.br\/index.php?rest_route=%2Fwp%2Fv2%2Ftags&post=16863"}],"curies":[{"name":"wp","href":"https:\/\/api.w.org\/{rel}","templated":true}]}}