{"id":16845,"date":"2021-06-08T12:23:16","date_gmt":"2021-06-08T15:23:16","guid":{"rendered":"http:\/\/pedroleopoldo.mg.gov.br\/?p=16845"},"modified":"2021-06-08T12:23:20","modified_gmt":"2021-06-08T15:23:20","slug":"eloisa-e-ana-paula-plantam-arvores-no-dia-do-meio-ambiente","status":"publish","type":"post","link":"https:\/\/arquivo.pedroleopoldo.mg.gov.br\/?p=16845","title":{"rendered":"Eloisa e Ana Paula plantam \u00e1rvores no dia do Meio Ambiente"},"content":{"rendered":"\n<p>Para celebrar esta importante data do Dia do Meio Ambiente, a prefeita Eloisa, a vice Ana Paula e o Secret\u00e1rio da pasta, Mauro Lobato, realizaram o plantio de \u00e1rvores no Bairro Andyara. <\/p>\n\n\n\n<p>A Secretaria planeja o plantio de novas mudas pelo munic\u00edpio. Cuidar do meio ambiente \u00e9 um compromisso com a vida! Fa\u00e7a sua parte, preserve!<\/p>\n","protected":false},"excerpt":{"rendered":"<p>Para celebrar esta importante data do Dia do Meio Ambiente, a prefeita Eloisa, a vice Ana Paula e o Secret\u00e1rio da pasta, Mauro Lobato, realizaram o plantio de \u00e1rvores no Bairro Andyara. A Secretaria planeja o plantio de novas mudas pelo munic\u00edpio. Cuidar do meio ambiente \u00e9 um compromisso com a vida! Fa\u00e7a sua parte, &hellip; <a href=\"https:\/\/arquivo.pedroleopoldo.mg.gov.br\/?p=16845\" class=\"more-link\">Continuar lendo <span class=\"screen-reader-text\">Eloisa e Ana Paula plantam \u00e1rvores no dia do Meio Ambiente<\/span><\/a><\/p>\n","protected":false},"author":1,"featured_media":16850,"comment_status":"closed","ping_status":"closed","sticky":false,"template":"","format":"standard","meta":{"footnotes":""},"categories":[4],"tags":[],"_links":{"self":[{"href":"https:\/\/arquivo.pedroleopoldo.mg.gov.br\/index.php?rest_route=\/wp\/v2\/posts\/16845"}],"collection":[{"href":"https:\/\/arquivo.pedroleopoldo.mg.gov.br\/index.php?rest_route=\/wp\/v2\/posts"}],"about":[{"href":"https:\/\/arquivo.pedroleopoldo.mg.gov.br\/index.php?rest_route=\/wp\/v2\/types\/post"}],"author":[{"embeddable":true,"href":"https:\/\/arquivo.pedroleopoldo.mg.gov.br\/index.php?rest_route=\/wp\/v2\/users\/1"}],"replies":[{"embeddable":true,"href":"https:\/\/arquivo.pedroleopoldo.mg.gov.br\/index.php?rest_route=%2Fwp%2Fv2%2Fcomments&post=16845"}],"version-history":[{"count":0,"href":"https:\/\/arquivo.pedroleopoldo.mg.gov.br\/index.php?rest_route=\/wp\/v2\/posts\/16845\/revisions"}],"wp:featuredmedia":[{"embeddable":true,"href":"https:\/\/arquivo.pedroleopoldo.mg.gov.br\/index.php?rest_route=\/wp\/v2\/media\/16850"}],"wp:attachment":[{"href":"https:\/\/arquivo.pedroleopoldo.mg.gov.br\/index.php?rest_route=%2Fwp%2Fv2%2Fmedia&parent=16845"}],"wp:term":[{"taxonomy":"category","embeddable":true,"href":"https:\/\/arquivo.pedroleopoldo.mg.gov.br\/index.php?rest_route=%2Fwp%2Fv2%2Fcategories&post=16845"},{"taxonomy":"post_tag","embeddable":true,"href":"https:\/\/arquivo.pedroleopoldo.mg.gov.br\/index.php?rest_route=%2Fwp%2Fv2%2Ftags&post=16845"}],"curies":[{"name":"wp","href":"https:\/\/api.w.org\/{rel}","templated":true}]}}