{"id":16829,"date":"2021-06-01T14:17:56","date_gmt":"2021-06-01T17:17:56","guid":{"rendered":"http:\/\/pedroleopoldo.mg.gov.br\/?p=16829"},"modified":"2021-06-01T14:17:59","modified_gmt":"2021-06-01T17:17:59","slug":"educacao","status":"publish","type":"post","link":"https:\/\/arquivo.pedroleopoldo.mg.gov.br\/?p=16829","title":{"rendered":"Educa\u00e7\u00e3o"},"content":{"rendered":"\n<p>A Prefeitura de Pedro Leopoldo, atrav\u00e9s da Secretaria Municipal de Educa\u00e7\u00e3o, iniciou a adapta\u00e7\u00e3o das unidades escolares do munic\u00edpio para quando o retorno das aulas presenciais for poss\u00edvel. A volta ainda n\u00e3o tem previs\u00e3o e est\u00e1 sendo avaliada e pensada com total responsabilidade, visando a garantia de seguran\u00e7a dos alunos e servidores no dia a dia nas escolas do munic\u00edpio.<\/p>\n\n\n\n<p>Salas de aula, espa\u00e7os de uso comum como banheiros, p\u00e1tios, cantinas e demais espa\u00e7os nas institui\u00e7\u00f5es foram demarcados para o distanciamento, al\u00e9m de estarem sendo colocados recipientes de \u00e1lcool gel e todos os demais instrumentos necess\u00e1rios para um poss\u00edvel retorno, ainda sem previs\u00e3o.<\/p>\n\n\n\n<figure class=\"wp-block-gallery columns-3 is-cropped wp-block-gallery-1 is-layout-flex wp-block-gallery-is-layout-flex\"><ul class=\"blocks-gallery-grid\"><li class=\"blocks-gallery-item\"><figure><img decoding=\"async\" loading=\"lazy\" width=\"828\" height=\"605\" src=\"http:\/\/pedroleopoldo.mg.gov.br\/wp-content\/uploads\/2021\/06\/WhatsApp-Image-2021-06-01-at-14.16.11-1-1.jpeg\" alt=\"\" data-id=\"16834\" data-full-url=\"http:\/\/pedroleopoldo.mg.gov.br\/wp-content\/uploads\/2021\/06\/WhatsApp-Image-2021-06-01-at-14.16.11-1-1.jpeg\" data-link=\"http:\/\/pedroleopoldo.mg.gov.br\/?attachment_id=16834\" class=\"wp-image-16834\" srcset=\"https:\/\/arquivo.pedroleopoldo.mg.gov.br\/wp-content\/uploads\/2021\/06\/WhatsApp-Image-2021-06-01-at-14.16.11-1-1.jpeg 828w, https:\/\/arquivo.pedroleopoldo.mg.gov.br\/wp-content\/uploads\/2021\/06\/WhatsApp-Image-2021-06-01-at-14.16.11-1-1-300x219.jpeg 300w, https:\/\/arquivo.pedroleopoldo.mg.gov.br\/wp-content\/uploads\/2021\/06\/WhatsApp-Image-2021-06-01-at-14.16.11-1-1-768x561.jpeg 768w\" sizes=\"(max-width: 828px) 100vw, 828px\" \/><\/figure><\/li><li class=\"blocks-gallery-item\"><figure><img decoding=\"async\" loading=\"lazy\" width=\"828\" height=\"602\" src=\"http:\/\/pedroleopoldo.mg.gov.br\/wp-content\/uploads\/2021\/06\/WhatsApp-Image-2021-06-01-at-14.16.11-2.jpeg\" alt=\"\" data-id=\"16835\" data-full-url=\"http:\/\/pedroleopoldo.mg.gov.br\/wp-content\/uploads\/2021\/06\/WhatsApp-Image-2021-06-01-at-14.16.11-2.jpeg\" data-link=\"http:\/\/pedroleopoldo.mg.gov.br\/?attachment_id=16835\" class=\"wp-image-16835\" srcset=\"https:\/\/arquivo.pedroleopoldo.mg.gov.br\/wp-content\/uploads\/2021\/06\/WhatsApp-Image-2021-06-01-at-14.16.11-2.jpeg 828w, https:\/\/arquivo.pedroleopoldo.mg.gov.br\/wp-content\/uploads\/2021\/06\/WhatsApp-Image-2021-06-01-at-14.16.11-2-300x218.jpeg 300w, https:\/\/arquivo.pedroleopoldo.mg.gov.br\/wp-content\/uploads\/2021\/06\/WhatsApp-Image-2021-06-01-at-14.16.11-2-768x558.jpeg 768w\" sizes=\"(max-width: 828px) 100vw, 828px\" \/><\/figure><\/li><li class=\"blocks-gallery-item\"><figure><img decoding=\"async\" loading=\"lazy\" width=\"828\" height=\"605\" src=\"http:\/\/pedroleopoldo.mg.gov.br\/wp-content\/uploads\/2021\/06\/WhatsApp-Image-2021-06-01-at-14.16.10-1-1.jpeg\" alt=\"\" data-id=\"16836\" data-full-url=\"http:\/\/pedroleopoldo.mg.gov.br\/wp-content\/uploads\/2021\/06\/WhatsApp-Image-2021-06-01-at-14.16.10-1-1.jpeg\" data-link=\"http:\/\/pedroleopoldo.mg.gov.br\/?attachment_id=16836\" class=\"wp-image-16836\" srcset=\"https:\/\/arquivo.pedroleopoldo.mg.gov.br\/wp-content\/uploads\/2021\/06\/WhatsApp-Image-2021-06-01-at-14.16.10-1-1.jpeg 828w, https:\/\/arquivo.pedroleopoldo.mg.gov.br\/wp-content\/uploads\/2021\/06\/WhatsApp-Image-2021-06-01-at-14.16.10-1-1-300x219.jpeg 300w, https:\/\/arquivo.pedroleopoldo.mg.gov.br\/wp-content\/uploads\/2021\/06\/WhatsApp-Image-2021-06-01-at-14.16.10-1-1-768x561.jpeg 768w\" sizes=\"(max-width: 828px) 100vw, 828px\" \/><\/figure><\/li><\/ul><\/figure>\n","protected":false},"excerpt":{"rendered":"<p>A Prefeitura de Pedro Leopoldo, atrav\u00e9s da Secretaria Municipal de Educa\u00e7\u00e3o, iniciou a adapta\u00e7\u00e3o das unidades escolares do munic\u00edpio para quando o retorno das aulas presenciais for poss\u00edvel. A volta ainda n\u00e3o tem previs\u00e3o e est\u00e1 sendo avaliada e pensada com total responsabilidade, visando a garantia de seguran\u00e7a dos alunos e servidores no dia a &hellip; <a href=\"https:\/\/arquivo.pedroleopoldo.mg.gov.br\/?p=16829\" class=\"more-link\">Continuar lendo <span class=\"screen-reader-text\">Educa\u00e7\u00e3o<\/span><\/a><\/p>\n","protected":false},"author":1,"featured_media":16833,"comment_status":"closed","ping_status":"closed","sticky":false,"template":"","format":"standard","meta":{"footnotes":""},"categories":[4],"tags":[],"_links":{"self":[{"href":"https:\/\/arquivo.pedroleopoldo.mg.gov.br\/index.php?rest_route=\/wp\/v2\/posts\/16829"}],"collection":[{"href":"https:\/\/arquivo.pedroleopoldo.mg.gov.br\/index.php?rest_route=\/wp\/v2\/posts"}],"about":[{"href":"https:\/\/arquivo.pedroleopoldo.mg.gov.br\/index.php?rest_route=\/wp\/v2\/types\/post"}],"author":[{"embeddable":true,"href":"https:\/\/arquivo.pedroleopoldo.mg.gov.br\/index.php?rest_route=\/wp\/v2\/users\/1"}],"replies":[{"embeddable":true,"href":"https:\/\/arquivo.pedroleopoldo.mg.gov.br\/index.php?rest_route=%2Fwp%2Fv2%2Fcomments&post=16829"}],"version-history":[{"count":0,"href":"https:\/\/arquivo.pedroleopoldo.mg.gov.br\/index.php?rest_route=\/wp\/v2\/posts\/16829\/revisions"}],"wp:featuredmedia":[{"embeddable":true,"href":"https:\/\/arquivo.pedroleopoldo.mg.gov.br\/index.php?rest_route=\/wp\/v2\/media\/16833"}],"wp:attachment":[{"href":"https:\/\/arquivo.pedroleopoldo.mg.gov.br\/index.php?rest_route=%2Fwp%2Fv2%2Fmedia&parent=16829"}],"wp:term":[{"taxonomy":"category","embeddable":true,"href":"https:\/\/arquivo.pedroleopoldo.mg.gov.br\/index.php?rest_route=%2Fwp%2Fv2%2Fcategories&post=16829"},{"taxonomy":"post_tag","embeddable":true,"href":"https:\/\/arquivo.pedroleopoldo.mg.gov.br\/index.php?rest_route=%2Fwp%2Fv2%2Ftags&post=16829"}],"curies":[{"name":"wp","href":"https:\/\/api.w.org\/{rel}","templated":true}]}}