{"id":16795,"date":"2021-05-28T14:18:58","date_gmt":"2021-05-28T17:18:58","guid":{"rendered":"http:\/\/pedroleopoldo.mg.gov.br\/?p=16795"},"modified":"2021-05-28T14:20:37","modified_gmt":"2021-05-28T17:20:37","slug":"prefeitura-entra-com-acao-contra-vli","status":"publish","type":"post","link":"https:\/\/arquivo.pedroleopoldo.mg.gov.br\/?p=16795","title":{"rendered":"Prefeitura entra com a\u00e7\u00e3o contra VLI"},"content":{"rendered":"\n<p>A Prefeitura Municipal, desde o in\u00edcio deste ano, fez diversas tentativas junto \u00e0 VLI, empresa que controla o transporte ferrovi\u00e1rio de cargas Ferrovia Centro-Atl\u00e2ntica S.A. e Ferrovia Norte-Sul S.A, para que fosse realizada a frequente manuten\u00e7\u00e3o e limpeza da linha f\u00e9rrea em seu per\u00edmetro urbano em Pedro Leopoldo. <\/p>\n\n\n\n<p>Al\u00e9m de deixar a cidade com uma m\u00e1 apar\u00eancia, a falta de cuidado por parte da empresa torna o ambiente prop\u00edcio para aumento da criminalidade, dissemina\u00e7\u00e3o de doen\u00e7as e prolifera\u00e7\u00e3o de animais pe\u00e7onhentos. <\/p>\n\n\n\n<p>Em raz\u00e3o disso, por v\u00e1rias oportunidades (dias 12 e 16 de mar\u00e7o, 01, 07 e 16 de abril) o Munic\u00edpio notificou formalmente a VLI para que realizasse a limpeza. <\/p>\n\n\n\n<p>Como as notifica\u00e7\u00f5es n\u00e3o foram atendidas, no dia 29 de abril o Munic\u00edpio entrou com uma A\u00e7\u00e3o Civil P\u00fablica contra a empresa. Uma audi\u00eancia de concilia\u00e7\u00e3o est\u00e1 designada para o dia 02\/07\/2021.<\/p>\n","protected":false},"excerpt":{"rendered":"<p>A Prefeitura Municipal, desde o in\u00edcio deste ano, fez diversas tentativas junto \u00e0 VLI, empresa que controla o transporte ferrovi\u00e1rio de cargas Ferrovia Centro-Atl\u00e2ntica S.A. e Ferrovia Norte-Sul S.A, para que fosse realizada a frequente manuten\u00e7\u00e3o e limpeza da linha f\u00e9rrea em seu per\u00edmetro urbano em Pedro Leopoldo. Al\u00e9m de deixar a cidade com uma &hellip; <a href=\"https:\/\/arquivo.pedroleopoldo.mg.gov.br\/?p=16795\" class=\"more-link\">Continuar lendo <span class=\"screen-reader-text\">Prefeitura entra com a\u00e7\u00e3o contra VLI<\/span><\/a><\/p>\n","protected":false},"author":1,"featured_media":16796,"comment_status":"closed","ping_status":"closed","sticky":false,"template":"","format":"standard","meta":{"footnotes":""},"categories":[4],"tags":[],"_links":{"self":[{"href":"https:\/\/arquivo.pedroleopoldo.mg.gov.br\/index.php?rest_route=\/wp\/v2\/posts\/16795"}],"collection":[{"href":"https:\/\/arquivo.pedroleopoldo.mg.gov.br\/index.php?rest_route=\/wp\/v2\/posts"}],"about":[{"href":"https:\/\/arquivo.pedroleopoldo.mg.gov.br\/index.php?rest_route=\/wp\/v2\/types\/post"}],"author":[{"embeddable":true,"href":"https:\/\/arquivo.pedroleopoldo.mg.gov.br\/index.php?rest_route=\/wp\/v2\/users\/1"}],"replies":[{"embeddable":true,"href":"https:\/\/arquivo.pedroleopoldo.mg.gov.br\/index.php?rest_route=%2Fwp%2Fv2%2Fcomments&post=16795"}],"version-history":[{"count":0,"href":"https:\/\/arquivo.pedroleopoldo.mg.gov.br\/index.php?rest_route=\/wp\/v2\/posts\/16795\/revisions"}],"wp:featuredmedia":[{"embeddable":true,"href":"https:\/\/arquivo.pedroleopoldo.mg.gov.br\/index.php?rest_route=\/wp\/v2\/media\/16796"}],"wp:attachment":[{"href":"https:\/\/arquivo.pedroleopoldo.mg.gov.br\/index.php?rest_route=%2Fwp%2Fv2%2Fmedia&parent=16795"}],"wp:term":[{"taxonomy":"category","embeddable":true,"href":"https:\/\/arquivo.pedroleopoldo.mg.gov.br\/index.php?rest_route=%2Fwp%2Fv2%2Fcategories&post=16795"},{"taxonomy":"post_tag","embeddable":true,"href":"https:\/\/arquivo.pedroleopoldo.mg.gov.br\/index.php?rest_route=%2Fwp%2Fv2%2Ftags&post=16795"}],"curies":[{"name":"wp","href":"https:\/\/api.w.org\/{rel}","templated":true}]}}